{"id":925,"date":"2017-10-30T11:20:20","date_gmt":"2017-10-30T09:20:20","guid":{"rendered":"http:\/\/meditacoes-da-graca.com\/?p=925"},"modified":"2017-10-31T10:06:31","modified_gmt":"2017-10-31T08:06:31","slug":"graca-x-burnout","status":"publish","type":"post","link":"https:\/\/meditacoes-da-graca.com\/index.php\/2017\/10\/30\/graca-x-burnout\/","title":{"rendered":"GRA\u00c7A x BURNOUT"},"content":{"rendered":"<p>[et_pb_section bb_built=&#8221;1&#8243;][et_pb_row][et_pb_column type=&#8221;4_4&#8243;][et_pb_text _builder_version=&#8221;3.0.59&#8243; background_layout=&#8221;light&#8221; text_orientation=&#8221;center&#8221; border_style=&#8221;solid&#8221; saved_tabs=&#8221;all&#8221;]<\/p>\n<h2 style=\"text-align: center;\"><span style=\"color: #ff6600;\">MEDITA\u00c7\u00d5ES DA GRA\u00c7A DE DEUS<\/span><\/h2>\n<h2 style=\"text-align: center;\">GRA\u00c7A x BURNOUT<\/h2>\n<p>[\/et_pb_text][et_pb_text _builder_version=&#8221;3.0.59&#8243; background_layout=&#8221;light&#8221; text_orientation=&#8221;left&#8221; border_style=&#8221;solid&#8221; saved_tabs=&#8221;all&#8221;]<\/p>\n<p>&nbsp;<\/p>\n<p><span style=\"color: #000000;\">Depende da Gra\u00e7a de Deus por interm\u00e9dio de Jesus Cristo e, no poder do Esp\u00edrito Santo, para enfrentares os desafios da vida sem chegares ao ponto de <em>burnout.<\/em><\/span><\/p>\n<p><span style=\"color: #000000;\">Um orador internacional muito conhecido, <em>Rick Warren, <\/em> numa de suas palestras, disse algo muito simples mas muito real: <strong><em>\u201cNem tudo o que n\u00f3s pensamos \u00e9 verdade.\u201d<\/em><\/strong> \u00a0Sem duvida! Lembra-te disto, seja na \u00e1rea dos relacionamentos ou quaisquer circunstancias e procura antes pensar na Palavra de Deus que \u00e9 real, nas suas promessas para as tuas necessidades e na Sua Gra\u00e7a:<\/span><\/p>\n<p><span style=\"color: #000000;\">Em quest\u00f5es <strong><em>financeiras<\/em><\/strong>:<\/span><\/p>\n<p style=\"text-align: center;\"><span style=\"color: #0000ff;\"><em>Por isso vos digo: N\u00e3o estejais ansiosos quanto \u00e0 vossa vida\u2026<sup>1<\/sup> <\/em><\/span><\/p>\n<p style=\"text-align: center;\"><span style=\"color: #0000ff;\"><em>Porque <strong>vosso Pai celestial sabe<\/strong> que precisais de tudo isso.<sup>2<\/sup>\u00a0 \u00a0\u00a0\u00a0\u00a0\u00a0<\/em><\/span><\/p>\n<p style=\"text-align: center;\"><span style=\"color: #0000ff;\"><em>In\u00fatil vos ser\u00e1 levantar de madrugada, repousar tarde, comer o p\u00e3o que penosamente granjeastes; aos seus amados <strong>ele o d\u00e1 enquanto dormem<\/strong>.<sup>3\u00a0\u00a0\u00a0\u00a0\u00a0\u00a0 <\/sup><\/em><\/span><\/p>\n<p style=\"text-align: center;\"><span style=\"color: #0000ff;\"><em>O p\u00e3o nosso de cada dia <strong>nos d\u00e1 hoje<\/strong>; <sup>4<\/sup> \u00a0\u00a0\u00a0 <\/em><\/span><\/p>\n<p style=\"text-align: center;\"><span style=\"color: #3366ff;\"><em><span style=\"color: #0000ff;\">O meu Deus <strong>suprir\u00e1 todas<\/strong> as necessidades de voc\u00eas, de acordo com as suas gloriosas riquezas em Cristo Jesus.<\/span><sup><span style=\"color: #0000ff;\">5\u00a0\u00a0\u00a0\u00a0\u00a0\u00a0\u00a0\u00a0<\/span> <\/sup><\/em><\/span><\/p>\n<p>&nbsp;<\/p>\n<p><span style=\"color: #000000;\"><strong><em>Confia<\/em><\/strong> os teus <strong><em>filhos<\/em><\/strong> aos cuidados do Senhor:<\/span><\/p>\n<p style=\"text-align: center;\"><span style=\"color: #0000ff;\"><em>Instrui o meni<strong>no<\/strong> no <strong>caminho<\/strong> em <strong>que<\/strong> <strong>deve<\/strong> <strong>andar<\/strong>,<\/em><\/span><\/p>\n<p style=\"text-align: center;\"><span style=\"color: #0000ff;\"><em> e at\u00e9 quando envelhecer n\u00e3o se desviar\u00e1 dele.<sup>6\u00a0\u00a0\u00a0\u00a0\u00a0\u00a0\u00a0\u00a0\u00a0\u00a0\u00a0\u00a0\u00a0\u00a0\u00a0\u00a0 <\/sup><\/em><\/span><\/p>\n<p style=\"text-align: center;\"><span style=\"color: #0000ff;\"><strong><em>Cr\u00ea<\/em><\/strong><em> no Senhor Jesus e <strong>ser\u00e1s<\/strong> <strong>salvo<\/strong>, <strong>tu<\/strong> e <strong>tua<\/strong> <strong>casa<\/strong>.<sup>7<\/sup><\/em><\/span><\/p>\n<p style=\"text-align: center;\"><span style=\"color: #000000;\"><span style=\"color: #0000ff;\"><strong><em>Heran\u00e7a<\/em><\/strong><\/span><em><span style=\"color: #0000ff;\"> do SENHOR s\u00e3o <strong>os filhos<\/strong>; o fruto do ventre, seu<strong> galard\u00e3o<\/strong>\u2026<\/span><sup><span style=\"color: #0000ff;\">8\u00a0\u00a0\u00a0\u00a0\u00a0<\/span>\u00a0\u00a0\u00a0\u00a0\u00a0 <\/sup><\/em><\/span><\/p>\n<p>&nbsp;<\/p>\n<p><span style=\"color: #000000;\"><strong><em>Depende <\/em><\/strong>de Deus para edificar o teu <strong><em>casamento:<\/em><\/strong><\/span><\/p>\n<p style=\"text-align: center;\"><span style=\"color: #0000ff;\"><em>Se o SENHOR n\u00e3o edificar a casa, em v\u00e3o trabalham os que a edificam;<sup>9\u00a0\u00a0\u00a0\u00a0\u00a0\u00a0\u00a0\u00a0 <\/sup><\/em><\/span><\/p>\n<p style=\"text-align: center;\"><span style=\"color: #0000ff;\"><em>O amor tudo sofre, tudo cr\u00ea, tudo espera, tudo suporta.<sup>10\u00a0\u00a0\u00a0\u00a0\u00a0\u00a0\u00a0\u00a0 <\/sup><\/em><\/span><\/p>\n<p style=\"text-align: center;\"><span style=\"color: #0000ff;\"><em>Antes sede gentis (bondosos) uns para com os outros, compassivos, perdoando-vos uns aos outros, <\/em><\/span><\/p>\n<p style=\"text-align: center;\"><span style=\"color: #0000ff;\"><em>como tamb\u00e9m Deus vos perdoou em Cristo.<sup>11\u00a0\u00a0\u00a0\u00a0\u00a0\u00a0 <\/sup><\/em><\/span><\/p>\n<p style=\"text-align: center;\"><span style=\"color: #0000ff;\"><em>Cada um cuide, n\u00e3o somente dos seus interesses,\u00a0<\/em><\/span><em style=\"color: #0000ff; line-height: inherit;\">mas tamb\u00e9m dos interesses dos outros.<sup>12 \u00a0 \u00a0 \u00a0 \u00a0 \u00a0 \u00a0<\/sup><\/em><\/p>\n<p>&nbsp;<\/p>\n<p><span style=\"color: #000000;\">Recebe da <strong><em>gra\u00e7a de Deus<\/em><\/strong> para enfrentares <strong><em>os desafios da vida<\/em><\/strong><\/span><\/p>\n<p style=\"text-align: center;\"><span style=\"color: #0000ff;\"><em>\u201cAntes crescei na <strong>gra\u00e7a<\/strong> e no <strong>conhecimento<\/strong>\u2026\u201d<sup>13\u00a0\u00a0\u00a0\u00a0\u00a0\u00a0\u00a0\u00a0\u00a0\u00a0 <\/sup><\/em><\/span><\/p>\n<p style=\"text-align: center;\"><span style=\"color: #0000ff;\"><em>A <strong>minha<\/strong> <strong>gra\u00e7a<\/strong> <strong>te<\/strong> <strong>basta<\/strong>, porque o meu poder se <strong>aperfei\u00e7oa na fraqueza<\/strong>.<sup>14\u00a0\u00a0\u00a0\u00a0\u00a0\u00a0\u00a0\u00a0\u00a0\u00a0\u00a0\u00a0\u00a0\u00a0\u00a0\u00a0\u00a0\u00a0\u00a0\u00a0\u00a0\u00a0 <\/sup>\u00a0<\/em><\/span><\/p>\n<p><span style=\"color: #ff6600;\">Ora\u00e7\u00e3o:<em> Vem Esp\u00edrito Santo de Deus ensinar-me na Gra\u00e7a e no conhecimento em Cristo Jesus. Vem ajudar-me a depender da tua Gra\u00e7a, no teu poder para vencer as dificuldades da vida, enfrentar as \u2018montanhas\u2019, atravessar \u2018rios\u2019 e \u2018mares\u2019&#8230; Guia os meus passos em todos os teus caminhos \u2013 o teu caminho \u00e9 perfeito! Obrigado Senhor meu Deus.<br \/>\n<\/em><\/span><span style=\"color: #000000;\"><sup>1<\/sup>Mateus 6:25 ; <sup>2<\/sup>Mateus 6:32b AA; <sup>3<\/sup>Salmo 127:2 RA; <sup>4<\/sup>Mateus 6:11 AA; <sup>5<\/sup>Filipenses 4:19 NVI; <sup>6<\/sup>Proverbios 22:6 AA; <sup>7<\/sup>Atos 16:31; <sup>8<\/sup>Salmo 127:3-5 RA; <sup>9<\/sup>Salmo 127:1 RA; <sup>10<\/sup>ICor.13:7;<\/span><span style=\"color: #000000;\"><sup>11<\/sup>Ef\u00e9sios 4:32; <sup>12<\/sup>Filipenses 2:4 NVI; <sup>13<\/sup>2 Pedro 3:18; <sup>14<\/sup>2 Corintios 12:9<\/span><\/p>\n<p>[\/et_pb_text][et_pb_text _builder_version=&#8221;3.0.59&#8243; background_layout=&#8221;light&#8221; text_orientation=&#8221;center&#8221; border_style=&#8221;solid&#8221; saved_tabs=&#8221;all&#8221;]<\/p>\n<p style=\"text-align: center;\"><span style=\"color: #000000;\">Medita na Gra\u00e7a de Deus &#8211; Am\u00e9lia Moinheiro<\/span><\/p>\n<p>[\/et_pb_text][\/et_pb_column][\/et_pb_row][\/et_pb_section]<\/p>\n","protected":false},"excerpt":{"rendered":"<p><div class=\"et_pb_row et_pb_row_0 et_pb_row_empty\">\n\t\t\t\t\n\t\t\t\t\n\t\t\t\t\n\t\t\t\t\n\t\t\t\t\n\t\t\t<\/div> MEDITA\u00c7\u00d5ES DA GRA\u00c7A DE DEUS GRA\u00c7A x BURNOUT &nbsp; Depende da Gra\u00e7a de Deus por interm\u00e9dio de Jesus Cristo e, no poder do Esp\u00edrito Santo, para enfrentares os desafios da vida sem chegares ao ponto de burnout. Um orador internacional muito conhecido, Rick Warren, numa de suas palestras, disse algo muito simples mas muito [&hellip;]<\/p>\n","protected":false},"author":4,"featured_media":0,"comment_status":"open","ping_status":"open","sticky":false,"template":"","format":"standard","meta":{"_et_pb_use_builder":"on","_et_pb_old_content":"","_et_gb_content_width":"","footnotes":""},"categories":[25],"tags":[],"class_list":["post-925","post","type-post","status-publish","format-standard","hentry","category-a-mente-depressao-esgotamento"],"_links":{"self":[{"href":"https:\/\/meditacoes-da-graca.com\/index.php\/wp-json\/wp\/v2\/posts\/925","targetHints":{"allow":["GET"]}}],"collection":[{"href":"https:\/\/meditacoes-da-graca.com\/index.php\/wp-json\/wp\/v2\/posts"}],"about":[{"href":"https:\/\/meditacoes-da-graca.com\/index.php\/wp-json\/wp\/v2\/types\/post"}],"author":[{"embeddable":true,"href":"https:\/\/meditacoes-da-graca.com\/index.php\/wp-json\/wp\/v2\/users\/4"}],"replies":[{"embeddable":true,"href":"https:\/\/meditacoes-da-graca.com\/index.php\/wp-json\/wp\/v2\/comments?post=925"}],"version-history":[{"count":5,"href":"https:\/\/meditacoes-da-graca.com\/index.php\/wp-json\/wp\/v2\/posts\/925\/revisions"}],"predecessor-version":[{"id":948,"href":"https:\/\/meditacoes-da-graca.com\/index.php\/wp-json\/wp\/v2\/posts\/925\/revisions\/948"}],"wp:attachment":[{"href":"https:\/\/meditacoes-da-graca.com\/index.php\/wp-json\/wp\/v2\/media?parent=925"}],"wp:term":[{"taxonomy":"category","embeddable":true,"href":"https:\/\/meditacoes-da-graca.com\/index.php\/wp-json\/wp\/v2\/categories?post=925"},{"taxonomy":"post_tag","embeddable":true,"href":"https:\/\/meditacoes-da-graca.com\/index.php\/wp-json\/wp\/v2\/tags?post=925"}],"curies":[{"name":"wp","href":"https:\/\/api.w.org\/{rel}","templated":true}]}}