{"id":920,"date":"2017-10-29T15:31:29","date_gmt":"2017-10-29T13:31:29","guid":{"rendered":"http:\/\/meditacoes-da-graca.com\/?p=920"},"modified":"2017-10-31T11:37:46","modified_gmt":"2017-10-31T09:37:46","slug":"os-que-choram","status":"publish","type":"post","link":"https:\/\/meditacoes-da-graca.com\/index.php\/2017\/10\/29\/os-que-choram\/","title":{"rendered":"&#8230; OS QUE CHORAM"},"content":{"rendered":"<p>[et_pb_section bb_built=&#8221;1&#8243;][et_pb_row][et_pb_column type=&#8221;4_4&#8243;][et_pb_text _builder_version=&#8221;3.0.59&#8243; background_layout=&#8221;light&#8221; text_orientation=&#8221;center&#8221; border_style=&#8221;solid&#8221; saved_tabs=&#8221;all&#8221;]<\/p>\n<h2><span style=\"color: #ff6600;\">MEDITA\u00c7\u00d5ES DA GRA\u00c7A DE DEUS<\/span><\/h2>\n<h2>&#8230; OS QUE CHORAM<\/h2>\n<p>[\/et_pb_text][et_pb_text _builder_version=&#8221;3.0.59&#8243; background_layout=&#8221;light&#8221; text_orientation=&#8221;left&#8221; border_style=&#8221;solid&#8221; saved_tabs=&#8221;all&#8221;]<\/p>\n<p>&nbsp;<\/p>\n<p style=\"text-align: center;\"><em>\u00a0<\/em><span style=\"color: #3366ff;\"><strong><em>Aben\u00e7oados<sup>1<\/sup><\/em><\/strong><em> os que <strong>choram<\/strong>, pois ser\u00e3o <strong>consolados<\/strong>.<sup>2<\/sup><\/em><\/span><\/p>\n<p style=\"text-align: center;\"><span style=\"color: #0000ff;\"><strong><em>Felizes<\/em><\/strong><em> as pessoas que <strong>choram<\/strong>, pois <strong>Deus as consolar\u00e1<\/strong>.<sup>3 <\/sup><\/em><\/span><\/p>\n<p><span style=\"color: #000000;\"><br \/>\nQue significa isto <em>\u2018Aben\u00e7oados os que choram\u2019 <\/em> ou \u2018<em>Felizes os que choram\u2019?<\/em> Ser\u00e1 mesmo que chorar faz com que se seja aben\u00e7oado? Como \u00e9 que algu\u00e9m pode ser feliz e chorar ao mesmo tempo? Quem foi que o disse foi o pr\u00f3prio Jesus no serm\u00e3o da montanha.<\/span><\/p>\n<p><span style=\"color: #000000;\">N\u00f3s choramos quando estamos tristes, quando sofremos perdas, quando enfrentamos calamidades, trag\u00e9dias ou grandes dificuldades na vida, desapontamentos. <strong>Chorar<\/strong> \u00e9 uma <strong>emo\u00e7\u00e3o <\/strong>resultante de uma tristeza. Sabias que Deus tem cuidado das tuas emo\u00e7\u00f5es?<\/span><\/p>\n<p><span style=\"color: #000000;\">Segundo a escritura b\u00edblica acima, aqueles que choram s\u00e3o <strong><em>aben\u00e7oados<\/em><\/strong> <strong><em>e consolados<\/em><\/strong>.\u00a0\u00a0 Que tipo de choro \u00e9 este?<\/span><\/p>\n<p><span style=\"color: #000000;\">Conheces o choro:<\/span><\/p>\n<p style=\"text-align: center;\"><span style=\"color: #000000;\"><em>Quando entristeces-te porque falhaste em alguma \u00e1rea na tua vida?<br \/>\n<\/em><\/span><span style=\"color: #000000;\"><em>Quando magoaste ou foste magoado por algu\u00e9m que amas?<br \/>\n<\/em><\/span><span style=\"color: #000000;\"><em>Quando experimentas a dor dentro de ti ao seres moldado e transformado?<br \/>\n<\/em><\/span><span style=\"color: #000000;\"><em>Quando passas pelas \u2018fornalhas\u2019 da vida?<br \/>\n<\/em><\/span><span style=\"color: #000000;\"><em>Quando sentes-te triste por veres algum parente ou amigo a viver em pecado?<br \/>\n<\/em><\/span><span style=\"color: #000000;\"><em>Quando sofreste perdas em tua vida?<\/em><\/span><\/p>\n<p><span style=\"color: #000000;\"><br \/>\nQuando choras triste por tuas falhas, arrependido por algo que tenhas feito errado ou por perdas em tua vida, a tristeza que te leva a Deus e que gera em ti a tua depend\u00eancia n\u2019Ele, \u00e9 o que resulta em seres aben\u00e7oado e, na tua dor, <strong><em>\u00e9 Deus quem te consola<\/em><\/strong>. Mesmo quando tenhas falhado, o ires a Ele com cora\u00e7\u00e3o arrependido, Ele perdoa-te, depois aben\u00e7oa-te e por fim consola-te, na Sua Gra\u00e7a!<\/p>\n<p><\/span><\/p>\n<p style=\"text-align: center;\"><span style=\"color: #3366ff;\"><em>\u201cPorque ele me ungiu \u2026 para <strong>libertar os oprimidos<\/strong> e <\/em><\/span><span style=\"color: #3366ff;\"><em>proclamar o ano da <strong>gra\u00e7a <\/strong>do Senhor.\u201d<sup> 4 <\/sup><\/em><\/span><\/p>\n<p style=\"text-align: center;\"><span style=\"color: #0000ff;\"><em>\u201cUm <strong>cora\u00e7\u00e3o quebrantado e contrito<\/strong>,\u00f3 Deus, n\u00e3o desprezar\u00e1s.\u201d <sup>5<\/sup> <\/em><\/span><\/p>\n<p><span style=\"color: #ff6600;\">Ora\u00e7\u00e3o:<em> Senhor meu Deus, tu me aben\u00e7oas e consolas quando choro diante de Ti, quando trago junto do Teu Trono todos os meus pesares e confio em Ti para me ajudares. Eu entrego a ti Senhor os meus cuidados, todas as minhas dores, sara-me Senhor de toda a dor seja f\u00edsica ou emocional. Vem com o teu Santo Esp\u00edrito me ungir trazendo cura, liberta\u00e7\u00e3o. Consola-me Senhor com a Tua Presen\u00e7a, em nome de Jesus, \u00c1men! A Tua Gra\u00e7a me basta!<\/em><\/span><\/p>\n<p><span style=\"color: #000000;\"><sup>1 <\/sup>Bem-aventurados; <sup>2<\/sup>Mateus 5:4 NVI; <sup>3<\/sup>Mateus 5:4 NTLH; <sup>4<\/sup> Lucas 4:18,19; <sup>5<\/sup>Salmos 51:17b<\/span><\/p>\n<p>[\/et_pb_text][et_pb_text _builder_version=&#8221;3.0.59&#8243; background_layout=&#8221;light&#8221; text_orientation=&#8221;center&#8221; border_style=&#8221;solid&#8221; saved_tabs=&#8221;all&#8221;]<\/p>\n<p>Medita na Gra\u00e7a de Deus &#8211; Am\u00e9lia Moinheiro<\/p>\n<p>[\/et_pb_text][\/et_pb_column][\/et_pb_row][\/et_pb_section]<\/p>\n","protected":false},"excerpt":{"rendered":"<p><div class=\"et_pb_row et_pb_row_0 et_pb_row_empty\">\n\t\t\t\t\n\t\t\t\t\n\t\t\t\t\n\t\t\t\t\n\t\t\t\t\n\t\t\t<\/div> MEDITA\u00c7\u00d5ES DA GRA\u00c7A DE DEUS &#8230; OS QUE CHORAM &nbsp; \u00a0Aben\u00e7oados1 os que choram, pois ser\u00e3o consolados.2 Felizes as pessoas que choram, pois Deus as consolar\u00e1.3 Que significa isto \u2018Aben\u00e7oados os que choram\u2019 ou \u2018Felizes os que choram\u2019? Ser\u00e1 mesmo que chorar faz com que se seja aben\u00e7oado? Como \u00e9 que algu\u00e9m pode ser [&hellip;]<\/p>\n","protected":false},"author":4,"featured_media":0,"comment_status":"open","ping_status":"open","sticky":false,"template":"","format":"standard","meta":{"_et_pb_use_builder":"on","_et_pb_old_content":"","_et_gb_content_width":"","footnotes":""},"categories":[26],"tags":[],"class_list":["post-920","post","type-post","status-publish","format-standard","hentry","category-conforto"],"_links":{"self":[{"href":"https:\/\/meditacoes-da-graca.com\/index.php\/wp-json\/wp\/v2\/posts\/920","targetHints":{"allow":["GET"]}}],"collection":[{"href":"https:\/\/meditacoes-da-graca.com\/index.php\/wp-json\/wp\/v2\/posts"}],"about":[{"href":"https:\/\/meditacoes-da-graca.com\/index.php\/wp-json\/wp\/v2\/types\/post"}],"author":[{"embeddable":true,"href":"https:\/\/meditacoes-da-graca.com\/index.php\/wp-json\/wp\/v2\/users\/4"}],"replies":[{"embeddable":true,"href":"https:\/\/meditacoes-da-graca.com\/index.php\/wp-json\/wp\/v2\/comments?post=920"}],"version-history":[{"count":7,"href":"https:\/\/meditacoes-da-graca.com\/index.php\/wp-json\/wp\/v2\/posts\/920\/revisions"}],"predecessor-version":[{"id":958,"href":"https:\/\/meditacoes-da-graca.com\/index.php\/wp-json\/wp\/v2\/posts\/920\/revisions\/958"}],"wp:attachment":[{"href":"https:\/\/meditacoes-da-graca.com\/index.php\/wp-json\/wp\/v2\/media?parent=920"}],"wp:term":[{"taxonomy":"category","embeddable":true,"href":"https:\/\/meditacoes-da-graca.com\/index.php\/wp-json\/wp\/v2\/categories?post=920"},{"taxonomy":"post_tag","embeddable":true,"href":"https:\/\/meditacoes-da-graca.com\/index.php\/wp-json\/wp\/v2\/tags?post=920"}],"curies":[{"name":"wp","href":"https:\/\/api.w.org\/{rel}","templated":true}]}}