{"id":782,"date":"2017-08-30T09:12:58","date_gmt":"2017-08-30T07:12:58","guid":{"rendered":"http:\/\/meditacoes-da-graca.com\/?p=782"},"modified":"2017-08-31T10:31:36","modified_gmt":"2017-08-31T08:31:36","slug":"fala-com-deus","status":"publish","type":"post","link":"https:\/\/meditacoes-da-graca.com\/index.php\/2017\/08\/30\/fala-com-deus\/","title":{"rendered":"FALA COM DEUS&#8230;"},"content":{"rendered":"<p>[et_pb_section bb_built=&#8221;1&#8243;][et_pb_row][et_pb_column type=&#8221;4_4&#8243;][et_pb_text _builder_version=&#8221;3.0.59&#8243; background_layout=&#8221;light&#8221; text_orientation=&#8221;center&#8221; border_style=&#8221;solid&#8221;]<\/p>\n<h2><span style=\"color: #ff6600;\">MEDITA\u00c7\u00d5ES DA GRA\u00c7A DE DEUS<\/span><\/h2>\n<h2>FALA COM DEUS&#8230;<\/h2>\n<p>[\/et_pb_text][et_pb_text _builder_version=&#8221;3.0.59&#8243; background_layout=&#8221;light&#8221; text_orientation=&#8221;left&#8221; border_style=&#8221;solid&#8221;]<\/p>\n<p style=\"text-align: center;\"><span style=\"color: #333399;\"><em>\u201cAntes de tudo, recomendo que se fa\u00e7am s\u00faplicas, ora\u00e7\u00f5es, intercess\u00f5es e a\u00e7\u00f5es de gra\u00e7as \u2026\u201d 1<\/em><\/span><\/p>\n<p style=\"text-align: center;\"><span style=\"color: #333399;\"><em>\u201cOrem continuamente. 2 Fiquem vigiando e orem sempre.\u201d 3<\/em><\/span><\/p>\n<p style=\"text-align: center;\"><span style=\"color: #333399;\"><em>\u201cNoite e dia insistimos em orar \u2026\u201d 4<\/em><\/span><\/p>\n<p style=\"text-align: center;\"><span style=\"color: #333399;\"><em>\u201cO que fala em outra l\u00edngua a si mesmo se edifica\u201d.5<\/em><\/span><\/p>\n<p style=\"text-align: center;\"><span style=\"color: #333399;\"><em>\u201cOrem no Esp\u00edrito em todas as ocasi\u00f5es\u201d. 6<\/em><\/span><\/p>\n<p style=\"text-align: center;\"><span style=\"color: #333399;\"><em>\u201cO mesmo Esp\u00edrito intercede por n\u00f3s com gemidos inexprim\u00edveis\u201d. 7<\/em><\/span><\/p>\n<p>Os disc\u00edpulos pediram a Jesus que lhes ensinasse a orar. Orar \u00e9 falar, conversar com Deus. Podemos e devemos conversar com Deus constantemente. Deus deseja ter um relacionamento conversacional connosco. Em todos os momentos do teu dia, podes estar a falar com Deus, a contar-lhe as tuas dificuldades, pedir-lhe ajuda nas coisas que nao entendes, a dar-lhe gra\u00e7as pelo seu amor, a render-lhe o teu louvor ou devo\u00e7\u00e3o.<\/p>\n<p>Fomos ainda ensinados a orarmos sempre no Esp\u00edrito, a terceira pessoa da Trindade. Quando o Espirito Santo desceu no dia de Pentecoste, eles falaram em l\u00ednguas que n\u00e3o conheciam. Orar no Esp\u00edrito, \u00e9 orarmos em l\u00ednguas que n\u00e3o conhecemos, conforme o Esp\u00edrito nos d\u00e1 ousadia. Ele intercede atrav\u00e9s de n\u00f3s e assim somos edificados. Ele sabe melhor como orar. \u00c9 a linguagem celestial.<\/p>\n<p><em><strong>OBSERVA\u00c7\u00c3O:<\/strong><\/em><\/p>\n<p><em>A natureza da Trindade permite a comunica\u00e7\u00e3o entre os seus membros. Vemos Jesus em constante ora\u00e7\u00e3o com o Pai. Durante o dia ou \u00e0 noite, Ele orava e falava com o Pai em todas as circunstancias, fossem de: a\u00e7\u00e3o de gra\u00e7as, em procurar a Sua vontade, em situa\u00e7\u00f5es de perigo\u2026 enfim. Vemos ainda a sua constante liga\u00e7\u00e3o no Poder do Esp\u00edrito Santo, sendo guiado pelo Esp\u00edrito, sua depend\u00eancia na revela\u00e7\u00e3o do Esp\u00edrito Santo em todos os momentos. Jesus veio dar-nos o exemplo da nossa necessidade e depend\u00eancia na Trindade , no Pai, no Filho e no Esp\u00edrito Santo!<\/em><\/p>\n<p><span style=\"color: #ff6600;\">Ora\u00e7\u00e3o:<\/span><em><span style=\"color: #ff6600;\"> Senhor Deus, eu desejo estar em constante comunh\u00e3o contigo em ora\u00e7\u00e3o, em a\u00e7\u00e3o de gra\u00e7as. Ensina-me a depender inteiramente em Ti, a orar no Esp\u00edrito. Vem me encher com o teu Esp\u00edrito Santo, em nome de Jesus, \u00c1men.<\/span><\/em><\/p>\n<p>1 I Tim\u00f3teo 2:1 NVI; 2 I Tessalonicenses 5:17 NVI; 3 Lucas 21:36 NTLH; 4 I Tess. 3:10 NVI; 5 I Cor\u00edntios 14:4 RA; 6 Ef\u00e9sios 6:18 NVI; 7 Romanos 8:26,27 AEC<\/p>\n<p>[\/et_pb_text][et_pb_text _builder_version=&#8221;3.0.59&#8243; background_layout=&#8221;light&#8221; text_orientation=&#8221;center&#8221; border_style=&#8221;solid&#8221;]<\/p>\n<p>Medita na Gra\u00e7a de Deus &#8211; Am\u00e9lia Moinheiro<\/p>\n<p>[\/et_pb_text][\/et_pb_column][\/et_pb_row][\/et_pb_section]<\/p>\n","protected":false},"excerpt":{"rendered":"<p><div class=\"et_pb_row et_pb_row_0 et_pb_row_empty\">\n\t\t\t\t\n\t\t\t\t\n\t\t\t\t\n\t\t\t\t\n\t\t\t\t\n\t\t\t<\/div> MEDITA\u00c7\u00d5ES DA GRA\u00c7A DE DEUS FALA COM DEUS&#8230; \u201cAntes de tudo, recomendo que se fa\u00e7am s\u00faplicas, ora\u00e7\u00f5es, intercess\u00f5es e a\u00e7\u00f5es de gra\u00e7as \u2026\u201d 1 \u201cOrem continuamente. 2 Fiquem vigiando e orem sempre.\u201d 3 \u201cNoite e dia insistimos em orar \u2026\u201d 4 \u201cO que fala em outra l\u00edngua a si mesmo se edifica\u201d.5 \u201cOrem no [&hellip;]<\/p>\n","protected":false},"author":2,"featured_media":0,"comment_status":"open","ping_status":"open","sticky":false,"template":"","format":"standard","meta":{"_et_pb_use_builder":"on","_et_pb_old_content":"","_et_gb_content_width":"","footnotes":""},"categories":[31],"tags":[],"class_list":["post-782","post","type-post","status-publish","format-standard","hentry","category-como-orar"],"_links":{"self":[{"href":"https:\/\/meditacoes-da-graca.com\/index.php\/wp-json\/wp\/v2\/posts\/782","targetHints":{"allow":["GET"]}}],"collection":[{"href":"https:\/\/meditacoes-da-graca.com\/index.php\/wp-json\/wp\/v2\/posts"}],"about":[{"href":"https:\/\/meditacoes-da-graca.com\/index.php\/wp-json\/wp\/v2\/types\/post"}],"author":[{"embeddable":true,"href":"https:\/\/meditacoes-da-graca.com\/index.php\/wp-json\/wp\/v2\/users\/2"}],"replies":[{"embeddable":true,"href":"https:\/\/meditacoes-da-graca.com\/index.php\/wp-json\/wp\/v2\/comments?post=782"}],"version-history":[{"count":1,"href":"https:\/\/meditacoes-da-graca.com\/index.php\/wp-json\/wp\/v2\/posts\/782\/revisions"}],"predecessor-version":[{"id":783,"href":"https:\/\/meditacoes-da-graca.com\/index.php\/wp-json\/wp\/v2\/posts\/782\/revisions\/783"}],"wp:attachment":[{"href":"https:\/\/meditacoes-da-graca.com\/index.php\/wp-json\/wp\/v2\/media?parent=782"}],"wp:term":[{"taxonomy":"category","embeddable":true,"href":"https:\/\/meditacoes-da-graca.com\/index.php\/wp-json\/wp\/v2\/categories?post=782"},{"taxonomy":"post_tag","embeddable":true,"href":"https:\/\/meditacoes-da-graca.com\/index.php\/wp-json\/wp\/v2\/tags?post=782"}],"curies":[{"name":"wp","href":"https:\/\/api.w.org\/{rel}","templated":true}]}}