{"id":779,"date":"2017-08-31T09:48:58","date_gmt":"2017-08-31T07:48:58","guid":{"rendered":"http:\/\/meditacoes-da-graca.com\/?p=779"},"modified":"2017-10-16T09:26:48","modified_gmt":"2017-10-16T07:26:48","slug":"agenda-do-dia","status":"publish","type":"post","link":"https:\/\/meditacoes-da-graca.com\/index.php\/2017\/08\/31\/agenda-do-dia\/","title":{"rendered":"AGENDA DO DIA"},"content":{"rendered":"<p>[et_pb_section bb_built=&#8221;1&#8243;][et_pb_row][et_pb_column type=&#8221;4_4&#8243;][et_pb_text _builder_version=&#8221;3.0.59&#8243; background_layout=&#8221;light&#8221; text_orientation=&#8221;center&#8221; border_style=&#8221;solid&#8221; saved_tabs=&#8221;all&#8221;]<\/p>\n<h2><span style=\"color: #ff6600;\">MEDITA\u00c7\u00d5ES DA GRA\u00c7A DE DEUS<\/span><\/h2>\n<h2>AGENDA DO DIA<\/h2>\n<p>[\/et_pb_text][et_pb_text _builder_version=&#8221;3.0.59&#8243; background_layout=&#8221;light&#8221; text_orientation=&#8221;left&#8221; border_style=&#8221;solid&#8221;]<\/p>\n<p style=\"text-align: center;\"><em><span style=\"color: #333399;\">\u201cN\u00e3o adianta trabalhar demais para ganhar o p\u00e3o, levantando cedo e deitando tarde, pois \u00e9 Deus quem d\u00e1 o sustento aos que ele ama, mesmo quando est\u00e3o dormindo.\u201d 1<\/span><\/em><\/p>\n<p>Durante a noite, enquanto descansas, durante o teu mais profundo sono, Deus trabalha para ti. Enquanto descansas n\u2019Ele, Deus vai movendo montanhas, abrindo novos caminhos para poderes passar.<\/p>\n<p>Ao acordares pela manh\u00e3, antes de iniciares o dia, convida o Esp\u00edrito Santo para te orientar com a tua agenda para o dia. Lembra-te que o Esp\u00edrito Santo foi enviado para estar junto de ti sempre, Ele \u00e9 o teu ajudador, conselheiro, defensor, o professor que te ensina tudo, o consolador, aquele que te guia te ilumina. O Esp\u00edrito Santo \u00e9 a terceira pessoa da Trindade, Ele \u00e9 Deus.<\/p>\n<p>Come\u00e7a o teu dia sendo guiado pelo Esp\u00edrito Santo de Deus:<\/p>\n<p style=\"text-align: center;\"><em><span style=\"color: #ff6600;\">Ora\u00e7\u00e3o matinal:<\/span><\/em><\/p>\n<p style=\"text-align: center;\"><em><span style=\"color: #ff6600;\">Bom dia Precioso Esp\u00edrito Santo de Deus! Bom dia Jesus, meu Senhor, Bom dia meu Deus e querido Pai! Obrigado por esta noite, por este descanso que me deste. Obrigado por um novo dia, mais uma oportunidade que me d\u00e1s de viver, de experimentar a tua Palavra e fazer a tua vontade! Eu te louvo, e engrande\u00e7o o teu nome pelo teu amor por mim e a tua miseric\u00f3rdia que se renova por mim a cada manh\u00e3! (2)<\/span><\/em><\/p>\n<p style=\"text-align: center;\"><em><span style=\"color: #ff6600;\">Santo Esp\u00edrito de Deus, desejo estar em comunh\u00e3o contigo o dia todo! (3). Vem me guiar e orientar com o decorrer deste dia. Eu submeto a minha agenda do dia a ti. Senhor, tens algo planeado que n\u00e3o se encontra na minha agenda ou algo que necessite ser retirado?<\/span><\/em><\/p>\n<p style=\"text-align: center;\"><em><span style=\"color: #ff6600;\">Vem me dirigir os passos, vem falar ao meu cora\u00e7\u00e3o, vem me iluminar e ensinar como melhor realizar os projetos que se me apresentam. Santo Esp\u00edrito de Deus, fortalece-me pelo teu poder para enfrentar as \u2018montanhas\u2019 diante de mim, as dificuldades que parecem maiores do que eu. Ajuda-me a atravessar pelos \u2018vales\u2019 da vida e n\u00e3o temer, pois tu est\u00e1s comigo! (4)<\/span><\/em><\/p>\n<p style=\"text-align: center;\"><em><span style=\"color: #ff6600;\">Querido Esp\u00edrito Santo, \u00e9s meu defensor, (5) vem me defender contra qualquer acusa\u00e7\u00e3o, ataque dos que procuram o meu mal. Defende-me do sentimento de culpa e da m\u00e1 consci\u00eancia, lembra-me da minha justifica\u00e7\u00e3o em Jesus Cristo, do amor de Deus Pai por mim!<\/span><\/em><\/p>\n<p style=\"text-align: center;\"><em><span style=\"color: #ff6600;\">Vem Esp\u00edrito Santo de Deus ajudar-me a permanecer <\/span><\/em><em><span style=\"color: #ff6600;\">em constante comunh\u00e3o contigo!<\/span><\/em><\/p>\n<p>E durante o dia, nessa comunh\u00e3o com o Esp\u00edrito Santo, ouve o que Ele te diz ao cora\u00e7\u00e3o. Lembra-te \u2018comunh\u00e3o\u2019 \u00e9 entre duas pessoas, \u00e9 um di\u00e1logo, n\u00e3o mon\u00f3logo.<\/p>\n<p>1Salmo 127:2 NTLH; (2)Lamenta\u00e7\u00f5es 3:22,23; (3)2 Cor\u00edntios 13:14; (4) Salmo 23; (5) Jo\u00e3o 14:16 grego: \u2018paracletos\u2019- advogado, defensor.<\/p>\n<p>[\/et_pb_text][et_pb_text _builder_version=&#8221;3.0.59&#8243; background_layout=&#8221;light&#8221; text_orientation=&#8221;center&#8221; border_style=&#8221;solid&#8221; saved_tabs=&#8221;all&#8221;]<\/p>\n<p>Medita na Gra\u00e7a de Deus &#8211; Am\u00e9lia Moinheiro<\/p>\n<p>[\/et_pb_text][\/et_pb_column][\/et_pb_row][\/et_pb_section]<\/p>\n","protected":false},"excerpt":{"rendered":"<p><div class=\"et_pb_row et_pb_row_0 et_pb_row_empty\">\n\t\t\t\t\n\t\t\t\t\n\t\t\t\t\n\t\t\t\t\n\t\t\t\t\n\t\t\t<\/div> MEDITA\u00c7\u00d5ES DA GRA\u00c7A DE DEUS AGENDA DO DIA \u201cN\u00e3o adianta trabalhar demais para ganhar o p\u00e3o, levantando cedo e deitando tarde, pois \u00e9 Deus quem d\u00e1 o sustento aos que ele ama, mesmo quando est\u00e3o dormindo.\u201d 1 Durante a noite, enquanto descansas, durante o teu mais profundo sono, Deus trabalha para ti. Enquanto descansas [&hellip;]<\/p>\n","protected":false},"author":2,"featured_media":0,"comment_status":"open","ping_status":"open","sticky":false,"template":"","format":"standard","meta":{"_et_pb_use_builder":"on","_et_pb_old_content":"","_et_gb_content_width":"","footnotes":""},"categories":[31],"tags":[],"class_list":["post-779","post","type-post","status-publish","format-standard","hentry","category-como-orar"],"_links":{"self":[{"href":"https:\/\/meditacoes-da-graca.com\/index.php\/wp-json\/wp\/v2\/posts\/779","targetHints":{"allow":["GET"]}}],"collection":[{"href":"https:\/\/meditacoes-da-graca.com\/index.php\/wp-json\/wp\/v2\/posts"}],"about":[{"href":"https:\/\/meditacoes-da-graca.com\/index.php\/wp-json\/wp\/v2\/types\/post"}],"author":[{"embeddable":true,"href":"https:\/\/meditacoes-da-graca.com\/index.php\/wp-json\/wp\/v2\/users\/2"}],"replies":[{"embeddable":true,"href":"https:\/\/meditacoes-da-graca.com\/index.php\/wp-json\/wp\/v2\/comments?post=779"}],"version-history":[{"count":2,"href":"https:\/\/meditacoes-da-graca.com\/index.php\/wp-json\/wp\/v2\/posts\/779\/revisions"}],"predecessor-version":[{"id":877,"href":"https:\/\/meditacoes-da-graca.com\/index.php\/wp-json\/wp\/v2\/posts\/779\/revisions\/877"}],"wp:attachment":[{"href":"https:\/\/meditacoes-da-graca.com\/index.php\/wp-json\/wp\/v2\/media?parent=779"}],"wp:term":[{"taxonomy":"category","embeddable":true,"href":"https:\/\/meditacoes-da-graca.com\/index.php\/wp-json\/wp\/v2\/categories?post=779"},{"taxonomy":"post_tag","embeddable":true,"href":"https:\/\/meditacoes-da-graca.com\/index.php\/wp-json\/wp\/v2\/tags?post=779"}],"curies":[{"name":"wp","href":"https:\/\/api.w.org\/{rel}","templated":true}]}}