{"id":778,"date":"2017-08-31T09:46:41","date_gmt":"2017-08-31T07:46:41","guid":{"rendered":"http:\/\/meditacoes-da-graca.com\/?p=778"},"modified":"2017-08-31T09:46:41","modified_gmt":"2017-08-31T07:46:41","slug":"palavra-viva-inabalavel","status":"publish","type":"post","link":"https:\/\/meditacoes-da-graca.com\/index.php\/2017\/08\/31\/palavra-viva-inabalavel\/","title":{"rendered":"PALAVRA VIVA INABAL\u00c1VEL"},"content":{"rendered":"<p>[et_pb_section bb_built=&#8221;1&#8243;][et_pb_row][et_pb_column type=&#8221;4_4&#8243;][et_pb_text _builder_version=&#8221;3.0.59&#8243; background_layout=&#8221;light&#8221; text_orientation=&#8221;center&#8221; border_style=&#8221;solid&#8221;]<\/p>\n<h2><span style=\"color: #ff6600;\">MEDITA\u00c7\u00d5ES DA GRA\u00c7A DE DEUS<\/span><\/h2>\n<h2>PALAVRA VIVA INABAL\u00c1VEL<\/h2>\n<p>[\/et_pb_text][et_pb_text _builder_version=&#8221;3.0.59&#8243; background_layout=&#8221;light&#8221; text_orientation=&#8221;left&#8221; border_style=&#8221;solid&#8221;]<\/p>\n<p style=\"text-align: center;\"><em><span style=\"color: #333399;\">Tenho posto o Senhor continuamente diante de mim; porquanto ele est\u00e1 \u00e0 minha m\u00e3o direita,<strong> n\u00e3o<\/strong> serei <strong>abalado.<\/strong>1<\/span><\/em><\/p>\n<p style=\"text-align: center;\"><em><span style=\"color: #333399;\">S\u00f3 ele \u00e9 a minha rocha e a minha salva\u00e7\u00e3o; \u00e9 a minha fortaleza; <strong>n\u00e3o<\/strong> serei <strong>abalado<\/strong>.2<\/span><\/em><\/p>\n<p style=\"text-align: center;\"><em><span style=\"color: #333399;\">Pois ele <strong>nunca<\/strong> ser\u00e1 <strong>abalado<\/strong>; o justo ficar\u00e1 em mem\u00f3ria eterna.3<\/span><\/em><\/p>\n<p style=\"text-align: center;\"><em><span style=\"color: #333399;\">Cria em mim, \u00f3 Deus, um cora\u00e7\u00e3o puro e renova dentro de mim um esp\u00edrito <strong>inabal\u00e1vel<\/strong>.4<\/span><\/em><\/p>\n<p style=\"text-align: center;\"><em><span style=\"color: #333399;\">Aqueles que confiam no Senhor s\u00e3o como o monte Si\u00e3o, que n\u00e3o pode ser <strong>abalado<\/strong>, mas permanece para sempre.5<\/span><\/em><\/p>\n<p style=\"text-align: center;\"><em><span style=\"color: #333399;\">Por isso diz o Soberano, o Senhor: Eis que ponho em Si\u00e3o uma pedra, uma pedra j\u00e1 experimentada, uma preciosa pedra angular para alicerce seguro; aquele que confia, <strong>jamais<\/strong> ser<strong>\u00e1 abalado.<\/strong>6<\/span><\/em><\/p>\n<p style=\"text-align: center;\"><em><span style=\"color: #333399;\">Retenhamos <strong>inabal\u00e1vel<\/strong> a confiss\u00e3o da nossa esperan\u00e7a, porque fiel \u00e9 aquele que fez a promessa.7<\/span><\/em><\/p>\n<p style=\"text-align: center;\"><em><span style=\"color: #333399;\">Para que ningu\u00e9m seja <strong>abalado<\/strong> por estas tribula\u00e7\u00f5es; porque v\u00f3s mesmo sabeis que para isto fomos destinados.8<\/span><\/em><\/p>\n<p style=\"text-align: center;\"><em><span style=\"color: #333399;\">As palavras \u201cainda uma vez\u201d indicam a remo\u00e7\u00e3o do que pode ser<strong> abalado<\/strong>, isto \u00e9, coisas criadas, de forma que permane\u00e7a o que <strong>n\u00e3o pode ser abalado.9<\/strong><\/span><\/em><\/p>\n<p><span style=\"color: #ff6600;\">Ora\u00e7\u00e3o:<\/span><em><span style=\"color: #ff6600;\"> Senhor Deus, Rocha minha inabal\u00e1vel! O Teu Trono \u00e9 inabal\u00e1vel, a Tua Palavra permanece para todo o sempre. Firma os meus p\u00e9s, a minha vida, sobre a Tua Palavra inabal\u00e1vel, em no nome de Jesus, \u00c1men.<\/span><\/em><\/p>\n<p>1Salmos 16:8 AA; 2Salmo 62:6 AA; 3Salmos 112:6; 4Salmos 51:10 RA; 5Salmos 125:1; 6Isaias 28:16 NVI; 7Heb 10:23 AA; 8I Tessalonicenses 3:3 AA; 9Hebreus 12:27 NVI<\/p>\n<p>[\/et_pb_text][et_pb_text _builder_version=&#8221;3.0.59&#8243; background_layout=&#8221;light&#8221; text_orientation=&#8221;center&#8221; border_style=&#8221;solid&#8221;]<\/p>\n<p>Medita na Gra\u00e7a de Deus &#8211; Am\u00e9lia Moinheiro<\/p>\n<p>[\/et_pb_text][\/et_pb_column][\/et_pb_row][\/et_pb_section]<\/p>\n","protected":false},"excerpt":{"rendered":"<p><div class=\"et_pb_row et_pb_row_0 et_pb_row_empty\">\n\t\t\t\t\n\t\t\t\t\n\t\t\t\t\n\t\t\t\t\n\t\t\t\t\n\t\t\t<\/div> MEDITA\u00c7\u00d5ES DA GRA\u00c7A DE DEUS PALAVRA VIVA INABAL\u00c1VEL Tenho posto o Senhor continuamente diante de mim; porquanto ele est\u00e1 \u00e0 minha m\u00e3o direita, n\u00e3o serei abalado.1 S\u00f3 ele \u00e9 a minha rocha e a minha salva\u00e7\u00e3o; \u00e9 a minha fortaleza; n\u00e3o serei abalado.2 Pois ele nunca ser\u00e1 abalado; o justo ficar\u00e1 em mem\u00f3ria eterna.3 [&hellip;]<\/p>\n","protected":false},"author":2,"featured_media":0,"comment_status":"open","ping_status":"open","sticky":false,"template":"","format":"standard","meta":{"_et_pb_use_builder":"on","_et_pb_old_content":"","_et_gb_content_width":"","footnotes":""},"categories":[26],"tags":[],"class_list":["post-778","post","type-post","status-publish","format-standard","hentry","category-conforto"],"_links":{"self":[{"href":"https:\/\/meditacoes-da-graca.com\/index.php\/wp-json\/wp\/v2\/posts\/778","targetHints":{"allow":["GET"]}}],"collection":[{"href":"https:\/\/meditacoes-da-graca.com\/index.php\/wp-json\/wp\/v2\/posts"}],"about":[{"href":"https:\/\/meditacoes-da-graca.com\/index.php\/wp-json\/wp\/v2\/types\/post"}],"author":[{"embeddable":true,"href":"https:\/\/meditacoes-da-graca.com\/index.php\/wp-json\/wp\/v2\/users\/2"}],"replies":[{"embeddable":true,"href":"https:\/\/meditacoes-da-graca.com\/index.php\/wp-json\/wp\/v2\/comments?post=778"}],"version-history":[{"count":1,"href":"https:\/\/meditacoes-da-graca.com\/index.php\/wp-json\/wp\/v2\/posts\/778\/revisions"}],"predecessor-version":[{"id":780,"href":"https:\/\/meditacoes-da-graca.com\/index.php\/wp-json\/wp\/v2\/posts\/778\/revisions\/780"}],"wp:attachment":[{"href":"https:\/\/meditacoes-da-graca.com\/index.php\/wp-json\/wp\/v2\/media?parent=778"}],"wp:term":[{"taxonomy":"category","embeddable":true,"href":"https:\/\/meditacoes-da-graca.com\/index.php\/wp-json\/wp\/v2\/categories?post=778"},{"taxonomy":"post_tag","embeddable":true,"href":"https:\/\/meditacoes-da-graca.com\/index.php\/wp-json\/wp\/v2\/tags?post=778"}],"curies":[{"name":"wp","href":"https:\/\/api.w.org\/{rel}","templated":true}]}}