{"id":773,"date":"2017-08-31T09:35:52","date_gmt":"2017-08-31T07:35:52","guid":{"rendered":"http:\/\/meditacoes-da-graca.com\/?p=773"},"modified":"2017-08-31T09:35:52","modified_gmt":"2017-08-31T07:35:52","slug":"esperanca-inabalavel","status":"publish","type":"post","link":"https:\/\/meditacoes-da-graca.com\/index.php\/2017\/08\/31\/esperanca-inabalavel\/","title":{"rendered":"ESPERAN\u00c7A INABAL\u00c1VEL!"},"content":{"rendered":"<p>[et_pb_section bb_built=&#8221;1&#8243;][et_pb_row][et_pb_column type=&#8221;4_4&#8243;][et_pb_text _builder_version=&#8221;3.0.59&#8243; background_layout=&#8221;light&#8221; text_orientation=&#8221;center&#8221; border_style=&#8221;solid&#8221;]<\/p>\n<h2><span style=\"color: #ff6600;\">MEDITA\u00c7\u00d5ES DA GRA\u00c7A DE DEUS<\/span><\/h2>\n<h2>ESPERAN\u00c7A INABAL\u00c1VEL!<\/h2>\n<p>[\/et_pb_text][et_pb_text _builder_version=&#8221;3.0.59&#8243; background_layout=&#8221;light&#8221; text_orientation=&#8221;left&#8221; border_style=&#8221;solid&#8221;]<\/p>\n<p style=\"text-align: center;\"><em><span style=\"color: #333399;\">\u201c\u2026 E que n\u00e3o ponham a sua <strong>esperan\u00e7a<\/strong> nessas riquezas, pois elas n\u00e3o d\u00e3o seguran\u00e7a nenhuma. Que eles ponham a sua <strong>esperan\u00e7a em Deus<\/strong>, que nos d\u00e1 todas as coisas em grande quantidade, para o nosso prazer!\u201d 1<\/span><\/em><\/p>\n<p style=\"text-align: center;\"><em><span style=\"color: #333399;\">\u201cOra, o Deus de <strong>esperan\u00e7a<\/strong> vos encha de todo o gozo e paz na vossa f\u00e9, para que abundeis na <strong>esperan\u00e7a pelo poder do Esp\u00edrito Santo<\/strong>.\u201d 2<\/span><\/em><\/p>\n<p style=\"text-align: center;\"><em><span style=\"color: #333399;\">\u201cTorno a trazer isso \u00e0 mente, portanto <strong>tenho esperan\u00e7a<\/strong>. A benignidade do Senhor jamais acaba, as suas miseric\u00f3rdias n\u00e3o t\u00eam fim; renovam-se cada manh\u00e3. Grande \u00e9 a tua fidelidade. A minha por\u00e7\u00e3o \u00e9 o Senhor, diz a minha alma; portanto <strong>esperarei nele<\/strong>. Bom \u00e9 o Senhor para os que <strong>esperam<\/strong> por ele, para a alma que o busca.\u201d 3<\/span><\/em><\/p>\n<p>Esperan\u00e7a \u00e9 para al\u00e9m de ser positivo. Esperan\u00e7a \u00e9 algo que o Esp\u00edrito Santo desenvolve em ti, \u00e9 um fruto do Esp\u00edrito. Esperan\u00e7a n\u00e3o \u00e9 uma emo\u00e7\u00e3o mas sim uma convic\u00e7\u00e3o do poder de Deus!<\/p>\n<p><strong>Esperan\u00e7a liberta-te do teu passado!<\/strong> Tudo o que ficou no teu passado e que n\u00e3o podes mudar, espera n\u2019Ele para te dar um novo futuro.<\/p>\n<p><strong>Esperan\u00e7a liberta-te do teu presente!<\/strong> Podes te encontrar num beco sem sa\u00edda, mas espera n\u2019Ele para te abrir um caminho novo.<\/p>\n<p>Esta esperan\u00e7a \u00e9:<\/p>\n<p>&#8211; fundamentada primeiramente no amor de Deus Pai para contigo!<\/p>\n<p>&#8211; com base no sacrif\u00edcio de Jesus por ti e sua Ressurrei\u00e7\u00e3o!<\/p>\n<p>&#8211; no enchimento do Esp\u00edrito Santo na tua vida!<\/p>\n<p>Esperan\u00e7a \u00e9 acreditares que Deus pode e te liberta das tuas pris\u00f5es, de algum vicio que te amarra, \u00e9 acreditares no poder da ressurrei\u00e7\u00e3o que te cura de todas as tuas enfermidades, \u00e9 acreditares no seu grande amor e miseric\u00f3rdia por ti a cada dia. <strong>Esta esperan\u00e7a \u00e9 inabal\u00e1vel pois \u00e9 em Deus, que \u00e9 inabal\u00e1vel.<\/strong><\/p>\n<p>N\u00e3o pouca esperan\u00e7a, <strong>abunda na esperan\u00e7a pelo poder do Esp\u00edrito Santo<\/strong> em ti!<\/p>\n<p style=\"text-align: center;\"><em><span style=\"color: #333399;\"><strong>\u201cEm ti,<\/strong> for\u00e7a minha, <strong>esperarei;<\/strong> pois Deus \u00e9 o meu alto ref\u00fagio.\u201d 4<\/span><\/em><\/p>\n<p><span style=\"color: #ff6600;\">Ora\u00e7\u00e3o:<\/span><em><span style=\"color: #ff6600;\"> Senhor Deus, em Ti unicamente eu espero! For\u00e7a minha e alto refugio, vem me encher do teu gozo e paz! A Tua miseric\u00f3rdia para comigo n\u00e3o tem fim e renova-se a cada manh\u00e3! Vem pelo poder do Teu Esp\u00edrito Santo desenvolver este fruto do Esp\u00edrito em meu ser. Vem abundar em esperan\u00e7a em mim, esperan\u00e7a inabal\u00e1vel em Ti que \u00e9s inabal\u00e1vel, em nome de Jesus, \u00c1men.<\/span><\/em><\/p>\n<p>11 Tim\u00f3teo 6:17 NTLH; 2Romanos 15:13 AA; 3Lamenta\u00e7\u00f5es 3:21-26 AA; 4Salmos 59:9<\/p>\n<p>[\/et_pb_text][et_pb_text _builder_version=&#8221;3.0.59&#8243; background_layout=&#8221;light&#8221; text_orientation=&#8221;center&#8221; border_style=&#8221;solid&#8221;]<\/p>\n<p>Medita na Gra\u00e7a de Deus &#8211; Am\u00e9lia Moinheiro<\/p>\n<p>[\/et_pb_text][\/et_pb_column][\/et_pb_row][\/et_pb_section]<\/p>\n","protected":false},"excerpt":{"rendered":"<p><div class=\"et_pb_row et_pb_row_0 et_pb_row_empty\">\n\t\t\t\t\n\t\t\t\t\n\t\t\t\t\n\t\t\t\t\n\t\t\t\t\n\t\t\t<\/div> MEDITA\u00c7\u00d5ES DA GRA\u00c7A DE DEUS ESPERAN\u00c7A INABAL\u00c1VEL! \u201c\u2026 E que n\u00e3o ponham a sua esperan\u00e7a nessas riquezas, pois elas n\u00e3o d\u00e3o seguran\u00e7a nenhuma. Que eles ponham a sua esperan\u00e7a em Deus, que nos d\u00e1 todas as coisas em grande quantidade, para o nosso prazer!\u201d 1 \u201cOra, o Deus de esperan\u00e7a vos encha de todo [&hellip;]<\/p>\n","protected":false},"author":2,"featured_media":0,"comment_status":"open","ping_status":"open","sticky":false,"template":"","format":"standard","meta":{"_et_pb_use_builder":"on","_et_pb_old_content":"","_et_gb_content_width":"","footnotes":""},"categories":[32],"tags":[],"class_list":["post-773","post","type-post","status-publish","format-standard","hentry","category-fe-cura-e-milagres"],"_links":{"self":[{"href":"https:\/\/meditacoes-da-graca.com\/index.php\/wp-json\/wp\/v2\/posts\/773","targetHints":{"allow":["GET"]}}],"collection":[{"href":"https:\/\/meditacoes-da-graca.com\/index.php\/wp-json\/wp\/v2\/posts"}],"about":[{"href":"https:\/\/meditacoes-da-graca.com\/index.php\/wp-json\/wp\/v2\/types\/post"}],"author":[{"embeddable":true,"href":"https:\/\/meditacoes-da-graca.com\/index.php\/wp-json\/wp\/v2\/users\/2"}],"replies":[{"embeddable":true,"href":"https:\/\/meditacoes-da-graca.com\/index.php\/wp-json\/wp\/v2\/comments?post=773"}],"version-history":[{"count":1,"href":"https:\/\/meditacoes-da-graca.com\/index.php\/wp-json\/wp\/v2\/posts\/773\/revisions"}],"predecessor-version":[{"id":777,"href":"https:\/\/meditacoes-da-graca.com\/index.php\/wp-json\/wp\/v2\/posts\/773\/revisions\/777"}],"wp:attachment":[{"href":"https:\/\/meditacoes-da-graca.com\/index.php\/wp-json\/wp\/v2\/media?parent=773"}],"wp:term":[{"taxonomy":"category","embeddable":true,"href":"https:\/\/meditacoes-da-graca.com\/index.php\/wp-json\/wp\/v2\/categories?post=773"},{"taxonomy":"post_tag","embeddable":true,"href":"https:\/\/meditacoes-da-graca.com\/index.php\/wp-json\/wp\/v2\/tags?post=773"}],"curies":[{"name":"wp","href":"https:\/\/api.w.org\/{rel}","templated":true}]}}