{"id":763,"date":"2017-08-31T09:18:21","date_gmt":"2017-08-31T07:18:21","guid":{"rendered":"http:\/\/meditacoes-da-graca.com\/?p=763"},"modified":"2017-08-31T09:18:21","modified_gmt":"2017-08-31T07:18:21","slug":"confias-em-mim","status":"publish","type":"post","link":"https:\/\/meditacoes-da-graca.com\/index.php\/2017\/08\/31\/confias-em-mim\/","title":{"rendered":"\u201cCONFIAS EM MIM?\u201d"},"content":{"rendered":"<p>[et_pb_section bb_built=&#8221;1&#8243;][et_pb_row][et_pb_column type=&#8221;4_4&#8243;][et_pb_text _builder_version=&#8221;3.0.59&#8243; background_layout=&#8221;light&#8221; text_orientation=&#8221;center&#8221; border_style=&#8221;solid&#8221;]<\/p>\n<h2><span style=\"color: #ff6600;\">MEDITA\u00c7\u00d5ES DA GRA\u00c7A DE DEUS<\/span><\/h2>\n<h2>\u201cCONFIAS EM MIM?\u201d<\/h2>\n<p>[\/et_pb_text][et_pb_text _builder_version=&#8221;3.0.59&#8243; background_layout=&#8221;light&#8221; text_orientation=&#8221;left&#8221; border_style=&#8221;solid&#8221;]<\/p>\n<p>Ap\u00f3s a ressurrei\u00e7\u00e3o de Jesus, certo dia, em conversa com Pedro, Jesus lhe perguntou: <em>\u201cPedro, amas-me<\/em>?\u201d Talvez a primeira coisa que lhe veio \u00e0 mente foi o passado recente, de ele ter negado a Jesus na altura da crucifica\u00e7\u00e3o? Pedro respondeu: <em>\u201cSim Senhor, tu sabes que te amo\u201d.<\/em><\/p>\n<p>Jesus voltou a perguntar:<em> \u201cPedro, amas-me?\u201d<\/em> Pedro respondeu: <em>\u201cSim Senhor, tu sabes que te amo\u201d.<\/em> Jesus perguntou pela terceira vez: <em>\u201cPedro, amas-me<\/em>?\u201d Desta vez Pedro entristeceu-se e respondeu: <em>\u201cSenhor tu sabes tudo, tu sabes que eu te amo\u201d.1<\/em><\/p>\n<p>Se Jesus viesse ao teu encontro hoje, na situa\u00e7\u00e3o onde te encontras e, semelhante ao encontro acima, te perguntasse:<\/p>\n<p style=\"text-align: center;\"><em>\u2018Filho (a), confias em mim?\u2019 Resposta: \u2018Sim Senhor, tu sabes que confio em ti\u2019.<\/em><\/p>\n<p style=\"text-align: center;\"><em>\u2018Filho (a), confias em mim?\u2019 Resposta: \u2018Sim Senhor, tu sabes que confio em ti\u2019.<\/em><\/p>\n<p style=\"text-align: center;\"><em>\u2018Filho (a), confias em mim?\u2019 Resposta: \u2018Senhor tu sabes tudo, tu sabes que confio em ti\u2019.<\/em><\/p>\n<p style=\"text-align: center;\"><em>Jesus te diria: \u201c<strong> ENT\u00c3O FILHO (A), DESCANSA EM MIM&#8230; \u201c<\/strong><\/em><\/p>\n<p>Se confias em Jesus, isto \u00e9, se confias em Jesus com todo o teu ser, em todas as tuas circunstancias, Jesus te diz \u201cEnt\u00e3o descansa em mim&#8230;\u201d S\u00f3 \u00e9 poss\u00edvel descansares em Jesus quando tens confian\u00e7a na sua capacidade de Ele te acudir. Quando descansas em Deus, deixas que seja Ele a ir adiante, a abrir o caminho para passares, a te colocar no lugar que Ele j\u00e1 preparou para ti.<\/p>\n<p style=\"text-align: center;\"><span style=\"color: #333399;\">Portanto, n\u00f3s, os que cremos, recebemos o descanso prometido por Deus, como ele mesmo disse: &#8220;Eu fiquei irado e fiz este juramento: Eles nunca entrar\u00e3o na Terra Prometida, onde eu lhes teria dado descanso!&#8221; Ele disse isso, embora o seu trabalho j\u00e1 estivesse terminado desde o tempo em que havia criado o mundo.2<\/span><\/p>\n<p>Sabias que as obras de Jesus por ti j\u00e1 foram todas conclu\u00eddas? As tuas necessidades j\u00e1 foram providenciadas, as respostas \u00e0s tuas ora\u00e7\u00f5es j\u00e1 foram respondidas, a vit\u00f3ria sobre tuas batalhas j\u00e1 ganha&#8230; e tudo isto mesmo antes de haveres orado, antes de teres enfrentado quaisquer situa\u00e7\u00f5es, Jesus j\u00e1 concluiu a solu\u00e7\u00e3o para ti quando na cruz do Calv\u00e1rio e sua ressurrei\u00e7\u00e3o!<\/p>\n<p>Descansar n\u00e3o \u00e9 estar inativo, \u00e9 estar calmo, livrares-te do cansa\u00e7o, deixar de te preocupares, de ocupares a tua mente com cuidados e \u00e9 estares confiante nas obras realizadas de Jesus por ti!<\/p>\n<p><span style=\"color: #ff6600;\">Ora\u00e7\u00e3o:<em> Senhor Deus, eu confio em ti, eu confio nas tuas promessas, nas obras realizadas de Jesus Cristo por mim! Vem Santo Esp\u00edrito de Deus ajudar-me a entrar neste descanso, a ficar calmo e confiante na tua ajuda perante situa\u00e7\u00f5es que n\u00e3o tenho a capacidade de resolver, eu entrego cada uma delas a ti Senhor, para seres tu a ires adiante e resolveres por mim, em nome de Jesus, \u00c1men!<\/em><\/span><\/p>\n<p>1 Jo\u00e3o 21:15-17; 2Hebreus 4:3 NTLH<\/p>\n<p>[\/et_pb_text][et_pb_text _builder_version=&#8221;3.0.59&#8243; background_layout=&#8221;light&#8221; text_orientation=&#8221;center&#8221; border_style=&#8221;solid&#8221;]<\/p>\n<p>Medita na Gra\u00e7a de Deus &#8211; Am\u00e9lia Moinheiro<\/p>\n<p>[\/et_pb_text][\/et_pb_column][\/et_pb_row][\/et_pb_section]<\/p>\n","protected":false},"excerpt":{"rendered":"<p><div class=\"et_pb_row et_pb_row_0 et_pb_row_empty\">\n\t\t\t\t\n\t\t\t\t\n\t\t\t\t\n\t\t\t\t\n\t\t\t\t\n\t\t\t<\/div> MEDITA\u00c7\u00d5ES DA GRA\u00c7A DE DEUS \u201cCONFIAS EM MIM?\u201d Ap\u00f3s a ressurrei\u00e7\u00e3o de Jesus, certo dia, em conversa com Pedro, Jesus lhe perguntou: \u201cPedro, amas-me?\u201d Talvez a primeira coisa que lhe veio \u00e0 mente foi o passado recente, de ele ter negado a Jesus na altura da crucifica\u00e7\u00e3o? Pedro respondeu: \u201cSim Senhor, tu sabes que [&hellip;]<\/p>\n","protected":false},"author":2,"featured_media":0,"comment_status":"open","ping_status":"open","sticky":false,"template":"","format":"standard","meta":{"_et_pb_use_builder":"on","_et_pb_old_content":"","_et_gb_content_width":"","footnotes":""},"categories":[32],"tags":[],"class_list":["post-763","post","type-post","status-publish","format-standard","hentry","category-fe-cura-e-milagres"],"_links":{"self":[{"href":"https:\/\/meditacoes-da-graca.com\/index.php\/wp-json\/wp\/v2\/posts\/763","targetHints":{"allow":["GET"]}}],"collection":[{"href":"https:\/\/meditacoes-da-graca.com\/index.php\/wp-json\/wp\/v2\/posts"}],"about":[{"href":"https:\/\/meditacoes-da-graca.com\/index.php\/wp-json\/wp\/v2\/types\/post"}],"author":[{"embeddable":true,"href":"https:\/\/meditacoes-da-graca.com\/index.php\/wp-json\/wp\/v2\/users\/2"}],"replies":[{"embeddable":true,"href":"https:\/\/meditacoes-da-graca.com\/index.php\/wp-json\/wp\/v2\/comments?post=763"}],"version-history":[{"count":1,"href":"https:\/\/meditacoes-da-graca.com\/index.php\/wp-json\/wp\/v2\/posts\/763\/revisions"}],"predecessor-version":[{"id":766,"href":"https:\/\/meditacoes-da-graca.com\/index.php\/wp-json\/wp\/v2\/posts\/763\/revisions\/766"}],"wp:attachment":[{"href":"https:\/\/meditacoes-da-graca.com\/index.php\/wp-json\/wp\/v2\/media?parent=763"}],"wp:term":[{"taxonomy":"category","embeddable":true,"href":"https:\/\/meditacoes-da-graca.com\/index.php\/wp-json\/wp\/v2\/categories?post=763"},{"taxonomy":"post_tag","embeddable":true,"href":"https:\/\/meditacoes-da-graca.com\/index.php\/wp-json\/wp\/v2\/tags?post=763"}],"curies":[{"name":"wp","href":"https:\/\/api.w.org\/{rel}","templated":true}]}}