{"id":746,"date":"2017-08-30T14:59:53","date_gmt":"2017-08-30T12:59:53","guid":{"rendered":"http:\/\/meditacoes-da-graca.com\/?p=746"},"modified":"2017-10-31T15:46:35","modified_gmt":"2017-10-31T13:46:35","slug":"o-impossivel-versus-o-possivel","status":"publish","type":"post","link":"https:\/\/meditacoes-da-graca.com\/index.php\/2017\/08\/30\/o-impossivel-versus-o-possivel\/","title":{"rendered":"O IMPOSS\u00cdVEL versus O POSS\u00cdVEL"},"content":{"rendered":"<p>[et_pb_section bb_built=&#8221;1&#8243;][et_pb_row][et_pb_column type=&#8221;4_4&#8243;][et_pb_text _builder_version=&#8221;3.0.59&#8243; background_layout=&#8221;light&#8221; text_orientation=&#8221;center&#8221; border_style=&#8221;solid&#8221;]<\/p>\n<h2><span style=\"color: #ff6600;\">MEDITA\u00c7\u00d5ES DA GRA\u00c7A DE DEUS<\/span><\/h2>\n<h2>O IMPOSS\u00cdVEL versus O POSS\u00cdVEL<\/h2>\n<p>[\/et_pb_text][et_pb_text _builder_version=&#8221;3.0.59&#8243; background_layout=&#8221;light&#8221; text_orientation=&#8221;left&#8221; border_style=&#8221;solid&#8221;]<\/p>\n<p style=\"text-align: center;\"><span style=\"color: #333399;\">Jesus respondeu: \u201cO que \u00e9 imposs\u00edvel para os homens \u00e9 <strong>poss\u00edvel para Deus<\/strong>\u201d.1<\/span><\/p>\n<p>A crise prevalecia, havia grande fome na terra! Not\u00edcia de pr\u00e1tica de canibalismo chegara aos ouvidos do \u2018parlamento\u2019. O mesmo, culpara Deus de trazer tal desgra\u00e7a \u00e0 na\u00e7\u00e3o.<\/p>\n<p>Vivia ali um homem de Deus, profeta, o qual falou e disse que Deus faria que dentro de 24 horas essa situa\u00e7\u00e3o fosse completamente revers\u00edvel, a \u2018bolsa de valores\u2019 subiria ao seu mais elevado ponto. O \u2018economista\u2019 do governo, quando ouviu isto duvidou e perguntou: \u2018Ainda que Deus fizesse janelas no c\u00e9u, poderia isto acontecer?\u2019<\/p>\n<p>Viviam ali tamb\u00e9m 4 homens v\u00edtimas de lepra, a doen\u00e7a mais temida e incur\u00e1vel de seus tempos. Pensaram, se ficassem onde estavam, morreriam \u00e0 fome, se viessem \u00e0 cidade tamb\u00e9m morreriam pois havia fome, ent\u00e3o, morrer por morrer, arriscariam entrar na terra vizinha dos inimigos onde havia abund\u00e2ncia.<\/p>\n<p>Entretanto, durante a noite, Deus fez com que no acampamento dos Siros ouvissem o barulho de carros e cavalos e o som de um grande ex\u00e9rcito, de forma que os siros fugiram todos.<\/p>\n<p>Pela madrugada esses 4 leprosos entraram no acampamento Siro, e viram que n\u00e3o havia l\u00e1 ningu\u00e9m, todos os valores, g\u00e9neros alimentares, enfim, encontravam-se \u00e0 sua disposi\u00e7\u00e3o. Resolveram n\u00e3o ocultar tal abund\u00e2ncia s\u00f3 para eles e o anunciaram na sua na\u00e7\u00e3o, os quais, os mesmos vieram e tomaram posse de tal provid\u00eancia conforme o profeta falara. L\u00ea 2 Reis 7 na tua B\u00edblia.<\/p>\n<p><strong>APLICA\u00c7\u00c3O:<\/strong><\/p>\n<p><em>Seja em que estado v\u00edtima ou condi\u00e7\u00f5es prec\u00e1rias te encontres, ao ouvires a Palavra do Senhor nestas medita\u00e7\u00f5es ou na tua B\u00edblia, ao o Esp\u00edrito Santo falar ao teu ouvido ou no \u00edntimo do teu cora\u00e7\u00e3o, levanta-te onde est\u00e1s, ao andares em f\u00e9 na dire\u00e7\u00e3o que precisas, Deus agir\u00e1 por teu interm\u00e9dio, far\u00e1 com que o som dos teus passos soe como um valente ex\u00e9rcito e o teu inimigo fugir\u00e1 diante de ti, a tua provis\u00e3o estar\u00e1 diante de ti, o emprego que pediste a Deus, a cura, o livramento de qualquer opress\u00e3o vir\u00e1 a ti. Aquilo que parece imposs\u00edvel aos homens, a Deus \u00e9 poss\u00edvel. A tua batalha deixa de ser tua e passa a ser a batalha de Deus. Tua, \u00e9 a vit\u00f3ria!<\/em><\/p>\n<p style=\"text-align: center;\"><em><span style=\"color: #333399;\">\u201cPara dizer aos cativos: Saiam, e \u00e0queles que est\u00e3o nas trevas: Apare\u00e7am! Eles se apascentar\u00e3o junto aos caminhos e achar\u00e3o pastagem em toda colina est\u00e9ril. N\u00e3o ter\u00e3o fome nem sede; o calor do deserto e o sol n\u00e3o os atingir\u00e3o.<\/span><\/em><\/p>\n<p style=\"text-align: center;\"><em><span style=\"color: #333399;\">Aquele que tem compaix\u00e3o deles os guiar\u00e1 e<\/span><\/em><\/p>\n<p style=\"text-align: center;\"><em><span style=\"color: #333399;\">os conduzir\u00e1 para as fontes de \u00e1gua.\u201d 2<\/span><\/em><\/p>\n<p><em>Recebe a Palavra de Deus para ti, e anda em f\u00e9 em dire\u00e7\u00e3o \u00e0 provis\u00e3o de Deus para a tua vida!<\/em><\/p>\n<p><span style=\"color: #ff6600;\">Ora\u00e7\u00e3o:<em> Senhor meu Deus e Pai, eu entrego-te todas as minhas dificuldades, todos os meus temores, d\u00favidas e ansiedades. Eu ponho a minha confian\u00e7a em Ti, no poder do teu precioso Esp\u00edrito Santo que me vivifica, me encoraja, no poder da ressurrei\u00e7\u00e3o que me faz triunfar em todas as circunstancias, em Cristo Jesus, \u00c1men.<\/em><\/span><\/p>\n<p>1Lucas 18:27 NVI; 2Isa\u00edas 49:9,10 NVI<\/p>\n<p>[\/et_pb_text][et_pb_text _builder_version=&#8221;3.0.59&#8243; background_layout=&#8221;light&#8221; text_orientation=&#8221;center&#8221; border_style=&#8221;solid&#8221;]<\/p>\n<p>Medita na Gra\u00e7a de Deus &#8211; Am\u00e9lia Moinheiro<\/p>\n<p>[\/et_pb_text][\/et_pb_column][\/et_pb_row][\/et_pb_section]<\/p>\n","protected":false},"excerpt":{"rendered":"<p><div class=\"et_pb_row et_pb_row_0 et_pb_row_empty\">\n\t\t\t\t\n\t\t\t\t\n\t\t\t\t\n\t\t\t\t\n\t\t\t\t\n\t\t\t<\/div> MEDITA\u00c7\u00d5ES DA GRA\u00c7A DE DEUS O IMPOSS\u00cdVEL versus O POSS\u00cdVEL Jesus respondeu: \u201cO que \u00e9 imposs\u00edvel para os homens \u00e9 poss\u00edvel para Deus\u201d.1 A crise prevalecia, havia grande fome na terra! Not\u00edcia de pr\u00e1tica de canibalismo chegara aos ouvidos do \u2018parlamento\u2019. O mesmo, culpara Deus de trazer tal desgra\u00e7a \u00e0 na\u00e7\u00e3o. Vivia ali um [&hellip;]<\/p>\n","protected":false},"author":2,"featured_media":0,"comment_status":"open","ping_status":"open","sticky":false,"template":"","format":"standard","meta":{"_et_pb_use_builder":"on","_et_pb_old_content":"","_et_gb_content_width":"","footnotes":""},"categories":[32],"tags":[],"class_list":["post-746","post","type-post","status-publish","format-standard","hentry","category-fe-cura-e-milagres"],"_links":{"self":[{"href":"https:\/\/meditacoes-da-graca.com\/index.php\/wp-json\/wp\/v2\/posts\/746","targetHints":{"allow":["GET"]}}],"collection":[{"href":"https:\/\/meditacoes-da-graca.com\/index.php\/wp-json\/wp\/v2\/posts"}],"about":[{"href":"https:\/\/meditacoes-da-graca.com\/index.php\/wp-json\/wp\/v2\/types\/post"}],"author":[{"embeddable":true,"href":"https:\/\/meditacoes-da-graca.com\/index.php\/wp-json\/wp\/v2\/users\/2"}],"replies":[{"embeddable":true,"href":"https:\/\/meditacoes-da-graca.com\/index.php\/wp-json\/wp\/v2\/comments?post=746"}],"version-history":[{"count":3,"href":"https:\/\/meditacoes-da-graca.com\/index.php\/wp-json\/wp\/v2\/posts\/746\/revisions"}],"predecessor-version":[{"id":749,"href":"https:\/\/meditacoes-da-graca.com\/index.php\/wp-json\/wp\/v2\/posts\/746\/revisions\/749"}],"wp:attachment":[{"href":"https:\/\/meditacoes-da-graca.com\/index.php\/wp-json\/wp\/v2\/media?parent=746"}],"wp:term":[{"taxonomy":"category","embeddable":true,"href":"https:\/\/meditacoes-da-graca.com\/index.php\/wp-json\/wp\/v2\/categories?post=746"},{"taxonomy":"post_tag","embeddable":true,"href":"https:\/\/meditacoes-da-graca.com\/index.php\/wp-json\/wp\/v2\/tags?post=746"}],"curies":[{"name":"wp","href":"https:\/\/api.w.org\/{rel}","templated":true}]}}