{"id":740,"date":"2017-08-30T12:32:12","date_gmt":"2017-08-30T10:32:12","guid":{"rendered":"http:\/\/meditacoes-da-graca.com\/?p=740"},"modified":"2017-08-30T12:32:12","modified_gmt":"2017-08-30T10:32:12","slug":"vence-o-passado","status":"publish","type":"post","link":"https:\/\/meditacoes-da-graca.com\/index.php\/2017\/08\/30\/vence-o-passado\/","title":{"rendered":"VENCE O PASSADO"},"content":{"rendered":"<p>[et_pb_section bb_built=&#8221;1&#8243;][et_pb_row][et_pb_column type=&#8221;4_4&#8243;][et_pb_text _builder_version=&#8221;3.0.59&#8243; background_layout=&#8221;light&#8221; text_orientation=&#8221;center&#8221; border_style=&#8221;solid&#8221;]<\/p>\n<h2><span style=\"color: #ff6600;\">MEDITA\u00c7\u00d5ES DA GRA\u00c7A DE DEUS<\/span><\/h2>\n<h2>VENCE O PASSADO<\/h2>\n<p>[\/et_pb_text][et_pb_text _builder_version=&#8221;3.0.59&#8243; background_layout=&#8221;light&#8221; text_orientation=&#8221;left&#8221; border_style=&#8221;solid&#8221;]<\/p>\n<p style=\"text-align: center;\"><span style=\"color: #333399;\"><strong>\u201cEsquecendo-me das coisas<\/strong> que <strong>para<\/strong> tr\u00e1s ficam e avan\u00e7ando para as que diante de mim est\u00e3o\u201d. 1<\/span><\/p>\n<p>Existem alturas na nossa vida que temos dificuldade de vencer sobre o nosso passado falhado! Temos dificuldade de vencer sobre relacionamentos, situa\u00e7\u00f5es, trag\u00e9dias que se deram no passado.<\/p>\n<p>Como podemos vencer sobre o nosso passado, se o nosso passado j\u00e1 est\u00e1 consumado e n\u00e3o podemos \u2018viajar\u2019 de volta l\u00e1 e tomar novas decis\u00f5es e evitar determinados acontecimentos?<\/p>\n<p>A forma de venceres sobre o teu passado doloroso, \u00e9 resolver esquec\u00ea-lo e confiar em Jesus que te ajude a mudares o teu presente e o teu futuro. S\u00f3 \u00e9 poss\u00edvel prosseguires para o alvo, se o teu foco est\u00e1 no alvo \u00e0 frente e n\u00e3o no que ficou para tr\u00e1s.<\/p>\n<p>\u00c9 verdade ainda que algumas coisas do passado tiveram suas consequ\u00eancias no teu presente, mas o teu passado, j\u00e1 n\u00e3o podes fazer nada, mas o presente podes deixar que Jesus o transforme:<\/p>\n<p style=\"text-align: center;\"><span style=\"color: #333399;\">Porque, quando estive com voc\u00eas, <strong>resolvi esquecer tudo<\/strong>, a n\u00e3o ser Jesus Cristo e principalmente a sua morte na cruz.2<\/span><\/p>\n<p>Se foste magoado nos teus relacionamentos por culpa de outros ou por tuas pr\u00f3prias pobres escolhas, resolve esquecer tudo, recebe o perd\u00e3o de Jesus onde tu falhaste e perdoa onde os outros falharam contra ti.<\/p>\n<p>O Ap\u00f3stolo Paulo resolveu, quando esteve entre os irm\u00e3os, de esquecer tudo, deixar o passado para tr\u00e1s, esquecer as ofensas, os desentendimentos, e apenas se concentrar nas obras de Jesus Cristo nos seus irm\u00e3os da f\u00e9 e na obra de Jesus Cristo crucificado. O que significa isto de focar principalmente na morte de Jesus na Cruz?<\/p>\n<p style=\"text-align: center;\"><strong>Quando focamos em Jesus e principalmente na sua morte na cruz:<\/strong><\/p>\n<p style=\"text-align: center;\">Recebemos o perd\u00e3o dos nossos pecados do passado, presente e futuro<\/p>\n<p style=\"text-align: center;\">Perdoamos o nosso irm\u00e3o de ofensas passadas, presentes e futuras<\/p>\n<p style=\"text-align: center;\">Ao vivermos no perd\u00e3o de Jesus prosseguimos para a frente para o alvo<\/p>\n<p style=\"text-align: center;\"><strong>O alvo \u00e9 sermos vitoriosos em Jesus:<\/strong><\/p>\n<p style=\"text-align: center;\">Vitoriosos nas tempestades da vida<\/p>\n<p style=\"text-align: center;\">Vitoriosos sobre depress\u00e3o, ansiedades, preocupa\u00e7\u00f5es<\/p>\n<p style=\"text-align: center;\">Vitoriosos sobre a doen\u00e7a, enfermidade e opress\u00e3o<\/p>\n<p><span style=\"color: #ff6600;\">Ora\u00e7\u00e3o:<\/span><em><span style=\"color: #ff6600;\"> Senhor meu Deus e Pai Celestial, eu te agrade\u00e7o do fundo do meu cora\u00e7\u00e3o como tens cuidado de mim, nem o teu \u00fanico Filho Amado me negaste para me salvares e resgatares de minha condi\u00e7\u00e3o. Eu trago o meu passado a ti, todas as minhas dores, vem Senhor, pelo teu Esp\u00edrito Santo me sarar, perdoar, libertar de todas as consequ\u00eancias que tenha sido afetado, vem fazer a tua vontade em mim, em nome de Jesus, \u00c1men.<\/span><\/em><\/p>\n<p>1Filipenses 3:13 RA; 2I Cor\u00edntios 2:2 NTLH<\/p>\n<p>[\/et_pb_text][et_pb_text _builder_version=&#8221;3.0.59&#8243; background_layout=&#8221;light&#8221; text_orientation=&#8221;center&#8221; border_style=&#8221;solid&#8221;]<\/p>\n<p>Medita na Gra\u00e7a de Deus &#8211; Am\u00e9lia Moinheiro<\/p>\n<p>[\/et_pb_text][\/et_pb_column][\/et_pb_row][\/et_pb_section]<\/p>\n","protected":false},"excerpt":{"rendered":"<p><div class=\"et_pb_row et_pb_row_0 et_pb_row_empty\">\n\t\t\t\t\n\t\t\t\t\n\t\t\t\t\n\t\t\t\t\n\t\t\t\t\n\t\t\t<\/div> MEDITA\u00c7\u00d5ES DA GRA\u00c7A DE DEUS VENCE O PASSADO \u201cEsquecendo-me das coisas que para tr\u00e1s ficam e avan\u00e7ando para as que diante de mim est\u00e3o\u201d. 1 Existem alturas na nossa vida que temos dificuldade de vencer sobre o nosso passado falhado! Temos dificuldade de vencer sobre relacionamentos, situa\u00e7\u00f5es, trag\u00e9dias que se deram no passado. Como [&hellip;]<\/p>\n","protected":false},"author":2,"featured_media":0,"comment_status":"open","ping_status":"open","sticky":false,"template":"","format":"standard","meta":{"_et_pb_use_builder":"on","_et_pb_old_content":"","_et_gb_content_width":"","footnotes":""},"categories":[32],"tags":[],"class_list":["post-740","post","type-post","status-publish","format-standard","hentry","category-fe-cura-e-milagres"],"_links":{"self":[{"href":"https:\/\/meditacoes-da-graca.com\/index.php\/wp-json\/wp\/v2\/posts\/740","targetHints":{"allow":["GET"]}}],"collection":[{"href":"https:\/\/meditacoes-da-graca.com\/index.php\/wp-json\/wp\/v2\/posts"}],"about":[{"href":"https:\/\/meditacoes-da-graca.com\/index.php\/wp-json\/wp\/v2\/types\/post"}],"author":[{"embeddable":true,"href":"https:\/\/meditacoes-da-graca.com\/index.php\/wp-json\/wp\/v2\/users\/2"}],"replies":[{"embeddable":true,"href":"https:\/\/meditacoes-da-graca.com\/index.php\/wp-json\/wp\/v2\/comments?post=740"}],"version-history":[{"count":2,"href":"https:\/\/meditacoes-da-graca.com\/index.php\/wp-json\/wp\/v2\/posts\/740\/revisions"}],"predecessor-version":[{"id":743,"href":"https:\/\/meditacoes-da-graca.com\/index.php\/wp-json\/wp\/v2\/posts\/740\/revisions\/743"}],"wp:attachment":[{"href":"https:\/\/meditacoes-da-graca.com\/index.php\/wp-json\/wp\/v2\/media?parent=740"}],"wp:term":[{"taxonomy":"category","embeddable":true,"href":"https:\/\/meditacoes-da-graca.com\/index.php\/wp-json\/wp\/v2\/categories?post=740"},{"taxonomy":"post_tag","embeddable":true,"href":"https:\/\/meditacoes-da-graca.com\/index.php\/wp-json\/wp\/v2\/tags?post=740"}],"curies":[{"name":"wp","href":"https:\/\/api.w.org\/{rel}","templated":true}]}}