{"id":738,"date":"2017-08-30T11:10:56","date_gmt":"2017-08-30T09:10:56","guid":{"rendered":"http:\/\/meditacoes-da-graca.com\/?p=738"},"modified":"2017-08-30T11:10:56","modified_gmt":"2017-08-30T09:10:56","slug":"mais-vitoria","status":"publish","type":"post","link":"https:\/\/meditacoes-da-graca.com\/index.php\/2017\/08\/30\/mais-vitoria\/","title":{"rendered":"MAIS VIT\u00d3RIA"},"content":{"rendered":"<p>[et_pb_section bb_built=&#8221;1&#8243;][et_pb_row][et_pb_column type=&#8221;4_4&#8243;][et_pb_text _builder_version=&#8221;3.0.59&#8243; background_layout=&#8221;light&#8221; text_orientation=&#8221;center&#8221; border_style=&#8221;solid&#8221;]<\/p>\n<h2><span style=\"color: #ff6600;\">MEDITA\u00c7\u00d5ES DA GRA\u00c7A DE DEUS<\/span><\/h2>\n<h2>MAIS VIT\u00d3RIA<\/h2>\n<p>[\/et_pb_text][et_pb_text _builder_version=&#8221;3.0.59&#8243; background_layout=&#8221;light&#8221; text_orientation=&#8221;left&#8221; border_style=&#8221;solid&#8221;]<\/p>\n<p>Enfrenta os desafios da tua vida, as batalhas, as perdas, os desapontamentos e frustra\u00e7\u00f5es e recorre a Jesus que te quer ajudar, confiante do Seu grande amor por ti!<\/p>\n<p style=\"text-align: center;\"><span style=\"color: #333399;\">Somente <strong>s\u00ea forte e muito corajoso!<\/strong> N\u00e3o fui eu que te ordenei? S\u00ea forte e corajoso! <strong>N\u00e3o te apavores, nem desanimes<\/strong>, pois o Senhor, o teu Deus, estar\u00e1 contigo por onde andares. 1<\/span><\/p>\n<p style=\"text-align: center;\"><span style=\"color: #333399;\">Cantai ao Senhor um c\u00e2ntico novo, porque ele tem feito maravilhas; a sua destra e o seu bra\u00e7o santo lhe alcan\u00e7aram a <strong>vit\u00f3ria<\/strong>. 2<\/span><\/p>\n<p style=\"text-align: center;\"><span style=\"color: #333399;\">O cavalo prepara-se para o dia da batalha; mas do Senhor vem a <strong>vit\u00f3ria<\/strong>. 3<\/span><\/p>\n<p style=\"text-align: center;\"><span style=\"color: #333399;\">Mas gra\u00e7as a Deus que nos d\u00e1 a <strong>vit\u00f3ria<\/strong> por nosso Senhor Jesus Cristo. 4<\/span><\/p>\n<p style=\"text-align: center;\"><span style=\"color: #333399;\">Porque todo o que \u00e9 nascido de Deus vence o mundo; e esta \u00e9 a vit\u00f3ria que <strong>vence<\/strong> o mundo: a nossa f\u00e9. Quem \u00e9 o que vence o mundo, sen\u00e3o aquele que cr\u00ea que Jesus \u00e9 o Filho de Deus? 5<\/span><\/p>\n<p style=\"text-align: center;\"><span style=\"color: #333399;\">N\u00e3o te deixes <strong>vencer<\/strong> do mal, mas vence o mal com o bem.6<\/span><\/p>\n<p style=\"text-align: center;\"><span style=\"color: #333399;\">Os quais por meio da f\u00e9 <strong>venceram<\/strong> reinos, praticaram a justi\u00e7a, alcan\u00e7aram promessas, fecharam a boca dos le\u00f5es.7<\/span><\/p>\n<p style=\"text-align: center;\"><span style=\"color: #333399;\">Eu escrevi, jovens, porque sois fortes, e a palavra de Deus permanece em v\u00f3s, e j\u00e1 <strong>vencestes<\/strong> o Maligno.8<\/span><\/p>\n<p style=\"text-align: center;\"><span style=\"color: #333399;\">E eles o <strong>venceram<\/strong> pelo sangue do Cordeiro e pela palavra do seu testemunho. 9<\/span><\/p>\n<p style=\"text-align: center;\"><span style=\"color: #333399;\">Olhei, e eis um cavalo branco; e o que estava montado nele (Jesus) tinha um arco; e foi-lhe dada uma coroa, <strong>e saiu vencendo, e para vencer.<\/strong> 10<\/span><\/p>\n<p>E porque Jesus venceu, tu tambem vencer\u00e1s!<\/p>\n<p><span style=\"color: #ff6600;\">Ora\u00e7\u00e3o:<\/span><em><span style=\"color: #ff6600;\"> Precioso Esp\u00edrito Santo de Deus que habitas em mim, vem me capacitar, encorajar, edificar, fortalecer, e encaminhar os meus passos em todos os teus caminhos, a fazer a vontade de Deus Pai, a permanecer forte na f\u00e9 e na esperan\u00e7a que atrav\u00e9s de Jesus Cristo o meu Senhor e Salvador, eu sou mais que vencedor por aquele que tanto me amou e se entregou por mim, Jesus!<\/span><\/em><\/p>\n<p>1Josue 1:7,9 NVI; 2Salmos 91:1; 3Proverbios 21:31; 4I Cor\u00edntios 15:57; 5I Jo\u00e3o 5:4,5; 6Romanos 12:21; 7Hebreus 11:33; 8I Jo\u00e3o 2:14; 9Apocalipse 12:11; 10Apocalipse 6:2<\/p>\n<p>[\/et_pb_text][et_pb_text _builder_version=&#8221;3.0.59&#8243; background_layout=&#8221;light&#8221; text_orientation=&#8221;center&#8221; border_style=&#8221;solid&#8221;]<\/p>\n<p>Medita na Gra\u00e7a de Deus &#8211; Am\u00e9lia Moinheiro<\/p>\n<p>[\/et_pb_text][\/et_pb_column][\/et_pb_row][\/et_pb_section]<\/p>\n","protected":false},"excerpt":{"rendered":"<p><div class=\"et_pb_row et_pb_row_0 et_pb_row_empty\">\n\t\t\t\t\n\t\t\t\t\n\t\t\t\t\n\t\t\t\t\n\t\t\t\t\n\t\t\t<\/div> MEDITA\u00c7\u00d5ES DA GRA\u00c7A DE DEUS MAIS VIT\u00d3RIA Enfrenta os desafios da tua vida, as batalhas, as perdas, os desapontamentos e frustra\u00e7\u00f5es e recorre a Jesus que te quer ajudar, confiante do Seu grande amor por ti! Somente s\u00ea forte e muito corajoso! N\u00e3o fui eu que te ordenei? S\u00ea forte e corajoso! N\u00e3o te [&hellip;]<\/p>\n","protected":false},"author":2,"featured_media":0,"comment_status":"open","ping_status":"open","sticky":false,"template":"","format":"standard","meta":{"_et_pb_use_builder":"on","_et_pb_old_content":"","_et_gb_content_width":"","footnotes":""},"categories":[32],"tags":[],"class_list":["post-738","post","type-post","status-publish","format-standard","hentry","category-fe-cura-e-milagres"],"_links":{"self":[{"href":"https:\/\/meditacoes-da-graca.com\/index.php\/wp-json\/wp\/v2\/posts\/738","targetHints":{"allow":["GET"]}}],"collection":[{"href":"https:\/\/meditacoes-da-graca.com\/index.php\/wp-json\/wp\/v2\/posts"}],"about":[{"href":"https:\/\/meditacoes-da-graca.com\/index.php\/wp-json\/wp\/v2\/types\/post"}],"author":[{"embeddable":true,"href":"https:\/\/meditacoes-da-graca.com\/index.php\/wp-json\/wp\/v2\/users\/2"}],"replies":[{"embeddable":true,"href":"https:\/\/meditacoes-da-graca.com\/index.php\/wp-json\/wp\/v2\/comments?post=738"}],"version-history":[{"count":1,"href":"https:\/\/meditacoes-da-graca.com\/index.php\/wp-json\/wp\/v2\/posts\/738\/revisions"}],"predecessor-version":[{"id":741,"href":"https:\/\/meditacoes-da-graca.com\/index.php\/wp-json\/wp\/v2\/posts\/738\/revisions\/741"}],"wp:attachment":[{"href":"https:\/\/meditacoes-da-graca.com\/index.php\/wp-json\/wp\/v2\/media?parent=738"}],"wp:term":[{"taxonomy":"category","embeddable":true,"href":"https:\/\/meditacoes-da-graca.com\/index.php\/wp-json\/wp\/v2\/categories?post=738"},{"taxonomy":"post_tag","embeddable":true,"href":"https:\/\/meditacoes-da-graca.com\/index.php\/wp-json\/wp\/v2\/tags?post=738"}],"curies":[{"name":"wp","href":"https:\/\/api.w.org\/{rel}","templated":true}]}}