{"id":713,"date":"2017-08-30T10:00:57","date_gmt":"2017-08-30T08:00:57","guid":{"rendered":"http:\/\/meditacoes-da-graca.com\/?p=713"},"modified":"2017-08-30T10:00:57","modified_gmt":"2017-08-30T08:00:57","slug":"foste-escolhido-e-ungido","status":"publish","type":"post","link":"https:\/\/meditacoes-da-graca.com\/index.php\/2017\/08\/30\/foste-escolhido-e-ungido\/","title":{"rendered":"FOSTE ESCOLHIDO E UNGIDO!"},"content":{"rendered":"<p>[et_pb_section bb_built=&#8221;1&#8243;][et_pb_row][et_pb_column type=&#8221;4_4&#8243;][et_pb_text _builder_version=&#8221;3.0.59&#8243; background_layout=&#8221;light&#8221; text_orientation=&#8221;center&#8221; border_style=&#8221;solid&#8221;]<\/p>\n<h2><span style=\"color: #ff6600;\">MEDITA\u00c7\u00d5ES DA GRA\u00c7A DE DEUS<\/span><\/h2>\n<h2>FOSTE ESCOLHIDO E UNGIDO!<\/h2>\n<p>[\/et_pb_text][et_pb_text _builder_version=&#8221;3.0.59&#8243; background_layout=&#8221;light&#8221; text_orientation=&#8221;left&#8221; border_style=&#8221;solid&#8221;]<\/p>\n<p style=\"text-align: center;\"><span style=\"color: #333399;\">\u201cHavendo Deus antigamente falado muitas vezes, e de muitas maneiras, aos pais, pelos profetas..\u201d 1<\/span><\/p>\n<p style=\"text-align: center;\"><span style=\"color: #333399;\">\u201cBem falou o Esp\u00edrito Santo aos vossos pais pelo profeta\u2026 dizendo..\u201d 2<\/span><\/p>\n<p>No Antigo Testamento vemos o povo de Deus dependente de Mois\u00e9s ou dos profetas para que Deus falasse ao povo por interm\u00e9dio deles. Interessante de notar aqui a participa\u00e7\u00e3o da pessoa do Esp\u00edrito Santo a \u2018falar aos pais\u2019. At\u00e9 ent\u00e3o, o Esp\u00edrito Santo n\u00e3o havia descido e apenas alguns, chamados por Deus, profetas, eram ungidos pelo Esp\u00edrito Santo de Deus para falarem ao povo.<\/p>\n<p>MAIS A SEGUIR DIZ:<\/p>\n<p style=\"text-align: center;\"><span style=\"color: #333399;\">\u201cNestes \u00faltimos dias a n\u00f3s nos falou pelo Filho, a quem constituiu herdeiro de todas as coisas, e por quem fez tamb\u00e9m o mundo\u201d. 3<\/span><\/p>\n<p style=\"text-align: center;\"><span style=\"color: #333399;\">\u201cConcernente a Jesus de Nazar\u00e9, como Deus o ungiu com o Esp\u00edrito Santo e com poder.\u201d 4<\/span><\/p>\n<p><strong>Um novo cen\u00e1rio<\/strong> se abre diante de n\u00f3s na primeira parte do Novo Testamento. Vemos <strong>Jesus, o Filho de Deus<\/strong>, a quem foi constitu\u00eddo herdeiro de todas as coisas do Pai, o qual por Ele o mundo tamb\u00e9m foi feito, a ser por Deus ungido com o Esp\u00edrito Santo e com Poder. Os disc\u00edpulos de Jesus, a multid\u00e3o de povo agora dependiam de Jesus para Deus falar com eles.<\/p>\n<p>MAIS ADIANTE LEMOS:<\/p>\n<p style=\"text-align: center;\"><span style=\"color: #333399;\">\u201cOra, se somos filhos, somos tamb\u00e9m herdeiros, herdeiros de Deus <strong>e co-herdeiros com Cristo\u201d 5<\/strong><\/span><\/p>\n<p style=\"text-align: center;\"><span style=\"color: #333399;\">\u201cMas recebereis poder, ao <strong>descer sobre v\u00f3s o Esp\u00edrito Santo.\u201d 6<\/strong><\/span><\/p>\n<p>Este novo cen\u00e1rio mais e mais se desvenda diante de n\u00f3s mais adiante no Novo Testamento. Com a ascens\u00e3o de Jesus Cristo para os C\u00e9us, e conforme prometido, d\u00e1-se a descida do Esp\u00edrito Santo. Antes os disc\u00edpulos de Jesus dependiam dele para ouvir Deus falar com eles.<\/p>\n<p>Agora, ap\u00f3s a descida do Esp\u00edrito Santo, e na altura que recebeste Jesus em tua vida, Ele veio fazer morada em ti, e Deus fala diretamente contigo por interm\u00e9dio do Esp\u00edrito Santo que est\u00e1 em ti! \u00c9 o enchimento do Esp\u00edrito Santo que resulta na un\u00e7\u00e3o do Seu Esp\u00edrito sobre ti!<\/p>\n<p><span style=\"color: #ff6600;\">Ora\u00e7\u00e3o:<\/span><em><span style=\"color: #ff6600;\"> Obrigado meu Senhor e meu Deus porque me chamaste, me salvaste, pelo precioso sangue de Jesus e me ungiste com o teu Santo Esp\u00edrito! Vem Esp\u00edrito Santo de Deus e tem primazia em todo o meu ser, vem ensinar-me o caminho a seguir, as Palavras de Jesus Cristo e a encaminhar-me em todos os seus ensinos, em nome de Jesus, \u00c1men.<\/span><\/em><\/p>\n<p>1 Hebreus 1:1 AA; 2Atos 28:25; 3 Hebreus 1:2 AA; 4 Atos 10:38; 5Romanos 8:17 RA; 6 Atos 1:8 AA;<\/p>\n<p>[\/et_pb_text][et_pb_text _builder_version=&#8221;3.0.59&#8243; background_layout=&#8221;light&#8221; text_orientation=&#8221;center&#8221; border_style=&#8221;solid&#8221;]<\/p>\n<p>Medita na Gra\u00e7a de Deus &#8211; Am\u00e9lia Moinheiro<\/p>\n<p>[\/et_pb_text][\/et_pb_column][\/et_pb_row][\/et_pb_section]<\/p>\n","protected":false},"excerpt":{"rendered":"<p><div class=\"et_pb_row et_pb_row_0 et_pb_row_empty\">\n\t\t\t\t\n\t\t\t\t\n\t\t\t\t\n\t\t\t\t\n\t\t\t\t\n\t\t\t<\/div> MEDITA\u00c7\u00d5ES DA GRA\u00c7A DE DEUS FOSTE ESCOLHIDO E UNGIDO! \u201cHavendo Deus antigamente falado muitas vezes, e de muitas maneiras, aos pais, pelos profetas..\u201d 1 \u201cBem falou o Esp\u00edrito Santo aos vossos pais pelo profeta\u2026 dizendo..\u201d 2 No Antigo Testamento vemos o povo de Deus dependente de Mois\u00e9s ou dos profetas para que Deus falasse [&hellip;]<\/p>\n","protected":false},"author":2,"featured_media":0,"comment_status":"open","ping_status":"open","sticky":false,"template":"","format":"standard","meta":{"_et_pb_use_builder":"on","_et_pb_old_content":"","_et_gb_content_width":"","footnotes":""},"categories":[30],"tags":[],"class_list":["post-713","post","type-post","status-publish","format-standard","hentry","category-o-espirito-santo-e-a-uncao"],"_links":{"self":[{"href":"https:\/\/meditacoes-da-graca.com\/index.php\/wp-json\/wp\/v2\/posts\/713","targetHints":{"allow":["GET"]}}],"collection":[{"href":"https:\/\/meditacoes-da-graca.com\/index.php\/wp-json\/wp\/v2\/posts"}],"about":[{"href":"https:\/\/meditacoes-da-graca.com\/index.php\/wp-json\/wp\/v2\/types\/post"}],"author":[{"embeddable":true,"href":"https:\/\/meditacoes-da-graca.com\/index.php\/wp-json\/wp\/v2\/users\/2"}],"replies":[{"embeddable":true,"href":"https:\/\/meditacoes-da-graca.com\/index.php\/wp-json\/wp\/v2\/comments?post=713"}],"version-history":[{"count":1,"href":"https:\/\/meditacoes-da-graca.com\/index.php\/wp-json\/wp\/v2\/posts\/713\/revisions"}],"predecessor-version":[{"id":714,"href":"https:\/\/meditacoes-da-graca.com\/index.php\/wp-json\/wp\/v2\/posts\/713\/revisions\/714"}],"wp:attachment":[{"href":"https:\/\/meditacoes-da-graca.com\/index.php\/wp-json\/wp\/v2\/media?parent=713"}],"wp:term":[{"taxonomy":"category","embeddable":true,"href":"https:\/\/meditacoes-da-graca.com\/index.php\/wp-json\/wp\/v2\/categories?post=713"},{"taxonomy":"post_tag","embeddable":true,"href":"https:\/\/meditacoes-da-graca.com\/index.php\/wp-json\/wp\/v2\/tags?post=713"}],"curies":[{"name":"wp","href":"https:\/\/api.w.org\/{rel}","templated":true}]}}