{"id":709,"date":"2017-08-30T09:51:19","date_gmt":"2017-08-30T07:51:19","guid":{"rendered":"http:\/\/meditacoes-da-graca.com\/?p=709"},"modified":"2017-08-30T09:51:19","modified_gmt":"2017-08-30T07:51:19","slug":"o-teu-relacionamento-com-o-espirito-santo","status":"publish","type":"post","link":"https:\/\/meditacoes-da-graca.com\/index.php\/2017\/08\/30\/o-teu-relacionamento-com-o-espirito-santo\/","title":{"rendered":"O TEU RELACIONAMENTO COM O ESP\u00cdRITO SANTO"},"content":{"rendered":"<p>[et_pb_section bb_built=&#8221;1&#8243;][et_pb_row][et_pb_column type=&#8221;4_4&#8243;][et_pb_text _builder_version=&#8221;3.0.59&#8243; background_layout=&#8221;light&#8221; text_orientation=&#8221;center&#8221; border_style=&#8221;solid&#8221;]<\/p>\n<h2><span style=\"color: #ff6600;\">MEDITA\u00c7\u00d5ES DA GRA\u00c7A DE DEUS<\/span><\/h2>\n<h2>O TEU RELACIONAMENTO COM O ESP\u00cdRITO SANTO<\/h2>\n<p>[\/et_pb_text][et_pb_text _builder_version=&#8221;3.0.59&#8243; background_layout=&#8221;light&#8221; text_orientation=&#8221;left&#8221; border_style=&#8221;solid&#8221;]<\/p>\n<p style=\"text-align: center;\"><span style=\"color: #333399;\">\u201c\u2026 e a comunh\u00e3o do Esp\u00edrito Santo sejam com todos voc\u00eas.\u201d 1<\/span><\/p>\n<p style=\"text-align: center;\"><span style=\"color: #333399;\">\u201cPortanto, se h\u00e1 alguma exorta\u00e7\u00e3o em Cristo, se alguma consola\u00e7\u00e3o de amor, se alguma comunh\u00e3o do Esp\u00edrito..\u201d 2<\/span><\/p>\n<p>\u00c9 poss\u00edvel manter um relacionamento com alguem sem ter comunh\u00e3o com essa pessoa? Creio que \u00e9 de comum acordo que n\u00e3o \u00e9 poss\u00edvel. O Esp\u00edrito Santo, a Terceira Pessoa da Trindade, \u00e9 uma pessoa e portanto deseja ter comunh\u00e3o contigo. S\u00f3 \u00e9 poss\u00edvel ter comunh\u00e3o, quando esta comunh\u00e3o \u00e9 de ambos os lados. Isto \u00e9, o Esp\u00edrito Santo fala connosco, e n\u00f3s falamos com o Esp\u00edrito Santo. N\u00e3o \u00e9 um mon\u00f3logo mas antes um di\u00e1logo.<\/p>\n<p><em><strong>COMO POSSO COME\u00c7AR ESTA COMUNH\u00c3O<\/strong> <\/em>com o Esp\u00edrito Santo? \u00c9 simples. Esta comunh\u00e3o teve inicio quando confessaste Jesus Cristo como teu Senhor. Sem a ajuda do Esp\u00edrito Santo n\u00e3o poderias ter feito tal declara\u00e7\u00e3o.3 Podes falar com o Esp\u00edrito Santo, pois Ele fala contigo, no interior do teu cora\u00e7\u00e3o!<\/p>\n<p><em><strong>ANDAR NO ESP\u00cdRITO,<\/strong><\/em> isto \u00e9 um caminhar di\u00e1rio e constante com o Esp\u00edrito Santo, conforme diz <em><span style=\"color: #333399;\">\u201cDigo, por\u00e9m: andai no esp\u00edrito e jamais satisfareis \u00e0 concupisc\u00eancia da carne.\u201d 4<\/span><\/em> Este \u00e9 um andar par a par, um andar na mesma dire\u00e7\u00e3o e ao mesmo tempo, ao mesmo passo. O Esp\u00edrito Santo vive dentro de ti, Ele veio fazer morada em ti. N\u00e3o o leves a s\u00edtios que Ele n\u00e3o quer ir, mas deixa Ele te levar onde deseja.<\/p>\n<p><em><strong>NOS ENSINA,<\/strong><\/em> ao andarmos juntos dia a dia <span style=\"color: #333399;\"><em>\u201cO <strong>Esp\u00edrito Santo.. vos ensinar\u00e1 todas<\/strong> as <strong>coisas\u201d<\/strong> <span style=\"color: #000000;\">que coisas Ele nos ensinar\u00e1?<\/span> <span style=\"color: #333399;\">\u201c.<\/span><\/em>. de tudo quanto eu (Jesus) vos tenho dito.\u201d 5<\/span> (Cont. prox. medita\u00e7\u00e3o)<\/p>\n<p><strong>APLICA\u00c7\u00c3O:<\/strong><\/p>\n<p><span style=\"color: #ff6600;\"><em>\u2018Eu te agrade\u00e7o meu Deus e Pai pelo teu amor por mim! Senhor Jesus Cristo eu te agrade\u00e7o por que me salvaste e me perdoaste os pecados. Bem vindo Esp\u00edrito Santo de Deus, vem e faz morada permanente em mim!<\/em><\/span><\/p>\n<p><span style=\"color: #ff6600;\"><em>Precioso Esp\u00edrito Santo, quero permanecer na comunh\u00e3o contigo. Quero andar dia a dia contigo, com a Tua for\u00e7a vencerei as tenta\u00e7\u00f5es, poderei enfrentar os desafios diante de mim com a Tua sabedoria e dire\u00e7\u00e3o. Vem Esp\u00edrito Santo de Deus e ensina-me todas as coisas, em nome de Jesus, \u00c1men.<\/em><\/span><\/p>\n<p>12 Cor 13:13 NIV; 2Filipenses 2:1 AA; 3I Cor\u00edntios 12:3 AA; 4G\u00e1latas 5:16 RA; 5 Jo\u00e3o 14:26 AA<\/p>\n<p>[\/et_pb_text][et_pb_text _builder_version=&#8221;3.0.59&#8243; background_layout=&#8221;light&#8221; text_orientation=&#8221;center&#8221; border_style=&#8221;solid&#8221;]<\/p>\n<p>Medita na Gra\u00e7a de Deus &#8211; Am\u00e9lia Moinheiro<\/p>\n<p>[\/et_pb_text][\/et_pb_column][\/et_pb_row][\/et_pb_section]<\/p>\n","protected":false},"excerpt":{"rendered":"<p><div class=\"et_pb_row et_pb_row_0 et_pb_row_empty\">\n\t\t\t\t\n\t\t\t\t\n\t\t\t\t\n\t\t\t\t\n\t\t\t\t\n\t\t\t<\/div> MEDITA\u00c7\u00d5ES DA GRA\u00c7A DE DEUS O TEU RELACIONAMENTO COM O ESP\u00cdRITO SANTO \u201c\u2026 e a comunh\u00e3o do Esp\u00edrito Santo sejam com todos voc\u00eas.\u201d 1 \u201cPortanto, se h\u00e1 alguma exorta\u00e7\u00e3o em Cristo, se alguma consola\u00e7\u00e3o de amor, se alguma comunh\u00e3o do Esp\u00edrito..\u201d 2 \u00c9 poss\u00edvel manter um relacionamento com alguem sem ter comunh\u00e3o com essa [&hellip;]<\/p>\n","protected":false},"author":2,"featured_media":0,"comment_status":"open","ping_status":"open","sticky":false,"template":"","format":"standard","meta":{"_et_pb_use_builder":"on","_et_pb_old_content":"","_et_gb_content_width":"","footnotes":""},"categories":[30],"tags":[],"class_list":["post-709","post","type-post","status-publish","format-standard","hentry","category-o-espirito-santo-e-a-uncao"],"_links":{"self":[{"href":"https:\/\/meditacoes-da-graca.com\/index.php\/wp-json\/wp\/v2\/posts\/709","targetHints":{"allow":["GET"]}}],"collection":[{"href":"https:\/\/meditacoes-da-graca.com\/index.php\/wp-json\/wp\/v2\/posts"}],"about":[{"href":"https:\/\/meditacoes-da-graca.com\/index.php\/wp-json\/wp\/v2\/types\/post"}],"author":[{"embeddable":true,"href":"https:\/\/meditacoes-da-graca.com\/index.php\/wp-json\/wp\/v2\/users\/2"}],"replies":[{"embeddable":true,"href":"https:\/\/meditacoes-da-graca.com\/index.php\/wp-json\/wp\/v2\/comments?post=709"}],"version-history":[{"count":1,"href":"https:\/\/meditacoes-da-graca.com\/index.php\/wp-json\/wp\/v2\/posts\/709\/revisions"}],"predecessor-version":[{"id":711,"href":"https:\/\/meditacoes-da-graca.com\/index.php\/wp-json\/wp\/v2\/posts\/709\/revisions\/711"}],"wp:attachment":[{"href":"https:\/\/meditacoes-da-graca.com\/index.php\/wp-json\/wp\/v2\/media?parent=709"}],"wp:term":[{"taxonomy":"category","embeddable":true,"href":"https:\/\/meditacoes-da-graca.com\/index.php\/wp-json\/wp\/v2\/categories?post=709"},{"taxonomy":"post_tag","embeddable":true,"href":"https:\/\/meditacoes-da-graca.com\/index.php\/wp-json\/wp\/v2\/tags?post=709"}],"curies":[{"name":"wp","href":"https:\/\/api.w.org\/{rel}","templated":true}]}}