{"id":705,"date":"2017-08-30T09:22:38","date_gmt":"2017-08-30T07:22:38","guid":{"rendered":"http:\/\/meditacoes-da-graca.com\/?p=705"},"modified":"2017-10-30T16:34:51","modified_gmt":"2017-10-30T14:34:51","slug":"o-espirito-santo-o-teu-ajudador","status":"publish","type":"post","link":"https:\/\/meditacoes-da-graca.com\/index.php\/2017\/08\/30\/o-espirito-santo-o-teu-ajudador\/","title":{"rendered":"O ESP\u00cdRITO SANTO, O TEU AJUDADOR!"},"content":{"rendered":"<p>[et_pb_section bb_built=&#8221;1&#8243;][et_pb_row][et_pb_column type=&#8221;4_4&#8243;][et_pb_text _builder_version=&#8221;3.0.59&#8243; background_layout=&#8221;light&#8221; text_orientation=&#8221;center&#8221; border_style=&#8221;solid&#8221;]<\/p>\n<h2><span style=\"color: #ff6600;\">MEDITA\u00c7\u00d5ES DA GRA\u00c7A DE DEUS<\/span><\/h2>\n<h2>O ESP\u00cdRITO SANTO, O TEU AJUDADOR!<\/h2>\n<p>[\/et_pb_text][et_pb_text _builder_version=&#8221;3.0.59&#8243; background_layout=&#8221;light&#8221; text_orientation=&#8221;left&#8221; border_style=&#8221;solid&#8221;]<\/p>\n<p style=\"text-align: center;\"><span style=\"color: #333399;\">E eu rogarei ao Pai, e ele vos dar\u00e1 outro Ajudador, para que fique convosco para sempre.1<\/span><\/p>\n<p style=\"text-align: center;\"><span style=\"color: #333399;\">Mas o Ajudador, o Esp\u00edrito Santo a quem o Pai enviar\u00e1 em meu nome, esse vos ensinar\u00e1 todas as coisas, e vos far\u00e1 lembrar de tudo quanto eu vos tenho dito.2<\/span><\/p>\n<p style=\"text-align: center;\"><span style=\"color: #333399;\">Quando vier o Ajudador \u2026 o Esp\u00edrito da verdade, que do Pai procede, esse dar\u00e1 testemunho de mim.3<\/span><\/p>\n<p style=\"text-align: center;\"><span style=\"color: #333399;\">Todavia, digo-vos a verdade, conv\u00e9m-vos que eu v\u00e1; pois se eu n\u00e3o for, o Ajudador n\u00e3o vir\u00e1 a v\u00f3s;<\/span><\/p>\n<p style=\"text-align: center;\"><span style=\"color: #333399;\">mas, se eu for, vo-lo enviarei.4<\/span><\/p>\n<p style=\"text-align: center;\"><span style=\"color: #333399;\">De modo que com plena confian\u00e7a digamos:<\/span><\/p>\n<p style=\"text-align: center;\"><span style=\"color: #333399;\">O Senhor \u00e9 quem me ajuda, n\u00e3o temerei.5<\/span><\/p>\n<p>As palavras acima foram ditas por Jesus aos seus disc\u00edpulos e, sucessivamente, a todos n\u00f3s. Conforme Jesus disse, convinha que Ele fosse para o Pai a fim de que o Esp\u00edrito Santo fosse enviado a n\u00f3s. Nenhum de n\u00f3s pode dizer \u2018Jesus Cristo \u00e9 Senhor\u2019 se n\u00e3o for pelo Esp\u00edrito Santo. N\u00f3s n\u00e3o podemos viver a nossa vida crist\u00e3 sem o nosso Ajudador, o Esp\u00edrito Santo que veio fazer morada em n\u00f3s quando recebemos Jesus como Salvador.<\/p>\n<p>O nosso Ajudador, o Esp\u00edrito Santo, nos ajuda em todas as situa\u00e7\u00f5es, em todos os momentos seja qual for a hora do dia ou noite, n\u00e3o nos abandona nem se esquece de n\u00f3s antes, pelo contr\u00e1rio, nos far\u00e1 lembrar das palavras de Jesus.<\/p>\n<p><strong>APLICA\u00c7\u00c3O<\/strong><\/p>\n<p><em>Vemos na B\u00edblia que quando Deus criou a Ad\u00e3o viu que n\u00e3o era bom que o homem estivesse s\u00f3, ent\u00e3o deu-lhe uma ajudadora Eva, que lhe fosse id\u00f3nea.6 Acontece que Ad\u00e3o pecou e, juntamente, a sua ajudadora. O Segundo e \u00faltimo Ad\u00e3o, foi Jesus Cristo, o Filho de Deus sem pecado que deu a sua vida para nos resgatar do pecado. Jesus venceu e com Ele, o segundo e ultimo Ajudador o Esp\u00edrito Santo! Costuma-se dizer \u2018S\u00f3 podemos ajudar a quem se deixa ajudar\u2019. A fim de poderes ser ajudado pelo Esp\u00edrito Santo, precisas reconhecer a Sua presen\u00e7a permanente na tua vida como teu Senhor, precisas andar com o Esp\u00edrito Santo, ter comunh\u00e3o com Ele. Ter comunh\u00e3o com o Esp\u00edrito Santo n\u00e3o \u00e9 um mon\u00f3logo mas sim um di\u00e1logo com Ele, constante! O Teu melhor companheiro, amigo, conselheiro, aquele que te justifica!<\/em><\/p>\n<p><span style=\"color: #ff6600;\">Ora\u00e7\u00e3o: Meu Pai, obrigado pelo Teu Filho Jesus, obrigado por teres enviado o Teu Esp\u00edrito Santo, o meu Ajudador! Vem Esp\u00edrito Santo de Deus me encher de Ti, vem me ajudar no meu pensar, no meu agir, no meu andar, em nome de Jesus, \u00c1men.<\/span><\/p>\n<p>1 Joao 14:16 AA; 2 Jo\u00e3o 14:26 AA; 3Jo\u00e3o 15:26 AA; 4Jo\u00e3o 16 :7 AA; 5Hebreus 13:6 AA; 6G\u00e9nesis 2<\/p>\n<p>[\/et_pb_text][et_pb_text _builder_version=&#8221;3.0.59&#8243; background_layout=&#8221;light&#8221; text_orientation=&#8221;center&#8221; border_style=&#8221;solid&#8221;]<\/p>\n<p>Medita na Gra\u00e7a de Deus &#8211; Am\u00e9lia Moinheiro<\/p>\n<p>[\/et_pb_text][\/et_pb_column][\/et_pb_row][\/et_pb_section]<\/p>\n","protected":false},"excerpt":{"rendered":"<p><div class=\"et_pb_row et_pb_row_0 et_pb_row_empty\">\n\t\t\t\t\n\t\t\t\t\n\t\t\t\t\n\t\t\t\t\n\t\t\t\t\n\t\t\t<\/div> MEDITA\u00c7\u00d5ES DA GRA\u00c7A DE DEUS O ESP\u00cdRITO SANTO, O TEU AJUDADOR! E eu rogarei ao Pai, e ele vos dar\u00e1 outro Ajudador, para que fique convosco para sempre.1 Mas o Ajudador, o Esp\u00edrito Santo a quem o Pai enviar\u00e1 em meu nome, esse vos ensinar\u00e1 todas as coisas, e vos far\u00e1 lembrar de tudo [&hellip;]<\/p>\n","protected":false},"author":2,"featured_media":0,"comment_status":"open","ping_status":"open","sticky":false,"template":"","format":"standard","meta":{"_et_pb_use_builder":"on","_et_pb_old_content":"","_et_gb_content_width":"","footnotes":""},"categories":[30],"tags":[],"class_list":["post-705","post","type-post","status-publish","format-standard","hentry","category-o-espirito-santo-e-a-uncao"],"_links":{"self":[{"href":"https:\/\/meditacoes-da-graca.com\/index.php\/wp-json\/wp\/v2\/posts\/705","targetHints":{"allow":["GET"]}}],"collection":[{"href":"https:\/\/meditacoes-da-graca.com\/index.php\/wp-json\/wp\/v2\/posts"}],"about":[{"href":"https:\/\/meditacoes-da-graca.com\/index.php\/wp-json\/wp\/v2\/types\/post"}],"author":[{"embeddable":true,"href":"https:\/\/meditacoes-da-graca.com\/index.php\/wp-json\/wp\/v2\/users\/2"}],"replies":[{"embeddable":true,"href":"https:\/\/meditacoes-da-graca.com\/index.php\/wp-json\/wp\/v2\/comments?post=705"}],"version-history":[{"count":1,"href":"https:\/\/meditacoes-da-graca.com\/index.php\/wp-json\/wp\/v2\/posts\/705\/revisions"}],"predecessor-version":[{"id":706,"href":"https:\/\/meditacoes-da-graca.com\/index.php\/wp-json\/wp\/v2\/posts\/705\/revisions\/706"}],"wp:attachment":[{"href":"https:\/\/meditacoes-da-graca.com\/index.php\/wp-json\/wp\/v2\/media?parent=705"}],"wp:term":[{"taxonomy":"category","embeddable":true,"href":"https:\/\/meditacoes-da-graca.com\/index.php\/wp-json\/wp\/v2\/categories?post=705"},{"taxonomy":"post_tag","embeddable":true,"href":"https:\/\/meditacoes-da-graca.com\/index.php\/wp-json\/wp\/v2\/tags?post=705"}],"curies":[{"name":"wp","href":"https:\/\/api.w.org\/{rel}","templated":true}]}}