{"id":702,"date":"2017-08-30T09:20:33","date_gmt":"2017-08-30T07:20:33","guid":{"rendered":"http:\/\/meditacoes-da-graca.com\/?p=702"},"modified":"2019-09-26T12:28:35","modified_gmt":"2019-09-26T10:28:35","slug":"carta-amiga","status":"publish","type":"post","link":"https:\/\/meditacoes-da-graca.com\/index.php\/2017\/08\/30\/carta-amiga\/","title":{"rendered":"CARTA AMIGA"},"content":{"rendered":"<p>[et_pb_section fb_built=&#8221;1&#8243; _builder_version=&#8221;3.22.3&#8243;][et_pb_row _builder_version=&#8221;3.22.3&#8243; background_size=&#8221;initial&#8221; background_position=&#8221;top_left&#8221; background_repeat=&#8221;repeat&#8221;][et_pb_column type=&#8221;4_4&#8243; _builder_version=&#8221;3.0.47&#8243;][et_pb_text _builder_version=&#8221;3.0.87&#8243; text_orientation=&#8221;center&#8221; module_alignment=&#8221;center&#8221; border_style=&#8221;solid&#8221;]<\/p>\n<h2><span style=\"color: #ff6600;\">MEDITA\u00c7\u00d5ES DA GRA\u00c7A DE DEUS<\/span><\/h2>\n<h2>CARTA AMIGA<\/h2>\n<p>[\/et_pb_text][et_pb_text _builder_version=&#8221;3.0.87&#8243; border_style=&#8221;solid&#8221;]<em>Acordei na manh\u00e3 de uma sexta-feira com um pesadelo. Encontrava-me, no \u2018sonho\u2019, numa situa\u00e7\u00e3o aflitiva. Havia sido atacada por um assaltante, um marginal que tinha me intercetado de forma amea\u00e7adora. Nisto, mesmo em sonho, eu clamei pelo nome de Jesus em alta voz. O assaltante, at\u00e9 ent\u00e3o desrespeitoso, surpreendeu-se que eu clamava pelo nome de Jesus. Nisto, tirou um chicote e come\u00e7ou a chicotear-me. Nem sequer me do\u00eda, mas eu clamava cada vez mais alto pelo nome de Jesus. Nisto, tocou o meu despertador, e acabou o pesadelo. Eram seis da manh\u00e3, hora de levantar e come\u00e7ar o dia.<\/em><\/p>\n<p><em>Sabemos que muitos dos nossos sonhos vem da nossa muita ocupa\u00e7\u00e3o do nosso dia a dia, mas este n\u00e3o me pareceu ser como tal. Acordara um tanto perturbada com o pesadelo ent\u00e3o orei e pedi a Deus a b\u00ean\u00e7\u00e3o para o dia e a sua prote\u00e7\u00e3o.<\/em><\/p>\n<p><em>N\u00e3o tardou muito, logo que o dia iniciou, recebi um telefonema onde a pessoa que falava comigo utiliza palavras como que um chicote contra mim. O ambiente, a atmosfera \u00e0 minha volta, estava um tanto pesado. Sentia-me enfraquecida para enfrentar tal atmosfera tensa \u00e0 minha frente.<\/em><\/p>\n<p><em>Prossegui com o dia na comunh\u00e3o com o Esp\u00edrito Santo. Ainda que ocupada com o que estava a fazer, falava constantemente \u201cEsp\u00edrito Santo de Deus, \u00e9s quem me auxilias, est\u00e1s aqui comigo, vem me ajudar, sinto-me fraca, vem me fortalecer&#8230;\u201d \u201cEsp\u00edrito Santo de Deus vem me iluminar, vem me orientar como lidar com esta situa\u00e7\u00e3o&#8230;\u201d \u201cObrigada Esp\u00edrito Santo pois me fortaleces!\u201d<\/em><\/p>\n<p><em>Ao chegar ao escrit\u00f3rio, novos e diferentes desafios se deparavam diante de mim, mais palavras como chicote vinham contra mim. Pude permanecer na paz de Deus e com a ajuda do Esp\u00edrito Santo, na comunh\u00e3o com o Esp\u00edrito, apenas dizia \u201cObrigada Senhor, obrigada Esp\u00edrito Santo est\u00e1s comigo\u201d. Lembrei-me do sonho, e de igual forma, repreendi no nome de Jesus toda e qualquer acusa\u00e7\u00e3o que se levantava contra mim. Pude experimentar de seguida um cessar do ataque e nada do que havia sido dito contra mim sequer me havia magoado.<\/em><\/p>\n<p><em>O dia acabou e n\u00e3o conseguia parar de dizer \u201cObrigada, obrigada, obrigada Esp\u00edrito Santo de Deus que me ajudas nas minhas fraquezas\u201d, \u201cObrigada, obrigada Jesus pela tua Palavra que \u00e9 escudo para mim\u201d, \u201cMeu Pai querido, obrigada, obrigada pelo teu t\u00e3o grande amor para comigo\u201d, \u201cObrigada, obrigada!<\/em><\/p>\n<p>Continuaremos ainda nas semanas seguintes a meditar na import\u00e2ncia da presen\u00e7a e a comunh\u00e3o do Esp\u00edrito Santo em nossas vidas. Que Deus te ilumine e te d\u00ea a revela\u00e7\u00e3o da intimidade que podes ter constantemente, 24 horas por dia, com o precioso Esp\u00edrito Santo de Deus, o poder de Deus manifesto e que vive em ti!<\/p>\n<p><span style=\"color: #ff6600;\">Ora\u00e7\u00e3o: Obrigado meu Pai e meu Deus pelo teu grande amor por mim, obrigado, obrigado meu querido Jesus pelo teu sacrif\u00edcio por mim, obrigado Esp\u00edrito Santo de Deus que me ajudas e me fortaleces, est\u00e1s comigo a todas as horas do dia ou da noite, obrigado, obrigado!<\/span><br \/>\n[\/et_pb_text][et_pb_text _builder_version=&#8221;3.0.87&#8243; text_orientation=&#8221;center&#8221; module_alignment=&#8221;center&#8221; border_style=&#8221;solid&#8221;]Medita na Gra\u00e7a de Deus &#8211; Am\u00e9lia Moinheiro<br \/>\n[\/et_pb_text][\/et_pb_column][\/et_pb_row][\/et_pb_section]<\/p>\n","protected":false},"excerpt":{"rendered":"<p>MEDITA\u00c7\u00d5ES DA GRA\u00c7A DE DEUS CARTA AMIGA Acordei na manh\u00e3 de uma sexta-feira com um pesadelo. Encontrava-me, no \u2018sonho\u2019, numa situa\u00e7\u00e3o aflitiva. Havia sido atacada por um assaltante, um marginal que tinha me intercetado de forma amea\u00e7adora. Nisto, mesmo em sonho, eu clamei pelo nome de Jesus em alta voz. O assaltante, at\u00e9 ent\u00e3o desrespeitoso, [&hellip;]<\/p>\n","protected":false},"author":2,"featured_media":0,"comment_status":"open","ping_status":"open","sticky":false,"template":"","format":"standard","meta":{"_et_pb_use_builder":"on","_et_pb_old_content":"","_et_gb_content_width":"","footnotes":""},"categories":[31],"tags":[],"class_list":["post-702","post","type-post","status-publish","format-standard","hentry","category-como-orar"],"_links":{"self":[{"href":"https:\/\/meditacoes-da-graca.com\/index.php\/wp-json\/wp\/v2\/posts\/702","targetHints":{"allow":["GET"]}}],"collection":[{"href":"https:\/\/meditacoes-da-graca.com\/index.php\/wp-json\/wp\/v2\/posts"}],"about":[{"href":"https:\/\/meditacoes-da-graca.com\/index.php\/wp-json\/wp\/v2\/types\/post"}],"author":[{"embeddable":true,"href":"https:\/\/meditacoes-da-graca.com\/index.php\/wp-json\/wp\/v2\/users\/2"}],"replies":[{"embeddable":true,"href":"https:\/\/meditacoes-da-graca.com\/index.php\/wp-json\/wp\/v2\/comments?post=702"}],"version-history":[{"count":3,"href":"https:\/\/meditacoes-da-graca.com\/index.php\/wp-json\/wp\/v2\/posts\/702\/revisions"}],"predecessor-version":[{"id":1208,"href":"https:\/\/meditacoes-da-graca.com\/index.php\/wp-json\/wp\/v2\/posts\/702\/revisions\/1208"}],"wp:attachment":[{"href":"https:\/\/meditacoes-da-graca.com\/index.php\/wp-json\/wp\/v2\/media?parent=702"}],"wp:term":[{"taxonomy":"category","embeddable":true,"href":"https:\/\/meditacoes-da-graca.com\/index.php\/wp-json\/wp\/v2\/categories?post=702"},{"taxonomy":"post_tag","embeddable":true,"href":"https:\/\/meditacoes-da-graca.com\/index.php\/wp-json\/wp\/v2\/tags?post=702"}],"curies":[{"name":"wp","href":"https:\/\/api.w.org\/{rel}","templated":true}]}}