{"id":700,"date":"2017-08-30T09:18:42","date_gmt":"2017-08-30T07:18:42","guid":{"rendered":"http:\/\/meditacoes-da-graca.com\/?p=700"},"modified":"2017-08-30T09:18:42","modified_gmt":"2017-08-30T07:18:42","slug":"visitacao-ou-habitacao","status":"publish","type":"post","link":"https:\/\/meditacoes-da-graca.com\/index.php\/2017\/08\/30\/visitacao-ou-habitacao\/","title":{"rendered":"VISITA\u00c7\u00c3O OU HABITA\u00c7\u00c3O?"},"content":{"rendered":"<p>[et_pb_section bb_built=&#8221;1&#8243;][et_pb_row][et_pb_column type=&#8221;4_4&#8243;][et_pb_text _builder_version=&#8221;3.0.59&#8243; background_layout=&#8221;light&#8221; text_orientation=&#8221;center&#8221; border_style=&#8221;solid&#8221;]<\/p>\n<h2><span style=\"color: #ff6600;\">MEDITA\u00c7\u00d5ES DA GRA\u00c7A DE DEUS<\/span><\/h2>\n<h2>VISITA\u00c7\u00c3O OU HABITA\u00c7\u00c3O?<\/h2>\n<p>[\/et_pb_text][et_pb_text _builder_version=&#8221;3.0.59&#8243; background_layout=&#8221;light&#8221; text_orientation=&#8221;left&#8221; border_style=&#8221;solid&#8221;]<\/p>\n<p style=\"text-align: center;\"><span style=\"color: #333399;\">Porquanto fizeste do Senhor o teu ref\u00fagio\u2026 a tua habita\u00e7\u00e3o.1<\/span><\/p>\n<p style=\"text-align: center;\"><span style=\"color: #333399;\">No qual tamb\u00e9m v\u00f3s juntamente estais sendo edificados para habita\u00e7\u00e3o de Deus no Esp\u00edrito. 2<\/span><\/p>\n<p style=\"text-align: center;\"><span style=\"color: #333399;\">\u00c9 com ci\u00fame que por n\u00f3s anseia o Esp\u00edrito, que ele fez habitar em n\u00f3s. 3<\/span><\/p>\n<p style=\"text-align: center;\"><span style=\"color: #333399;\">Habitarei e andarei entre eles; serei o seu Deus, e eles ser\u00e3o o meu povo. 4<\/span><\/p>\n<p>Ent\u00e3o, ouvi grande voz vinda do trono, dizendo: Eis o tabern\u00e1culo de Deus com os homens. Deus habitar\u00e1 com eles. Eles ser\u00e3o povos de Deus, e Deus mesmo estar\u00e1 com eles. 5<\/p>\n<p>\u00c9 de comum conhecimento que existe uma diferen\u00e7a muito grande entre visitarmos um determinado lugar ou habitarmos nele. Existe uma diferen\u00e7a quando alguem nos visita de vez em quando ou quando habitamos com alguem. O tipo de relacionamento que Deus deseja ter contigo n\u00e3o \u00e9 um relacionamento de visita apenas mas sim o de habita\u00e7\u00e3o. A Trindade deseja fazer habita\u00e7\u00e3o em ti! Tu ser\u00e1s povo seu e Ele o teu Deus! Faz de Deus o teu ref\u00fagio, o teu lugar de habita\u00e7\u00e3o. Pelo Esp\u00edrito Santo, Deus vem fazer morada em ti mediante o sacrificio que Jesus fez na cruz para te salvar. Medita nas escrituras acima.<\/p>\n<p><strong>OBSERVA\u00c7\u00c3O:<\/strong><\/p>\n<p><em>Uma grande multid\u00e3o de enfermos, cegos, coxos e paral\u00edticos aguardavam em cinco pavilh\u00f5es junto do tanque de Betesda que, de tempo em tempo, um anjo descesse e agitasse a \u00e1gua. O primeiro que entrasse no tanque seria sarado de sua enfermidade. Havia ali um paral\u00edtico h\u00e1 38 anos que n\u00e3o chegara a tempo ao tanque. Jesus veio ao seu encontro, e nesse mesmo dia ele foi sarado e andou! 6 A diferen\u00e7a aqui entre \u2018visita\u00e7\u00e3o\u2019 e \u2018habita\u00e7\u00e3o\u2019 \u00e9 distinta! Deus veio habitar e andar entre n\u00f3s, primeiramente atrav\u00e9s de Jesus Cristo, e agora pelo seu Esp\u00edrito Santo veio fazer a sua habita\u00e7\u00e3o em n\u00f3s! H\u00e1 quantos anos aguardas a tua cura? O teu milagre? A resposta \u00e0 tua ora\u00e7\u00e3o? No dia que confessaste Jesus como teu Senhor, Deus veio fazer a sua habita\u00e7\u00e3o em ti! Dentro de n\u00f3s, em Cristo Jesus, encontra-se a resposta, a salva\u00e7\u00e3o, a cura pelo seu Esp\u00edrito. Recebe o teu milagre n\u00e3o por visita\u00e7\u00e3o mas antes habita\u00e7\u00e3o!<\/em><\/p>\n<p><span style=\"color: #ff6600;\">Ora\u00e7\u00e3o: Vem Senhor fazer a tua habita\u00e7\u00e3o em mim mediante o sacrif\u00edcio que Jesus fez por mim e o perd\u00e3o dos meus pecados. Sara-me de todas as minhas enfermidades, lava-me pela tua Palavra e transforma-me na pessoa que desejas para a tua honra e gl\u00f3ria, em nome de Jesus, \u00c1men.<\/span><\/p>\n<p>1 Salmo 91:9 AA; 2Ef\u00e9sios 2:22 RA; 3Tiago 4:5 RA; 42 Corintios 6:16 RA; 5Apocalipse 21:3 RA; 6 Jo\u00e3o 5<\/p>\n<p>[\/et_pb_text][et_pb_text _builder_version=&#8221;3.0.59&#8243; background_layout=&#8221;light&#8221; text_orientation=&#8221;center&#8221; border_style=&#8221;solid&#8221;]<\/p>\n<p>Medita na Gra\u00e7a de Deus &#8211; Am\u00e9lia Moinheiro<\/p>\n<p>[\/et_pb_text][\/et_pb_column][\/et_pb_row][\/et_pb_section]<\/p>\n","protected":false},"excerpt":{"rendered":"<p><div class=\"et_pb_row et_pb_row_0 et_pb_row_empty\">\n\t\t\t\t\n\t\t\t\t\n\t\t\t\t\n\t\t\t\t\n\t\t\t\t\n\t\t\t<\/div> MEDITA\u00c7\u00d5ES DA GRA\u00c7A DE DEUS VISITA\u00c7\u00c3O OU HABITA\u00c7\u00c3O? Porquanto fizeste do Senhor o teu ref\u00fagio\u2026 a tua habita\u00e7\u00e3o.1 No qual tamb\u00e9m v\u00f3s juntamente estais sendo edificados para habita\u00e7\u00e3o de Deus no Esp\u00edrito. 2 \u00c9 com ci\u00fame que por n\u00f3s anseia o Esp\u00edrito, que ele fez habitar em n\u00f3s. 3 Habitarei e andarei entre eles; [&hellip;]<\/p>\n","protected":false},"author":2,"featured_media":0,"comment_status":"open","ping_status":"open","sticky":false,"template":"","format":"standard","meta":{"_et_pb_use_builder":"on","_et_pb_old_content":"","_et_gb_content_width":"","footnotes":""},"categories":[30],"tags":[],"class_list":["post-700","post","type-post","status-publish","format-standard","hentry","category-o-espirito-santo-e-a-uncao"],"_links":{"self":[{"href":"https:\/\/meditacoes-da-graca.com\/index.php\/wp-json\/wp\/v2\/posts\/700","targetHints":{"allow":["GET"]}}],"collection":[{"href":"https:\/\/meditacoes-da-graca.com\/index.php\/wp-json\/wp\/v2\/posts"}],"about":[{"href":"https:\/\/meditacoes-da-graca.com\/index.php\/wp-json\/wp\/v2\/types\/post"}],"author":[{"embeddable":true,"href":"https:\/\/meditacoes-da-graca.com\/index.php\/wp-json\/wp\/v2\/users\/2"}],"replies":[{"embeddable":true,"href":"https:\/\/meditacoes-da-graca.com\/index.php\/wp-json\/wp\/v2\/comments?post=700"}],"version-history":[{"count":1,"href":"https:\/\/meditacoes-da-graca.com\/index.php\/wp-json\/wp\/v2\/posts\/700\/revisions"}],"predecessor-version":[{"id":701,"href":"https:\/\/meditacoes-da-graca.com\/index.php\/wp-json\/wp\/v2\/posts\/700\/revisions\/701"}],"wp:attachment":[{"href":"https:\/\/meditacoes-da-graca.com\/index.php\/wp-json\/wp\/v2\/media?parent=700"}],"wp:term":[{"taxonomy":"category","embeddable":true,"href":"https:\/\/meditacoes-da-graca.com\/index.php\/wp-json\/wp\/v2\/categories?post=700"},{"taxonomy":"post_tag","embeddable":true,"href":"https:\/\/meditacoes-da-graca.com\/index.php\/wp-json\/wp\/v2\/tags?post=700"}],"curies":[{"name":"wp","href":"https:\/\/api.w.org\/{rel}","templated":true}]}}