{"id":698,"date":"2017-08-30T09:16:21","date_gmt":"2017-08-30T07:16:21","guid":{"rendered":"http:\/\/meditacoes-da-graca.com\/?p=698"},"modified":"2017-08-30T09:16:21","modified_gmt":"2017-08-30T07:16:21","slug":"o-relacionamento-com-a-trindade","status":"publish","type":"post","link":"https:\/\/meditacoes-da-graca.com\/index.php\/2017\/08\/30\/o-relacionamento-com-a-trindade\/","title":{"rendered":"O RELACIONAMENTO COM A TRINDADE!"},"content":{"rendered":"<p>[et_pb_section bb_built=&#8221;1&#8243;][et_pb_row][et_pb_column type=&#8221;4_4&#8243;][et_pb_text _builder_version=&#8221;3.0.59&#8243; background_layout=&#8221;light&#8221; text_orientation=&#8221;center&#8221; border_style=&#8221;solid&#8221;]<\/p>\n<h2><span style=\"color: #ff6600;\">MEDITA\u00c7\u00d5ES DA GRA\u00c7A DE DEUS<\/span><\/h2>\n<h2>O RELACIONAMENTO COM A TRINDADE!<\/h2>\n<p>[\/et_pb_text][et_pb_text _builder_version=&#8221;3.0.59&#8243; background_layout=&#8221;light&#8221; text_orientation=&#8221;left&#8221; border_style=&#8221;solid&#8221;]<\/p>\n<p style=\"text-align: center;\"><span style=\"color: #333399;\">Escutem! Eu estou \u00e0 porta e bato. Se algu\u00e9m ouvir a minha voz e abrir a porta, eu entrarei na sua casa, e n\u00f3s jantaremos juntos. 1<\/span><\/p>\n<p style=\"text-align: center;\"><span style=\"color: #333399;\">Respondeu-lhe Jesus: Se algu\u00e9m me amar, guardar\u00e1 a minha palavra; e meu Pai o amar\u00e1, e viremos a ele, e faremos nele morada. 2<\/span><\/p>\n<p style=\"text-align: center;\"><span style=\"color: #333399;\">Pois h\u00e1 tr\u00eas que d\u00e3o testemunho [no c\u00e9u: o Pai, a Palavra e o Esp\u00edrito Santo; e estes tr\u00eas s\u00e3o um.<\/span><\/p>\n<p style=\"text-align: center;\"><span style=\"color: #333399;\">E tr\u00eas s\u00e3o os que testificam na terra]: o Esp\u00edrito, a \u00e1gua e o sangue, e os tr\u00eas s\u00e3o un\u00e2nimes num s\u00f3 prop\u00f3sito. 3<\/span><\/p>\n<p style=\"text-align: center;\"><span style=\"color: #333399;\">Que a gra\u00e7a do Senhor Jesus Cristo, o amor de Deus e a presen\u00e7a do Esp\u00edrito Santo estejam com todos voc\u00eas! 4<\/span><\/p>\n<p>Ap\u00f3s leres e meditares em cada uma das escrituras acima poder\u00e1s ver a presen\u00e7a da Trindade, Deus o Pai, Deus o Filho e Deus o Esp\u00edrito Santo em cada verso. \u2018 Um representa os tr\u00eas e os tr\u00eas s\u00e3o um\u2019. O \u2018amor de Deus\u2019 trata-se do Pai, na terra a \u2018agua e o sangue\u2019 fala de nosso Senhor Jesus Cristo, sendo a \u2018\u00e1gua\u2019 a lavagem pela Palavra e o \u2018sangue\u2019 a remiss\u00e3o dos nossos pecados. Quando confessamos a Jesus Cristo como nosso Senhor e Salvador, o Pai, o Filho e o Esp\u00edrito Santo vem fazer morada em n\u00f3s!<\/p>\n<p><strong>OBSERVA\u00c7\u00c3O:<\/strong><\/p>\n<p><em>Quando crian\u00e7a e mesmo ainda ap\u00f3s uma longa caminhada na minha vida crist\u00e3, n\u00e3o sabia como me relacionar com a Trindade. Trata-se de um mist\u00e9rio que Deus deseja que seja desvendado! O amor do Pai \u00e9 t\u00e3o imenso para connosco, que podemos cham\u00e1-lo de \u2018Paizinho\u2019. Jesus ensinou-nos a orarmos ao Pai, n\u00e3o a nenhum santo ou qualquer outra entidade beatificada. O Esp\u00edrito Santo lembra-nos da Palavra, que \u00e9 Jesus, das obras e do sacrif\u00edcio de Jesus por n\u00f3s. Ser\u00e1 ent\u00e3o que a nossa vida crist\u00e3 se resume nas duas pessoas da Trindade apenas? A presen\u00e7a do Esp\u00edrito Santo em n\u00f3s \u00e9 fundamental! A comunh\u00e3o constante com o Esp\u00edrito Santo faz a diferen\u00e7a no nosso dia a dia! A caminho do escrit\u00f3rio vou orando \u2018Senhor guia-me neste dia, ajuda-me a enfrentar esta situa\u00e7\u00e3o; d\u00e1-me sabedoria para resolver esta quest\u00e3o; enche-me do teu poder que opera milagres; d\u00e1-me discernimento para entender o que fazer; e quando n\u00e3o sei como orar, ent\u00e3o falo no esp\u00edrito (a l\u00edngua celestial), e o Esp\u00edrito intercede por mim de acordo com as minhas fraquezas.<\/em><\/p>\n<p><span style=\"color: #ff6600;\">Ora\u00e7\u00e3o: Querido Paizinho, eu recebo o teu grande amor para comigo, a lavagem pela Palavra, Jesus, de todo o meu ser, o sangue derramado pelos meus pecados e enfermidades, vem com o teu Esp\u00edrito Santo me encher da Tua Presen\u00e7a, em nome de Jesus, \u00c1men.<\/span><\/p>\n<p>1 Apoc 3:20 NTLH; 2 Joao 14:23 AA; 3 1 Jo\u00e3o 5:7,8 RA; 4 2 Cor. 13:14 NTLH<\/p>\n<p>[\/et_pb_text][et_pb_text _builder_version=&#8221;3.0.59&#8243; background_layout=&#8221;light&#8221; text_orientation=&#8221;center&#8221; border_style=&#8221;solid&#8221;]<\/p>\n<p>Medita na Gra\u00e7a de Deus &#8211; Am\u00e9lia Moinheiro<\/p>\n<p>[\/et_pb_text][\/et_pb_column][\/et_pb_row][\/et_pb_section]<\/p>\n","protected":false},"excerpt":{"rendered":"<p><div class=\"et_pb_row et_pb_row_0 et_pb_row_empty\">\n\t\t\t\t\n\t\t\t\t\n\t\t\t\t\n\t\t\t\t\n\t\t\t\t\n\t\t\t<\/div> MEDITA\u00c7\u00d5ES DA GRA\u00c7A DE DEUS O RELACIONAMENTO COM A TRINDADE! Escutem! Eu estou \u00e0 porta e bato. Se algu\u00e9m ouvir a minha voz e abrir a porta, eu entrarei na sua casa, e n\u00f3s jantaremos juntos. 1 Respondeu-lhe Jesus: Se algu\u00e9m me amar, guardar\u00e1 a minha palavra; e meu Pai o amar\u00e1, e viremos [&hellip;]<\/p>\n","protected":false},"author":2,"featured_media":0,"comment_status":"open","ping_status":"open","sticky":false,"template":"","format":"standard","meta":{"_et_pb_use_builder":"on","_et_pb_old_content":"","_et_gb_content_width":"","footnotes":""},"categories":[30],"tags":[],"class_list":["post-698","post","type-post","status-publish","format-standard","hentry","category-o-espirito-santo-e-a-uncao"],"_links":{"self":[{"href":"https:\/\/meditacoes-da-graca.com\/index.php\/wp-json\/wp\/v2\/posts\/698","targetHints":{"allow":["GET"]}}],"collection":[{"href":"https:\/\/meditacoes-da-graca.com\/index.php\/wp-json\/wp\/v2\/posts"}],"about":[{"href":"https:\/\/meditacoes-da-graca.com\/index.php\/wp-json\/wp\/v2\/types\/post"}],"author":[{"embeddable":true,"href":"https:\/\/meditacoes-da-graca.com\/index.php\/wp-json\/wp\/v2\/users\/2"}],"replies":[{"embeddable":true,"href":"https:\/\/meditacoes-da-graca.com\/index.php\/wp-json\/wp\/v2\/comments?post=698"}],"version-history":[{"count":1,"href":"https:\/\/meditacoes-da-graca.com\/index.php\/wp-json\/wp\/v2\/posts\/698\/revisions"}],"predecessor-version":[{"id":699,"href":"https:\/\/meditacoes-da-graca.com\/index.php\/wp-json\/wp\/v2\/posts\/698\/revisions\/699"}],"wp:attachment":[{"href":"https:\/\/meditacoes-da-graca.com\/index.php\/wp-json\/wp\/v2\/media?parent=698"}],"wp:term":[{"taxonomy":"category","embeddable":true,"href":"https:\/\/meditacoes-da-graca.com\/index.php\/wp-json\/wp\/v2\/categories?post=698"},{"taxonomy":"post_tag","embeddable":true,"href":"https:\/\/meditacoes-da-graca.com\/index.php\/wp-json\/wp\/v2\/tags?post=698"}],"curies":[{"name":"wp","href":"https:\/\/api.w.org\/{rel}","templated":true}]}}