{"id":696,"date":"2017-08-30T09:09:31","date_gmt":"2017-08-30T07:09:31","guid":{"rendered":"http:\/\/meditacoes-da-graca.com\/?p=696"},"modified":"2017-08-30T09:09:31","modified_gmt":"2017-08-30T07:09:31","slug":"o-teu-consolador","status":"publish","type":"post","link":"https:\/\/meditacoes-da-graca.com\/index.php\/2017\/08\/30\/o-teu-consolador\/","title":{"rendered":"O TEU CONSOLADOR"},"content":{"rendered":"<p>[et_pb_section bb_built=&#8221;1&#8243;][et_pb_row][et_pb_column type=&#8221;4_4&#8243;][et_pb_text _builder_version=&#8221;3.0.59&#8243; background_layout=&#8221;light&#8221; text_orientation=&#8221;center&#8221; border_style=&#8221;solid&#8221;]<\/p>\n<h2><span style=\"color: #ff6600;\">MEDITA\u00c7\u00d5ES DA GRA\u00c7A DE DEUS<\/span><\/h2>\n<h2>O TEU CONSOLADOR<\/h2>\n<p>[\/et_pb_text][et_pb_text _builder_version=&#8221;3.0.59&#8243; background_layout=&#8221;light&#8221; text_orientation=&#8221;left&#8221; border_style=&#8221;solid&#8221;]<\/p>\n<p style=\"text-align: center;\"><span style=\"color: #333399;\">\u201cEu rogarei ao Pai, e ele vos dar\u00e1 outro Consolador, para que esteja convosco para sempre, o Esp\u00edrito da Verdade &#8230; (ele) vos ensinar\u00e1 todas as coisas e vos far\u00e1 lembrar de tudo o que vos tenho dito\u201d. 1<\/span><\/p>\n<p style=\"text-align: center;\"><span style=\"color: #333399;\">\u201cNo entanto, recebereis poder, ao descer sobre v\u00f3s o Esp\u00edrito Santo\u201d.2 \u201cAquele que vos d\u00e1 o Esp\u00edrito e opera milagres entre v\u00f3s\u201d. 3<\/span><\/p>\n<p style=\"text-align: center;\"><span style=\"color: #333399;\">\u201c&#8230;Quanto mais vosso Pai celestial vos dar\u00e1 o Esp\u00edrito Santo aqueles que pedirem\u201d. 4<\/span><\/p>\n<p style=\"text-align: center;\"><span style=\"color: #333399;\">\u201cO Deus de esperan\u00e7a vos encha de toda a alegria e paz na vossa cren\u00e7a, para que abundeis na esperan\u00e7a pelo<\/span><\/p>\n<p style=\"text-align: center;\"><span style=\"color: #333399;\">poder do Esp\u00edrito Santo\u201d.5<\/span><\/p>\n<p>N\u00e3o foste chamado por Deus para viveres a tua vida crist\u00e3 sozinho ou isolado, t\u00e3o pouco para enfrentares as tuas batalhas, dificuldades, desafios por ti pr\u00f3prio. Ap\u00f3s a partida de Jesus para junto do Pai, foi enviado o Esp\u00edrito Santo, o Esp\u00edrito da Verdade, o Consolador, para estar contigo para todo o sempre! \u00c9 o Esp\u00edrito Santo que te ensina, te revela a Palavra de Deus, e te ajuda a lembrar as Palavras de Jesus.<\/p>\n<p>O Esp\u00edrito Santo \u00e9 ainda o poder que desce sobre n\u00f3s e nos capacita para vivermos em vit\u00f3ria, livre do poder do pecado, de enfermidades, do poder do mal. O Esp\u00edrito Santo \u00e9 dado a todos quantos o pedirem a Deus o Pai. \u00c9 o que opera milagres!<\/p>\n<p><strong>OBSERVA\u00c7\u00c3O:<\/strong><\/p>\n<p><em>Os disc\u00edpulos encontravam-se atemorizados, de portas trancadas, e juntos em ora\u00e7\u00e3o aguardavam a descida do Esp\u00edrito Santo conforme prometido. Ap\u00f3s a descida, todos foram cheios dos Esp\u00edrito Santo de Deus falando novas l\u00ednguas, e Pedro, o qual negara seu Mestre 3 vezes, agora, com grande ousadia, anunciava a uma multid\u00e3o de 3 mil pessoas a ressurrei\u00e7\u00e3o de Jesus Cristo, o poder do evangelho! 6 Mais adiante, ouvindo os Ap\u00f3stolos que Samaria havia recebido o evangelho, enviaram para l\u00e1 Jo\u00e3o e Pedro os quais oraram e impuseram as m\u00e3os sobre eles e eles receberam o Esp\u00edrito Santo. 7 Sim\u00e3o vendo isto quis comprar este poder. O Esp\u00edrito Santo n\u00e3o pode ser comprado, Ele \u00e9 dado a todos quantos receberam a Jesus como Salvador, foram baptizados no batismo de Jesus, a todos os que creram no nome de Jesus e que pediram para serem cheios do poder do Esp\u00edrito Santo.<\/em><\/p>\n<p><span style=\"color: #ff6600;\">Ora\u00e7\u00e3o: Senhor Deus, vem me encher com o poder do teu Esp\u00edrito Santo, vem guiar-me, vem capacitar-me pelo Esp\u00edrito a viver uma vida em vit\u00f3ria e de acordo com a tua Palavra, em nome de Jesus, \u00c1men.<\/span><\/p>\n<p>1 Jo\u00e3o 14:16,17,26 AEC; 2 Atos 1:8a AEC; 3Galatas 3:5 AEC; 4 Lucas 11:13 AEC; 5Romanos 15:13 AEC; 6Atos; 7 Atos 8:14-17<\/p>\n<p>[\/et_pb_text][et_pb_text _builder_version=&#8221;3.0.59&#8243; background_layout=&#8221;light&#8221; text_orientation=&#8221;center&#8221; border_style=&#8221;solid&#8221;]<\/p>\n<p>Medita na Gra\u00e7a de Deus &#8211; Am\u00e9lia Moinheiro<\/p>\n<p>[\/et_pb_text][\/et_pb_column][\/et_pb_row][\/et_pb_section]<\/p>\n","protected":false},"excerpt":{"rendered":"<p><div class=\"et_pb_row et_pb_row_0 et_pb_row_empty\">\n\t\t\t\t\n\t\t\t\t\n\t\t\t\t\n\t\t\t\t\n\t\t\t\t\n\t\t\t<\/div> MEDITA\u00c7\u00d5ES DA GRA\u00c7A DE DEUS O TEU CONSOLADOR \u201cEu rogarei ao Pai, e ele vos dar\u00e1 outro Consolador, para que esteja convosco para sempre, o Esp\u00edrito da Verdade &#8230; (ele) vos ensinar\u00e1 todas as coisas e vos far\u00e1 lembrar de tudo o que vos tenho dito\u201d. 1 \u201cNo entanto, recebereis poder, ao descer sobre [&hellip;]<\/p>\n","protected":false},"author":2,"featured_media":0,"comment_status":"open","ping_status":"open","sticky":false,"template":"","format":"standard","meta":{"_et_pb_use_builder":"on","_et_pb_old_content":"","_et_gb_content_width":"","footnotes":""},"categories":[30],"tags":[],"class_list":["post-696","post","type-post","status-publish","format-standard","hentry","category-o-espirito-santo-e-a-uncao"],"_links":{"self":[{"href":"https:\/\/meditacoes-da-graca.com\/index.php\/wp-json\/wp\/v2\/posts\/696","targetHints":{"allow":["GET"]}}],"collection":[{"href":"https:\/\/meditacoes-da-graca.com\/index.php\/wp-json\/wp\/v2\/posts"}],"about":[{"href":"https:\/\/meditacoes-da-graca.com\/index.php\/wp-json\/wp\/v2\/types\/post"}],"author":[{"embeddable":true,"href":"https:\/\/meditacoes-da-graca.com\/index.php\/wp-json\/wp\/v2\/users\/2"}],"replies":[{"embeddable":true,"href":"https:\/\/meditacoes-da-graca.com\/index.php\/wp-json\/wp\/v2\/comments?post=696"}],"version-history":[{"count":1,"href":"https:\/\/meditacoes-da-graca.com\/index.php\/wp-json\/wp\/v2\/posts\/696\/revisions"}],"predecessor-version":[{"id":697,"href":"https:\/\/meditacoes-da-graca.com\/index.php\/wp-json\/wp\/v2\/posts\/696\/revisions\/697"}],"wp:attachment":[{"href":"https:\/\/meditacoes-da-graca.com\/index.php\/wp-json\/wp\/v2\/media?parent=696"}],"wp:term":[{"taxonomy":"category","embeddable":true,"href":"https:\/\/meditacoes-da-graca.com\/index.php\/wp-json\/wp\/v2\/categories?post=696"},{"taxonomy":"post_tag","embeddable":true,"href":"https:\/\/meditacoes-da-graca.com\/index.php\/wp-json\/wp\/v2\/tags?post=696"}],"curies":[{"name":"wp","href":"https:\/\/api.w.org\/{rel}","templated":true}]}}