{"id":672,"date":"2017-08-22T10:13:36","date_gmt":"2017-08-22T08:13:36","guid":{"rendered":"http:\/\/meditacoes-da-graca.com\/?p=672"},"modified":"2017-10-30T16:01:20","modified_gmt":"2017-10-30T14:01:20","slug":"a-descida-do-espirito-santo","status":"publish","type":"post","link":"https:\/\/meditacoes-da-graca.com\/index.php\/2017\/08\/22\/a-descida-do-espirito-santo\/","title":{"rendered":"A DESCIDA DO ESP\u00cdRITO SANTO"},"content":{"rendered":"<p>[et_pb_section bb_built=&#8221;1&#8243;][et_pb_row][et_pb_column type=&#8221;4_4&#8243;][et_pb_text _builder_version=&#8221;3.0.59&#8243; background_layout=&#8221;light&#8221; text_orientation=&#8221;left&#8221; border_style=&#8221;solid&#8221;]<\/p>\n<h2 style=\"text-align: center;\"><span style=\"color: #ff6600;\">MEDITA\u00c7\u00d5ES\u00a0 DA\u00a0 GRA\u00c7A\u00a0 DE\u00a0 DEUS<\/span><\/h2>\n<h2 style=\"text-align: center;\">A DESCIDA DO ESP\u00cdRITO SANTO<\/h2>\n<p>[\/et_pb_text][et_pb_text _builder_version=&#8221;3.0.59&#8243; background_layout=&#8221;light&#8221; text_orientation=&#8221;left&#8221; border_style=&#8221;solid&#8221;]<\/p>\n<p><span style=\"color: #333399;\"><em>\u201cE depois disso, derramarei o meu Esp\u00edrito sobre todos os povos\u201d. Joel 2:28<\/em><\/span><\/p>\n<p><em>\u00a0<\/em><\/p>\n<p>Jesus preparou os seus disc\u00edpulos e lhes disse que convinha que Ele fosse para junto do Pai, pois se Ele n\u00e3o fosse, o Esp\u00edrito Santo n\u00e3o poderia ser enviado para eles.\u00a0 <span style=\"color: #333399;\">\u201c<em>Tenho-vos dito isso, estando convosco. O Consolador, o Esp\u00edrito Santo, que o Pai enviar\u00e1 em meu nome, por\u00e9m, vos ensinar\u00e1 todas as coisas e vos far\u00e1 lembrar de tudo o que vos tenho dito\u201d. Jo\u00e3o 14:25,26 \u201cNo entanto, recebereis poder, ao descer sobre v\u00f3s o Esp\u00edrito Santo\u201d. Atos 1:8<\/em><\/span><\/p>\n<p>&nbsp;<\/p>\n<p>Quando \u00e9 que se deu a descida do Esp\u00edrito Santo? Ap\u00f3s o sacrif\u00edcio de Jesus haver sido concretizado na cruz, sua ressurrei\u00e7\u00e3o e ascens\u00e3o. Foi ap\u00f3s Jesus\u00a0 ter sido sentado \u00e1 direita de Deus Pai, que o Esp\u00edrito Santo foi enviado. Leia na sua B\u00edblia Atos 2.<\/p>\n<p>&nbsp;<\/p>\n<p>Vemos mais adiante algo relevante na descida do Esp\u00edrito Santo sobre um grupo espec\u00edfico de pessoas. Um centuri\u00e3o da corte italiana por nome de Corn\u00e9lio buscava um encontro real com Deus. Numa vis\u00e3o, um anjo lhe apareceu, e disse-lhe que mandasse chamar a Sim\u00e3o que tinha por sobrenome Pedro, e que este lhe diria tudo que ele tinha de fazer.<\/p>\n<p>&nbsp;<\/p>\n<p>N\u00e3o foi permitido aos anjos anunciar ou ensinar a Palavra de Deus, mas sim a todos n\u00f3s que somos seus disc\u00edpulos. Assim sucedeu, ap\u00f3s Pedro ser chamado, ele iniciou o seu discurso, e a determinada altura da sua palestra, para espanto de Pedro, o Esp\u00edrito Santo desceu sobre todos os que o ouviam, e estes falavam em l\u00ednguas estranhas e engrandeciam a Deus!<\/p>\n<p>&nbsp;<\/p>\n<p>Se formos analisar quando \u00e9 que a descida do Esp\u00edrito Santo se deu na narra\u00e7\u00e3o de Atos 10,\u00a0 foi quando Pedro disse: <span style=\"color: #333399;\"><em>\u201cDele (Jesus), d\u00e3o testemunho todos os profetas, de que todos os que nele cr\u00eaem receber\u00e3o o perd\u00e3o dos pecados pelo seu nome&#8230; e dizendo essas palavras, desceu o Esp\u00edrito Santo sobre eles\u201d. Atos 10:43,44<\/em><\/span><\/p>\n<p><em>\u00a0<\/em><\/p>\n<p>O Esp\u00edrito Santo n\u00e3o desceu quando Pedro disse \u2018<em>aquele que teme e \u00e9 justo\u2019 v.35,\u00a0 <\/em>nem <em>\u2018Como Deus ungiu Jesus de Nazar\u00e9\u2019 v.38, <\/em>\u00a0nem<em>\u00a0 \u2018Foi constitu\u00eddo juiz dos vivos e dos mortos\u2019 v. 42,\u00a0\u00a0 <\/em>MAS quando disse: <em>\u00a0\u201cTodos os que nele cr\u00eaem receber\u00e3o o perd\u00e3o dos pecados pelo seu nome\u201dv.43<\/em><\/p>\n<p><em>\u00a0<\/em><\/p>\n<p>O Esp\u00edrito Santo j\u00e1 desceu sobre ti? Cr\u00eas tu em Jesus Cristo e j\u00e1 recebeste o perd\u00e3o pelos teus pecados no seu nome? Ent\u00e3o recebe agora mesmo o Esp\u00edrito Santo de Deus!\u00a0 O Esp\u00edrito Santo que te ensinar\u00e1 e lembrar\u00e1 de todas as coisas, que estar\u00e1 contigo como o teu Consolador, o teu <em>Defensor o \u2018Parakletos\u2019 <\/em>\u00a0(conforme o original grego), que te defender\u00e1 contra o acusador, e que te liberta do poder do pecado, O Esp\u00edrito que \u00e9 o poder de Deus que precisas na tua vida!<\/p>\n<p>&nbsp;<\/p>\n<p><span style=\"color: #ff6600;\">Ora\u00e7\u00e3o:<em>\u00a0\u00a0\u00a0 Deus Pai, eu creio em Jesus e recebo o perd\u00e3o dos meus pecados, vem derramar o teu Esp\u00edrito Santo sobre mim,\u00a0 que eu possa falar das grandezas de Deus, vem me encher do poder do teu Esp\u00edrito ensinando-me e lembrando-me da tua Palavra Viva, vem Esp\u00edrito Santo de Deus e inunda todo o meu ser, em nome de Jesus, \u00a0\u00c1men.<\/em><\/span><\/p>\n<p style=\"text-align: center;\">Escrituras da B\u00edblia Sagrada &#8211; Edi\u00e7\u00e3o: AA, AR, NTLH, NVI, EC<\/p>\n<p>&nbsp;<\/p>\n<p>[\/et_pb_text][\/et_pb_column][\/et_pb_row][\/et_pb_section]<\/p>\n","protected":false},"excerpt":{"rendered":"<p><div class=\"et_pb_row et_pb_row_0 et_pb_row_empty\">\n\t\t\t\t\n\t\t\t\t\n\t\t\t\t\n\t\t\t\t\n\t\t\t\t\n\t\t\t<\/div> MEDITA\u00c7\u00d5ES\u00a0 DA\u00a0 GRA\u00c7A\u00a0 DE\u00a0 DEUS A DESCIDA DO ESP\u00cdRITO SANTO \u201cE depois disso, derramarei o meu Esp\u00edrito sobre todos os povos\u201d. Joel 2:28 \u00a0 Jesus preparou os seus disc\u00edpulos e lhes disse que convinha que Ele fosse para junto do Pai, pois se Ele n\u00e3o fosse, o Esp\u00edrito Santo n\u00e3o poderia ser enviado para [&hellip;]<\/p>\n","protected":false},"author":2,"featured_media":0,"comment_status":"open","ping_status":"open","sticky":false,"template":"","format":"standard","meta":{"_et_pb_use_builder":"on","_et_pb_old_content":"","_et_gb_content_width":"","footnotes":""},"categories":[30],"tags":[],"class_list":["post-672","post","type-post","status-publish","format-standard","hentry","category-o-espirito-santo-e-a-uncao"],"_links":{"self":[{"href":"https:\/\/meditacoes-da-graca.com\/index.php\/wp-json\/wp\/v2\/posts\/672","targetHints":{"allow":["GET"]}}],"collection":[{"href":"https:\/\/meditacoes-da-graca.com\/index.php\/wp-json\/wp\/v2\/posts"}],"about":[{"href":"https:\/\/meditacoes-da-graca.com\/index.php\/wp-json\/wp\/v2\/types\/post"}],"author":[{"embeddable":true,"href":"https:\/\/meditacoes-da-graca.com\/index.php\/wp-json\/wp\/v2\/users\/2"}],"replies":[{"embeddable":true,"href":"https:\/\/meditacoes-da-graca.com\/index.php\/wp-json\/wp\/v2\/comments?post=672"}],"version-history":[{"count":1,"href":"https:\/\/meditacoes-da-graca.com\/index.php\/wp-json\/wp\/v2\/posts\/672\/revisions"}],"predecessor-version":[{"id":673,"href":"https:\/\/meditacoes-da-graca.com\/index.php\/wp-json\/wp\/v2\/posts\/672\/revisions\/673"}],"wp:attachment":[{"href":"https:\/\/meditacoes-da-graca.com\/index.php\/wp-json\/wp\/v2\/media?parent=672"}],"wp:term":[{"taxonomy":"category","embeddable":true,"href":"https:\/\/meditacoes-da-graca.com\/index.php\/wp-json\/wp\/v2\/categories?post=672"},{"taxonomy":"post_tag","embeddable":true,"href":"https:\/\/meditacoes-da-graca.com\/index.php\/wp-json\/wp\/v2\/tags?post=672"}],"curies":[{"name":"wp","href":"https:\/\/api.w.org\/{rel}","templated":true}]}}