{"id":663,"date":"2017-08-22T10:00:35","date_gmt":"2017-08-22T08:00:35","guid":{"rendered":"http:\/\/meditacoes-da-graca.com\/?p=663"},"modified":"2017-08-22T10:00:35","modified_gmt":"2017-08-22T08:00:35","slug":"a-veste-da-justificacao-de-jesus-parte-i","status":"publish","type":"post","link":"https:\/\/meditacoes-da-graca.com\/index.php\/2017\/08\/22\/a-veste-da-justificacao-de-jesus-parte-i\/","title":{"rendered":"A VESTE DA JUSTIFICA\u00c7\u00c3O DE JESUS Parte I"},"content":{"rendered":"<p>[et_pb_section bb_built=&#8221;1&#8243;][et_pb_row][et_pb_column type=&#8221;4_4&#8243;][et_pb_text _builder_version=&#8221;3.0.59&#8243; background_layout=&#8221;light&#8221; text_orientation=&#8221;left&#8221; border_style=&#8221;solid&#8221;]<\/p>\n<h2 style=\"text-align: center;\"><span style=\"color: #ff6600;\">MEDITA\u00c7\u00d5ES\u00a0 DA\u00a0 GRA\u00c7A\u00a0 DE\u00a0 DEUS<\/span><\/h2>\n<h2 style=\"text-align: center;\">A VESTE DA JUSTIFICA\u00c7\u00c3O DE JESUS<\/h2>\n<p style=\"text-align: center;\">Parte I<\/p>\n<p>[\/et_pb_text][et_pb_text _builder_version=&#8221;3.0.59&#8243; background_layout=&#8221;light&#8221; text_orientation=&#8221;left&#8221; border_style=&#8221;solid&#8221;]<\/p>\n<p>Havia uma mulher que h\u00e1 12 anos sofria de uma hemorragia, havia padecido muito \u00e0 m\u00e3o de v\u00e1rios m\u00e9dicos, gastando tudo o que tinha sem nunca melhorar antes pelo contr\u00e1rio, piorara.\u00a0 Quando ela ouviu falar de Jesus, pensou que se somente ela tocasse na Sua veste, ela sararia. Assim aconteceu, ela veio por detr\u00e1s da multid\u00e3o que seguia Jesus e tocou na sua veste e imediatamente ela sentiu no seu corpo que estava curada.\u00a0 Marcos 5:25 \u2013 34<\/p>\n<p>&nbsp;<\/p>\n<p>Deus havia estabelecido no antigo testamento determinadas vestes a serem utilizadas pelos sacerdotes a fim de que administrassem o of\u00edcio sacerdotal, vestes estas de linho fino. Ex.28.\u00a0 O significado de linho fino \u00e9 pureza.<\/p>\n<p>&nbsp;<\/p>\n<p>Quando esta mulher que sofria de uma hemorragia, viu a Jesus, Ela viu a Jesus como o Supremo Sacerdote, n\u00e3o um mero homem no exerc\u00edcio de seu of\u00edcio sacerdotal, mas como o Filho de Deus! O Messias! Se t\u00e3o somente ela tocasse na sua veste, sararia&#8230; Se apenas tocasse na pureza na justifica\u00e7\u00e3o de Deus, ela seria sarada!<\/p>\n<p>&nbsp;<\/p>\n<p>O Ap\u00f3stolo Jo\u00e3o teve a revela\u00e7\u00e3o divina ao escrever o livro do Apocalipse e ao ver Jesus vestido de linho <span style=\"color: #333399;\"><em>\u201cFoi-lhe dado que se vestisse de linho fino, resplandecente e puro. O linho s\u00e3o os atos de justi\u00e7a (justifica\u00e7\u00e3o) dos santos&#8230; No manto,\u00a0 tem escrito o nome: Rei dos reis, Senhor dos Senhores\u201d. Apoc.19:8,16\u00a0 <\/em><\/span>Veja adiante algumas escrituras de Jesus o nosso Supremo Sacerdote:<\/p>\n<p>&nbsp;<\/p>\n<p style=\"text-align: center;\"><span style=\"color: #333399;\"><em>\u201cPois n\u00e3o temos um Sumo Sacerdote que n\u00e3o possa compadecer-se das<br \/>\n<\/em><\/span><span style=\"color: #333399;\"><em>nossas fraquezas&#8230;.\u201d Heb.4:15,16<\/em><\/span><\/p>\n<p style=\"text-align: center;\"><span style=\"color: #333399;\"><em>\u201c&#8230; Isso fez ele (Jesus) uma vez por todas, quando a si mesmo se ofereceu\u201d.<br \/>\n<\/em><\/span><span style=\"color: #333399;\"><em>\u00a0Heb. 7:26,27<\/em><\/span><\/p>\n<p style=\"text-align: center;\"><span style=\"color: #333399;\"><em>\u201c&#8230; mas pelo seu pr\u00f3prio sangue&#8230;havendo obtido uma eterna reden\u00e7\u00e3o&#8230; purificar\u00e1 a nossa consci\u00eancia das obras mortas, para servirmos ao Deus vivo\u201d? Heb.\u00a0 9:12,14<\/em><\/span><\/p>\n<p>&nbsp;<\/p>\n<p>Jesus deve ser o \u00fanico Sacerdote da nossa confiss\u00e3o, o \u00fanico a quem nos devemos chegar com confian\u00e7a junto do seu trono de gra\u00e7a para sermos socorridos, Ele \u00e9 o \u00fanico que ofereceu um \u00fanico sacrif\u00edcio por n\u00f3s uma vez por todas, obteve eterna reden\u00e7\u00e3o purificando as nossas consci\u00eancias das obras mortas, e sentou-se \u00e0 direita do trono da Majestade nos c\u00e9us!<\/p>\n<p>&nbsp;<\/p>\n<p>N\u00f3s n\u00e3o obtemos salva\u00e7\u00e3o, cura &#8230; \u00a0por qualquer obra ou sacrif\u00edcio que possamos fazer. Jesus foi o \u00fanico sacrif\u00edcio aceite uma vez por todas por Deus o Pai.<\/p>\n<p>&nbsp;<\/p>\n<p><span style=\"color: #ff6600;\">Ora\u00e7\u00e3o: <em>Eu confesso a Jesus Cristo, o Sumo Sacerdote da minha confiss\u00e3o, que Ele me purificou da minha consci\u00eancia das obras mortas, e me justificou em Jesus, para servir ao Deus vivo!\u00a0 Em nome de Jesus, \u00c1men.\u00a0<\/em><\/span><\/p>\n<p style=\"text-align: center;\">\u00a0Escrituras da B\u00edblia Sagrada &#8211; Edi\u00e7\u00e3o: AA, AR, NTLH, NVI, EC<\/p>\n<p>[\/et_pb_text][\/et_pb_column][\/et_pb_row][\/et_pb_section]<\/p>\n","protected":false},"excerpt":{"rendered":"<p><div class=\"et_pb_row et_pb_row_0 et_pb_row_empty\">\n\t\t\t\t\n\t\t\t\t\n\t\t\t\t\n\t\t\t\t\n\t\t\t\t\n\t\t\t<\/div> MEDITA\u00c7\u00d5ES\u00a0 DA\u00a0 GRA\u00c7A\u00a0 DE\u00a0 DEUS A VESTE DA JUSTIFICA\u00c7\u00c3O DE JESUS Parte I Havia uma mulher que h\u00e1 12 anos sofria de uma hemorragia, havia padecido muito \u00e0 m\u00e3o de v\u00e1rios m\u00e9dicos, gastando tudo o que tinha sem nunca melhorar antes pelo contr\u00e1rio, piorara.\u00a0 Quando ela ouviu falar de Jesus, pensou que se somente [&hellip;]<\/p>\n","protected":false},"author":2,"featured_media":0,"comment_status":"open","ping_status":"open","sticky":false,"template":"","format":"standard","meta":{"_et_pb_use_builder":"on","_et_pb_old_content":"","_et_gb_content_width":"","footnotes":""},"categories":[34],"tags":[],"class_list":["post-663","post","type-post","status-publish","format-standard","hentry","category-salvacao-justificacao-perdao-2"],"_links":{"self":[{"href":"https:\/\/meditacoes-da-graca.com\/index.php\/wp-json\/wp\/v2\/posts\/663","targetHints":{"allow":["GET"]}}],"collection":[{"href":"https:\/\/meditacoes-da-graca.com\/index.php\/wp-json\/wp\/v2\/posts"}],"about":[{"href":"https:\/\/meditacoes-da-graca.com\/index.php\/wp-json\/wp\/v2\/types\/post"}],"author":[{"embeddable":true,"href":"https:\/\/meditacoes-da-graca.com\/index.php\/wp-json\/wp\/v2\/users\/2"}],"replies":[{"embeddable":true,"href":"https:\/\/meditacoes-da-graca.com\/index.php\/wp-json\/wp\/v2\/comments?post=663"}],"version-history":[{"count":1,"href":"https:\/\/meditacoes-da-graca.com\/index.php\/wp-json\/wp\/v2\/posts\/663\/revisions"}],"predecessor-version":[{"id":664,"href":"https:\/\/meditacoes-da-graca.com\/index.php\/wp-json\/wp\/v2\/posts\/663\/revisions\/664"}],"wp:attachment":[{"href":"https:\/\/meditacoes-da-graca.com\/index.php\/wp-json\/wp\/v2\/media?parent=663"}],"wp:term":[{"taxonomy":"category","embeddable":true,"href":"https:\/\/meditacoes-da-graca.com\/index.php\/wp-json\/wp\/v2\/categories?post=663"},{"taxonomy":"post_tag","embeddable":true,"href":"https:\/\/meditacoes-da-graca.com\/index.php\/wp-json\/wp\/v2\/tags?post=663"}],"curies":[{"name":"wp","href":"https:\/\/api.w.org\/{rel}","templated":true}]}}