{"id":659,"date":"2017-08-22T09:53:50","date_gmt":"2017-08-22T07:53:50","guid":{"rendered":"http:\/\/meditacoes-da-graca.com\/?p=659"},"modified":"2017-08-22T09:53:50","modified_gmt":"2017-08-22T07:53:50","slug":"so-jesus-tira-o-pecado","status":"publish","type":"post","link":"https:\/\/meditacoes-da-graca.com\/index.php\/2017\/08\/22\/so-jesus-tira-o-pecado\/","title":{"rendered":"S\u00d3 JESUS TIRA O PECADO"},"content":{"rendered":"<p>[et_pb_section bb_built=&#8221;1&#8243;][et_pb_row][et_pb_column type=&#8221;4_4&#8243;][et_pb_text _builder_version=&#8221;3.0.59&#8243; background_layout=&#8221;light&#8221; text_orientation=&#8221;left&#8221; border_style=&#8221;solid&#8221;]<\/p>\n<h2 style=\"text-align: center;\"><span style=\"color: #ff6600;\">MEDITA\u00c7\u00d5ES\u00a0 DA\u00a0 GRA\u00c7A\u00a0 DE\u00a0 DEUS<\/span><\/h2>\n<h2 style=\"text-align: center;\">S\u00d3 JESUS TIRA O PECADO<\/h2>\n<p>[\/et_pb_text][et_pb_text _builder_version=&#8221;3.0.59&#8243; background_layout=&#8221;light&#8221; text_orientation=&#8221;left&#8221; border_style=&#8221;solid&#8221;]<\/p>\n<p><span style=\"color: #333399;\">\u201c<em>Eis o Cordeiro de Deus, que tira o pecado do mundo!\u201d Jo\u00e3o 1:29<\/em><\/span><\/p>\n<p>&nbsp;<\/p>\n<p>Houve um homem de grande destaque na hist\u00f3ria, guerreiro valente, homem valoroso.\u00a0 Enfrentou aos 17 anos de idade a figura mais temida do ex\u00e9rcito de sua na\u00e7\u00e3o inteira, o gigante guerreiro e representante do ex\u00e9rcito dos Filisteus.\u00a0 Segundo a B\u00edblia, era o homem \u2018segundo o cora\u00e7\u00e3o de Deus\u2019.\u00a0 De pastor de ovelhas, passou a Rei de Israel.<\/p>\n<p>&nbsp;<\/p>\n<p>O Rei Davi teve grande \u00eaxito nas suas conquistas, suas guerras, seu reinado, mas tamb\u00e9m teve derrotas. A derrota mais marcante, foi na altura que ele enviou o seu ex\u00e9rcito para a batalha e ficou ocioso no terra\u00e7o do seu pal\u00e1cio e avistou uma linda mulher a banhar-se, cujo nome era Bate-Seba, e enquanto seu marido Urias encontrava-se na batalha.<\/p>\n<p>&nbsp;<\/p>\n<p>Lemos em 2 Samuel 11,\u00a0 que Davi mandou chamar a Bate-Seba e se deitou com ela, tendo ela concebido dele. Sabendo disto, Davi procurou tapar o seu pecado, mas n\u00e3o conseguiu e por conseguinte, deu ordens ao seu comandante do ex\u00e9rcito Joab, que colocasse Urias na frente da maior for\u00e7a da peleja e que se retirassem detr\u00e1s dele para que ele fosse ferido e morresse, o que veio a acontecer.<\/p>\n<p>&nbsp;<\/p>\n<p>Isto desagradou a Deus, e podemos ler mais adiante na escritura b\u00edblica o que aconteceu. \u00a0Davi ap\u00f3s haver cometido o pecado de adult\u00e9rio ele depois procurou \u2018tapar\u2019, encobrir o seu pecado, e esse pecado passou a ser maior do que o primeiro. O primeiro pecado foi resultado de uma tenta\u00e7\u00e3o mas o seguinte, \u00a0acabou sendo maior pois foi premeditado, e resultou em homic\u00eddio.<\/p>\n<p>&nbsp;<\/p>\n<p>Por muito que o ser humano procure \u2018tapar\u2019 o seu pecado, encobrir, produzir obras por si pr\u00f3prio para remir-se, n\u00e3o consegue. \u00a0O n\u00e3o reconhecer que somos todos pecadores \u00e9 o maior pecado que podemos cometer pois est\u00e1 escrito <span style=\"color: #333399;\">\u201c<em>Porque todos pecaram e destitu\u00eddos est\u00e3o da Gloria de Deus\u201d. Romanos 3:23 <\/em><\/span><\/p>\n<p><em>\u00a0<\/em><\/p>\n<p>Enquanto os que viviam debaixo da Lei de Mois\u00e9s e dos 10 mandamentos, os sacrif\u00edcios que faziam para a expia\u00e7\u00e3o dos pecados do povo, esses in\u00fameros sacrif\u00edcios apenas \u2018cobriam\u2019 o pecado, n\u00e3o tiravam o pecado.<\/p>\n<p>&nbsp;<\/p>\n<p>Quando Jesus veio ao mundo, entrou a plenitude da Gra\u00e7a de Deus, e apenas com um \u00fanico sacrif\u00edcio de Jesus na cruz, Ele n\u00e3o \u2018tapou\u2019, <span style=\"color: #333399;\">ELE TIROU<\/span>\u00a0 o nosso pecado! <em>\u201c<span style=\"color: #333399;\">Este (Jesus), \u00a0por\u00e9m, havendo oferecido, PARA SEMPRE, um \u00fanico sacrif\u00edcio pelos pecados, assentou-se \u00e0 direita de Deus. Esta \u00e9 a alian\u00e7a que farei&#8230; porei as minhas leis no cora\u00e7\u00e3o deles, e as escreverei na sua mente. \u00a0E jamais me lembrarei dos seus pecados e das suas iniquidades.\u201d Hebreus 10:12,16,17 \u201cPois o pecado n\u00e3o ter\u00e1 dom\u00ednio sobre v\u00f3s\u201d. Romanos 6:14<\/span><\/em><\/p>\n<p>&nbsp;<\/p>\n<p><span style=\"color: #ff6600;\">Ora\u00e7\u00e3o:<em>\u00a0\u00a0 Vem Senhor e Deus meu escrever no meu cora\u00e7\u00e3o e na minha mente as tuas leis, a Tua Palavra que \u00e9 Esp\u00edrito e Vida! Eu declaro no nome de Jesus que sou uma nova criatura em Cristo Jesus e que o pecado n\u00e3o ter\u00e1 dom\u00ednio sobre mim, pois Cristo, pelo seu \u00fanico sacrif\u00edcio, reina em mim PARA SEMPRE,\u00a0 \u00c1men.<\/em><\/span><\/p>\n<p style=\"text-align: center;\">Escrituras da B\u00edblia Sagrada &#8211; Edi\u00e7\u00e3o: AA, AR, NTLH, NVI, EC<\/p>\n<p>[\/et_pb_text][\/et_pb_column][\/et_pb_row][\/et_pb_section]<\/p>\n","protected":false},"excerpt":{"rendered":"<p><div class=\"et_pb_row et_pb_row_0 et_pb_row_empty\">\n\t\t\t\t\n\t\t\t\t\n\t\t\t\t\n\t\t\t\t\n\t\t\t\t\n\t\t\t<\/div> MEDITA\u00c7\u00d5ES\u00a0 DA\u00a0 GRA\u00c7A\u00a0 DE\u00a0 DEUS S\u00d3 JESUS TIRA O PECADO \u201cEis o Cordeiro de Deus, que tira o pecado do mundo!\u201d Jo\u00e3o 1:29 &nbsp; Houve um homem de grande destaque na hist\u00f3ria, guerreiro valente, homem valoroso.\u00a0 Enfrentou aos 17 anos de idade a figura mais temida do ex\u00e9rcito de sua na\u00e7\u00e3o inteira, o gigante [&hellip;]<\/p>\n","protected":false},"author":2,"featured_media":0,"comment_status":"open","ping_status":"open","sticky":false,"template":"","format":"standard","meta":{"_et_pb_use_builder":"on","_et_pb_old_content":"","_et_gb_content_width":"","footnotes":""},"categories":[34],"tags":[],"class_list":["post-659","post","type-post","status-publish","format-standard","hentry","category-salvacao-justificacao-perdao-2"],"_links":{"self":[{"href":"https:\/\/meditacoes-da-graca.com\/index.php\/wp-json\/wp\/v2\/posts\/659","targetHints":{"allow":["GET"]}}],"collection":[{"href":"https:\/\/meditacoes-da-graca.com\/index.php\/wp-json\/wp\/v2\/posts"}],"about":[{"href":"https:\/\/meditacoes-da-graca.com\/index.php\/wp-json\/wp\/v2\/types\/post"}],"author":[{"embeddable":true,"href":"https:\/\/meditacoes-da-graca.com\/index.php\/wp-json\/wp\/v2\/users\/2"}],"replies":[{"embeddable":true,"href":"https:\/\/meditacoes-da-graca.com\/index.php\/wp-json\/wp\/v2\/comments?post=659"}],"version-history":[{"count":1,"href":"https:\/\/meditacoes-da-graca.com\/index.php\/wp-json\/wp\/v2\/posts\/659\/revisions"}],"predecessor-version":[{"id":660,"href":"https:\/\/meditacoes-da-graca.com\/index.php\/wp-json\/wp\/v2\/posts\/659\/revisions\/660"}],"wp:attachment":[{"href":"https:\/\/meditacoes-da-graca.com\/index.php\/wp-json\/wp\/v2\/media?parent=659"}],"wp:term":[{"taxonomy":"category","embeddable":true,"href":"https:\/\/meditacoes-da-graca.com\/index.php\/wp-json\/wp\/v2\/categories?post=659"},{"taxonomy":"post_tag","embeddable":true,"href":"https:\/\/meditacoes-da-graca.com\/index.php\/wp-json\/wp\/v2\/tags?post=659"}],"curies":[{"name":"wp","href":"https:\/\/api.w.org\/{rel}","templated":true}]}}