{"id":650,"date":"2017-08-22T09:44:24","date_gmt":"2017-08-22T07:44:24","guid":{"rendered":"http:\/\/meditacoes-da-graca.com\/?p=650"},"modified":"2017-10-30T16:03:06","modified_gmt":"2017-10-30T14:03:06","slug":"vive-na-esfera-do-espirito-parte-i","status":"publish","type":"post","link":"https:\/\/meditacoes-da-graca.com\/index.php\/2017\/08\/22\/vive-na-esfera-do-espirito-parte-i\/","title":{"rendered":"VIVE NA ESFERA DO ESPIRITO (Parte I)"},"content":{"rendered":"<p>[et_pb_section bb_built=&#8221;1&#8243;][et_pb_row][et_pb_column type=&#8221;4_4&#8243;][et_pb_text _builder_version=&#8221;3.0.59&#8243; background_layout=&#8221;light&#8221; text_orientation=&#8221;left&#8221; border_style=&#8221;solid&#8221;]<\/p>\n<h2 style=\"text-align: center;\">VIVE NA ESFERA DO ESPIRITO (Parte I)<\/h2>\n<p>[\/et_pb_text][et_pb_text _builder_version=&#8221;3.0.59&#8243; background_layout=&#8221;light&#8221; text_orientation=&#8221;left&#8221; border_style=&#8221;solid&#8221;]<\/p>\n<p>Por muito complexa que nos pare\u00e7a a atmosfera c\u00f3smica que nos rodeia, podemos ver pela Palavra de Deus, \u00a0A B\u00edblia,\u00a0 que \u00e9 at\u00e9 muito simples e f\u00e1cil, no que diz respeito, \u00a0a distinguir as for\u00e7as que controlam o nosso cosmos. Existem unicamente duas for\u00e7as ou duas esferas de poderio, de dom\u00ednio, de influ\u00eancia e que operam sobre n\u00f3s:<\/p>\n<p>&nbsp;<\/p>\n<p>A ESFERA DO ESPIRITO (O Reino de Deus):\u00a0 Vemos Deus, o Criador do Universo,\u00a0 pelo seu Esp\u00edrito movendo-se na funda\u00e7\u00e3o do mundo e na cria\u00e7\u00e3o do homem.\u00a0 G\u00e9nesis 1:2. \u00a0Atrav\u00e9s do Velho e Novo Testamentos, como o Reino de Deus foi estabelecido na terra, a opera\u00e7\u00e3o da esfera do Esp\u00edrito.<\/p>\n<p>&nbsp;<\/p>\n<p>A ESFERA DA CARNE (O Reino das Trevas): Vemos a \u2018serpente\u2019 (o diabo) em G\u00e9nesis 3 a vir contrariar ou distorcer aquilo que Deus havia dito a Ad\u00e3o e Eva. \u201c<em>Vendo a mulher que aquela arvore era <u>boa de comer<\/u> e <u>desej\u00e1vel para dar entendimento..<\/u>. comeu\u201d <\/em>e assim se deu a queda do homem entrando o pecado no mundo. O alvo da tenta\u00e7\u00e3o foi o desejo da carne no\u00a0 \u2018<em>fruto bom de comer\u2019 <\/em>e no desejo do \u2018<em>entendimento\u2019, <\/em>a opera\u00e7\u00e3o da esfera da carne em ac\u00e7\u00e3o.<\/p>\n<p>&nbsp;<\/p>\n<p>A esfera do \u2018Esp\u00edrito\u2019 e a esfera da \u2018Carne\u2019 encontram-se em constante conflito um com o outro, quer no nosso mundo vis\u00edvel (o natural) quer no invis\u00edvel (do esp\u00edrito). \u00a0Esta constante batalha trava-se por nossa causa, a cria\u00e7\u00e3o humana. A cria\u00e7\u00e3o que foi feita segundo a imagem de Deus, e que o diabo procurou destruir trazendo o pecado e a condena\u00e7\u00e3o de todo o ser humano.<\/p>\n<p>&nbsp;<\/p>\n<p>O Ap\u00f3stolo Paulo escreveu: <span style=\"color: #333399;\"><em>\u201cEu sei que em mim, na minha carne, n\u00e3o habita bem algum&#8230; pois n\u00e3o fa\u00e7o o bem que quero, mas o mal que n\u00e3o quero, esse fa\u00e7o. Ora, se eu fa\u00e7o o que n\u00e3o quero, j\u00e1 n\u00e3o o fa\u00e7o eu, mas o pecado que habita em mim&#8230; mas vejo nos meus membros outra lei que batalha contra a lei do meu entendimento\u201d. <\/em>\u00a0Leia Romanos 7:18-23<\/span><\/p>\n<p>&nbsp;<\/p>\n<p>A maior \u2018disputa\u2019 entre a esfera do Esp\u00edrito \u2013 <em>O Reino de Deus<\/em>, e a esfera da Carne \u2013 <em>O Reino das Trevas,<\/em>\u00a0 travou-se conforme registado em Colossenses 2: 14,15 <span style=\"color: #333399;\"><em>\u201cE a v\u00f3s outros que est\u00e1veis mortos nos vossos pecados&#8230; da vossa carne, vos vivificou com ele, perdoando-nos todos os nossos delitos &#8230; e,\u00a0 (Jesus)<\/em> <strong><em><u>tendo despojado os poderes e as autoridades, fez deles um espet\u00e1culo p\u00fablico, triunfando sobre eles na cruz<\/u><\/em><\/strong><strong><em><u>.<\/u> <\/em><\/strong><\/span><\/p>\n<p><em><u>\u00a0<\/u><\/em><\/p>\n<p>Esta foi a maior batalha disputada entre os dois Reinos, quando Jesus, o Cordeiro de Deus, \u00a0inocente \u2018sem pecado\u2019, foi brutalmente crucificado em nosso lugar pelo nosso pecado,\u00a0 e depois de tudo, quando lhe disseram: \u201c<em>Des\u00e7a agora da cruz este Cristo&#8230; para que vejamos e acreditemos\u201d. \u201cDesce da cruz, salva-te a ti mesmo\u201d (Marcos 15: 30,32) <\/em>, e Ele permaneceu na cruz por amor a ti e a mim at\u00e9 ao fim!<\/p>\n<p>&nbsp;<\/p>\n<p>O Seu amor incondicional para connosco foi o maior espetaculo p\u00fablico perante os homens, os anjos, e todos os seres celestiais; onde JESUS despojou as for\u00e7as de influ\u00eancia do mal,\u00a0 o poderio do Reino das Trevas,\u00a0 triunfando sobre eles na cruz!<\/p>\n<p>&nbsp;<\/p>\n<p><span style=\"color: #ff6600;\">Ora\u00e7\u00e3o:<em> Senhor Deus, eu te agrade\u00e7o, pelo teu grande amor para comigo, por haveres triunfado na cruz sobre todo o poder e autoridade do maligno, vem Jesus triunfar em mim, libertando-me do poder do pecado e de todo o mal, \u00c1men.<\/em><\/span><\/p>\n<p style=\"text-align: center;\">Escrituras da B\u00edblia Sagrada &#8211; Edi\u00e7\u00e3o: AA, AR, NTLH, NVI, EC<\/p>\n<p>[\/et_pb_text][\/et_pb_column][\/et_pb_row][\/et_pb_section]<\/p>\n","protected":false},"excerpt":{"rendered":"<p><div class=\"et_pb_row et_pb_row_0 et_pb_row_empty\">\n\t\t\t\t\n\t\t\t\t\n\t\t\t\t\n\t\t\t\t\n\t\t\t\t\n\t\t\t<\/div> VIVE NA ESFERA DO ESPIRITO (Parte I) Por muito complexa que nos pare\u00e7a a atmosfera c\u00f3smica que nos rodeia, podemos ver pela Palavra de Deus, \u00a0A B\u00edblia,\u00a0 que \u00e9 at\u00e9 muito simples e f\u00e1cil, no que diz respeito, \u00a0a distinguir as for\u00e7as que controlam o nosso cosmos. Existem unicamente duas for\u00e7as ou duas esferas [&hellip;]<\/p>\n","protected":false},"author":2,"featured_media":0,"comment_status":"open","ping_status":"open","sticky":false,"template":"","format":"standard","meta":{"_et_pb_use_builder":"on","_et_pb_old_content":"","_et_gb_content_width":"","footnotes":""},"categories":[30],"tags":[],"class_list":["post-650","post","type-post","status-publish","format-standard","hentry","category-o-espirito-santo-e-a-uncao"],"_links":{"self":[{"href":"https:\/\/meditacoes-da-graca.com\/index.php\/wp-json\/wp\/v2\/posts\/650","targetHints":{"allow":["GET"]}}],"collection":[{"href":"https:\/\/meditacoes-da-graca.com\/index.php\/wp-json\/wp\/v2\/posts"}],"about":[{"href":"https:\/\/meditacoes-da-graca.com\/index.php\/wp-json\/wp\/v2\/types\/post"}],"author":[{"embeddable":true,"href":"https:\/\/meditacoes-da-graca.com\/index.php\/wp-json\/wp\/v2\/users\/2"}],"replies":[{"embeddable":true,"href":"https:\/\/meditacoes-da-graca.com\/index.php\/wp-json\/wp\/v2\/comments?post=650"}],"version-history":[{"count":1,"href":"https:\/\/meditacoes-da-graca.com\/index.php\/wp-json\/wp\/v2\/posts\/650\/revisions"}],"predecessor-version":[{"id":651,"href":"https:\/\/meditacoes-da-graca.com\/index.php\/wp-json\/wp\/v2\/posts\/650\/revisions\/651"}],"wp:attachment":[{"href":"https:\/\/meditacoes-da-graca.com\/index.php\/wp-json\/wp\/v2\/media?parent=650"}],"wp:term":[{"taxonomy":"category","embeddable":true,"href":"https:\/\/meditacoes-da-graca.com\/index.php\/wp-json\/wp\/v2\/categories?post=650"},{"taxonomy":"post_tag","embeddable":true,"href":"https:\/\/meditacoes-da-graca.com\/index.php\/wp-json\/wp\/v2\/tags?post=650"}],"curies":[{"name":"wp","href":"https:\/\/api.w.org\/{rel}","templated":true}]}}