{"id":648,"date":"2017-08-22T09:42:36","date_gmt":"2017-08-22T07:42:36","guid":{"rendered":"http:\/\/meditacoes-da-graca.com\/?p=648"},"modified":"2017-08-22T09:42:36","modified_gmt":"2017-08-22T07:42:36","slug":"pensamentos-a-fonte","status":"publish","type":"post","link":"https:\/\/meditacoes-da-graca.com\/index.php\/2017\/08\/22\/pensamentos-a-fonte\/","title":{"rendered":"PENSAMENTOS&#8230; a fonte!"},"content":{"rendered":"<p>[et_pb_section bb_built=&#8221;1&#8243;][et_pb_row][et_pb_column type=&#8221;4_4&#8243;][et_pb_text _builder_version=&#8221;3.0.59&#8243; background_layout=&#8221;light&#8221; text_orientation=&#8221;left&#8221; border_style=&#8221;solid&#8221;]<\/p>\n<h2 style=\"text-align: center;\"><span style=\"color: #ff6600;\">MEDITA\u00c7\u00d5ES\u00a0 DA\u00a0 GRA\u00c7A\u00a0 DE\u00a0 DEUS<\/span><\/h2>\n<h2 style=\"text-align: center;\">PENSAMENTOS&#8230; a fonte!<\/h2>\n<p>[\/et_pb_text][et_pb_text _builder_version=&#8221;3.0.59&#8243; background_layout=&#8221;light&#8221; text_orientation=&#8221;left&#8221; border_style=&#8221;solid&#8221;]<\/p>\n<p style=\"text-align: center;\"><span style=\"color: #333399;\">\u201cAquele que forma os montes, cria o vento <strong>e revela os seus pensamentos ao homem<\/strong>, aquele que transforma a alvorada em trevas, e pisa as montanhas da terra;<br \/>\n<\/span><span style=\"color: #333399;\">Senhor, Deus dos Ex\u00e9rcitos, \u00e9 o seu nome.\u201d<br \/>\n<\/span><span style=\"color: #333399;\">Am\u00f3s 4:13 nvi<\/span><\/p>\n<p style=\"text-align: center;\">\n<p style=\"text-align: center;\"><span style=\"color: #333399;\">\u201cPortanto, santos irm\u00e3os, participantes do chamado celestial, fixem os seus pensamentos em Jesus, ap\u00f3stolo e sumo sacerdote que confessamos.\u201d\u00a0 Hebreus 3:1 nvi<\/span><\/p>\n<p style=\"text-align: center;\">\n<p style=\"text-align: center;\"><span style=\"color: #333399;\">\u201cIrm\u00e3os, deixem de pensar como crian\u00e7as. Com respeito ao mal, sejam crian\u00e7as; mas, quanto ao modo de pensar, sejam adultos.\u201d<br \/>\n<\/span><span style=\"color: #333399;\">I Corintios 14:20 nvi<\/span><\/p>\n<p style=\"text-align: center;\">\n<p style=\"text-align: center;\"><span style=\"color: #333399;\">\u201cDestru\u00edmos argumentos e toda pretens\u00e3o que se levanta contra o conhecimento de Deus, e levamos cativo todo pensamento,<br \/>\n<\/span><span style=\"color: #333399;\">para torn\u00e1-lo obediente a Cristo.\u201d\u00a0 2 Corintios 10:5<\/span><\/p>\n<p style=\"text-align: center;\">\n<p style=\"text-align: center;\"><span style=\"color: #333399;\">\u201cNenhum de v\u00f3s pense mal no seu cora\u00e7\u00e3o contra o seu pr\u00f3ximo.\u201d<br \/>\n<\/span><span style=\"color: #333399;\">Zacarias 8:17 aec<\/span><\/p>\n<p style=\"text-align: center;\">\n<p style=\"text-align: center;\"><span style=\"color: #333399;\">\u201cSonda-me, \u00f3 Deus, prova-me e conhece os meus pensamentos\u201d.<br \/>\n<\/span><span style=\"color: #333399;\">Salmos 139:23 aec<\/span><\/p>\n<p style=\"text-align: center;\">\n<p style=\"text-align: center;\"><span style=\"color: #333399;\">\u201cQuanto ao mais, tenham todos o mesmo modo de pensar,<br \/>\n<\/span><span style=\"color: #333399;\">sejam compassivos, amem-se fraternalmente, sejam misericordiosos e humildes.\u201d I Pedro 3:8 nvi<\/span><\/p>\n<p style=\"text-align: center;\">\n<p style=\"text-align: center;\"><span style=\"color: #333399;\">\u201cSuplico a todos voc\u00eas.. para que n\u00e3o haja divis\u00f5es entre voc\u00eas; antes, que todos estejam unidos num s\u00f3 pensamento ..\u201d<br \/>\n<\/span><span style=\"color: #333399;\">I Corintios 1:10 nvi<\/span><\/p>\n<p style=\"text-align: center;\">\n<p style=\"text-align: center;\"><span style=\"color: #333399;\">\u201cQuanto \u00e0 antiga maneira de viver, voc\u00eas foram ensinados<br \/>\n<\/span><span style=\"color: #333399;\">a despir-se do velho homem, que se corrompe por desejos enganosos, <strong>a serem renovados no modo de pensar<\/strong> e a revestir-se do novo homem, criado para ser semelhante a Deus em justi\u00e7a e em santidade provenientes da verdade.\u201d nvi<\/span><\/p>\n<p style=\"text-align: center;\">\n<p style=\"text-align: center;\"><span style=\"color: #333399;\">\u201cFinalmente, irm\u00e3os, tudo o que for verdadeiro, tudo o que for nobre, tudo o que for correto, tudo o que for puro, tudo o que for am\u00e1vel, tudo o que for de boa fama, se houver algo de excelente ou digno de louvor, pensem nessas coisas.\u201d Filipenses 4:8 nvi<\/span><\/p>\n<p style=\"text-align: center;\">\n<p style=\"text-align: center;\"><span style=\"color: #333399;\">\u201cComo eu amo a tua lei! Medito (penso) nela o dia inteiro.\u201d<br \/>\n<\/span><span style=\"color: #333399;\">Salmos 119:97 nvi<\/span><\/p>\n<p style=\"text-align: center;\">\n<p style=\"text-align: center;\"><span style=\"color: #000000;\">Escrituras da B\u00edblia Sagrada &#8211; Edi\u00e7\u00e3o: AA, AR, NTLH, NVI, EC<\/span><\/p>\n<p>[\/et_pb_text][\/et_pb_column][\/et_pb_row][\/et_pb_section]<\/p>\n","protected":false},"excerpt":{"rendered":"<p><div class=\"et_pb_row et_pb_row_0 et_pb_row_empty\">\n\t\t\t\t\n\t\t\t\t\n\t\t\t\t\n\t\t\t\t\n\t\t\t\t\n\t\t\t<\/div> MEDITA\u00c7\u00d5ES\u00a0 DA\u00a0 GRA\u00c7A\u00a0 DE\u00a0 DEUS PENSAMENTOS&#8230; a fonte! \u201cAquele que forma os montes, cria o vento e revela os seus pensamentos ao homem, aquele que transforma a alvorada em trevas, e pisa as montanhas da terra; Senhor, Deus dos Ex\u00e9rcitos, \u00e9 o seu nome.\u201d Am\u00f3s 4:13 nvi \u201cPortanto, santos irm\u00e3os, participantes do chamado celestial, [&hellip;]<\/p>\n","protected":false},"author":2,"featured_media":0,"comment_status":"open","ping_status":"open","sticky":false,"template":"","format":"standard","meta":{"_et_pb_use_builder":"on","_et_pb_old_content":"","_et_gb_content_width":"","footnotes":""},"categories":[25],"tags":[],"class_list":["post-648","post","type-post","status-publish","format-standard","hentry","category-a-mente-depressao-esgotamento"],"_links":{"self":[{"href":"https:\/\/meditacoes-da-graca.com\/index.php\/wp-json\/wp\/v2\/posts\/648","targetHints":{"allow":["GET"]}}],"collection":[{"href":"https:\/\/meditacoes-da-graca.com\/index.php\/wp-json\/wp\/v2\/posts"}],"about":[{"href":"https:\/\/meditacoes-da-graca.com\/index.php\/wp-json\/wp\/v2\/types\/post"}],"author":[{"embeddable":true,"href":"https:\/\/meditacoes-da-graca.com\/index.php\/wp-json\/wp\/v2\/users\/2"}],"replies":[{"embeddable":true,"href":"https:\/\/meditacoes-da-graca.com\/index.php\/wp-json\/wp\/v2\/comments?post=648"}],"version-history":[{"count":1,"href":"https:\/\/meditacoes-da-graca.com\/index.php\/wp-json\/wp\/v2\/posts\/648\/revisions"}],"predecessor-version":[{"id":649,"href":"https:\/\/meditacoes-da-graca.com\/index.php\/wp-json\/wp\/v2\/posts\/648\/revisions\/649"}],"wp:attachment":[{"href":"https:\/\/meditacoes-da-graca.com\/index.php\/wp-json\/wp\/v2\/media?parent=648"}],"wp:term":[{"taxonomy":"category","embeddable":true,"href":"https:\/\/meditacoes-da-graca.com\/index.php\/wp-json\/wp\/v2\/categories?post=648"},{"taxonomy":"post_tag","embeddable":true,"href":"https:\/\/meditacoes-da-graca.com\/index.php\/wp-json\/wp\/v2\/tags?post=648"}],"curies":[{"name":"wp","href":"https:\/\/api.w.org\/{rel}","templated":true}]}}