{"id":638,"date":"2017-08-22T09:28:40","date_gmt":"2017-08-22T07:28:40","guid":{"rendered":"http:\/\/meditacoes-da-graca.com\/?p=638"},"modified":"2017-08-22T09:28:40","modified_gmt":"2017-08-22T07:28:40","slug":"o-pecador-que-foi-justificado","status":"publish","type":"post","link":"https:\/\/meditacoes-da-graca.com\/index.php\/2017\/08\/22\/o-pecador-que-foi-justificado\/","title":{"rendered":"O PECADOR QUE FOI JUSTIFICADO"},"content":{"rendered":"<p>[et_pb_section bb_built=&#8221;1&#8243;][et_pb_row][et_pb_column type=&#8221;4_4&#8243;][et_pb_text _builder_version=&#8221;3.0.59&#8243; background_layout=&#8221;light&#8221; text_orientation=&#8221;left&#8221; border_style=&#8221;solid&#8221;]<\/p>\n<h2 style=\"text-align: center;\"><span style=\"color: #ff6600;\">MEDITA\u00c7\u00d5ES\u00a0 DA\u00a0 GRA\u00c7A\u00a0 DE\u00a0 DEUS<\/span><\/h2>\n<h2 style=\"text-align: center;\">\u00a0O PECADOR QUE FOI JUSTIFICADO<\/h2>\n<p>[\/et_pb_text][et_pb_text _builder_version=&#8221;3.0.59&#8243; background_layout=&#8221;light&#8221; text_orientation=&#8221;left&#8221; border_style=&#8221;solid&#8221;]<\/p>\n<p><span style=\"color: #333399;\">\u201cSabemos que o homem n\u00e3o \u00e9 justificado pelas obras da Lei, mas pela f\u00e9 em Jesus Cristo\u201d. G\u00e1latas 2:16<\/span><\/p>\n<p>&nbsp;<\/p>\n<p>Jesus quando falava, utilizava muitas ilustra\u00e7\u00f5es de tal forma que sua mensagem era simples, clara e direta.\u00a0 Ele n\u00e3o veio com discursos eloquentes, como muitos, procurando impressionar os seus ouvintes com o seu elevado n\u00edvel cultural. Certo dia, Jesus contou uma par\u00e1bola a algumas pessoas que confiavam em si mesmos, crendo que eram justos, e desprezavam os outros:<\/p>\n<p>&nbsp;<\/p>\n<p style=\"text-align: center;\"><span style=\"color: #333399;\">Dois homens subiram ao templo para orar; um era fariseu e o outro, publicano. O fariseu, em p\u00e9, orava no \u00edntimo: \u201cDeus, eu te agrade\u00e7o porque n\u00e3o sou como os outros homens: <\/span><br \/>\n<span style=\"color: #333399;\">ladr\u00f5es, corruptos, ad\u00falteros; nem mesmo como este publicano.<\/span><br \/>\n<span style=\"color: #333399;\">Jejuo duas vezes por semana e dou o d\u00edzimo de tudo quanto ganho\u201d.<\/span><br \/>\n<span style=\"color: #333399;\">Mas o publicano ficou a dist\u00e2ncia. Ele nem ousava olhar para o c\u00e9u, mas batendo no peito, dizia:<\/span><br \/>\n<span style=\"color: #333399;\">\u201cDeus, tem miseric\u00f3rdia de mim, que sou pecador\u201d. \u00a0Lucas 18:10-14<\/span><\/p>\n<p>&nbsp;<\/p>\n<p>Jesus disse que o pecador saiu para sua casa justificado mas o fariseu n\u00e3o.\u00a0 Ser\u00e1 que Jesus n\u00e3o iria levar em conta todas as boas obras que o fariseu fizera, o cumprimento da lei e dos mandamentos, seu sacrif\u00edcio duas vezes por semana jejuando?\u00a0 Como pode ser que a ora\u00e7\u00e3o de um homem conhecedor e cumpridor dos mandamentos n\u00e3o \u00e9 ouvida e a do pecador \u00e9?\u00a0 Que fez o pecador para merecer ser ouvido e o fariseu n\u00e3o? Nem um nem outro fizeram obras para merecerem serem justificados pela gra\u00e7a de Deus.<\/p>\n<p>&nbsp;<\/p>\n<p>Observemos a diferen\u00e7a:<\/p>\n<p>&nbsp;<\/p>\n<p>O fariseu:<\/p>\n<ul>\n<li>Estava confiante e orgulhoso na sua capacidade de cumprir os mandamentos<\/li>\n<li>Achava-se melhor que os outros homens que eram pecadores<\/li>\n<li>Veio se justificar diante de Deus,<\/li>\n<li>Saiu sem ser justificado<\/li>\n<\/ul>\n<p>&nbsp;<\/p>\n<p>O pecador :<\/p>\n<ul>\n<li>Veio humilde diante de Deus<\/li>\n<li>Reconheceu sua condi\u00e7\u00e3o de pecador<\/li>\n<li>Colocou a sua confian\u00e7a na miseric\u00f3rdia de Deus<\/li>\n<li>Saiu justificado<\/li>\n<\/ul>\n<p>&nbsp;<\/p>\n<p>Caro leitor, Jesus n\u00e3o veio abolir a pr\u00e1tica das boas obras nem a lei de Deus, mas Ele veio nos justificar pela pratica das Suas obras, pelo cumprimento da lei de Deus sendo crucificado, morrendo em nosso lugar e ressuscitando ao terceiro dia.\u00a0\u00a0 N\u00f3s portanto somos justificados pela f\u00e9 n\u2019Ele,\u00a0 em Jesus, e n\u00e3o por nosso m\u00e9rito.<\/p>\n<p>&nbsp;<\/p>\n<p><span style=\"color: #ff6600;\">Ora\u00e7\u00e3o:<em>\u00a0 Meu Deus e meu Senhor, eu reconhe\u00e7o a minha condi\u00e7\u00e3o de pecador, reconhe\u00e7o que n\u00e3o tenho como me justificar diante de ti, mas atrav\u00e9s de Jesus Cristo, eu estou justificado pela obra da reden\u00e7\u00e3o, n\u00e3o mais eu, mas Cristo vive em mim.\u00a0 \u00c1men.<\/em><\/span><\/p>\n<p style=\"text-align: center;\"><em>\u00a0<\/em><\/p>\n<p style=\"text-align: center;\"><strong><em>Envia esta medita\u00e7\u00e3o a teus familiares e amigos e convida-os a se subscreverem abaixo.\u00a0 Clique \u201csubscri\u00e7\u00e3o\u201d gr\u00e1tis<\/em><\/strong><\/p>\n<p style=\"text-align: center;\"><em>\u00a0<\/em><\/p>\n<p style=\"text-align: center;\">Escrituras da B\u00edblia Sagrada: Edi\u00e7\u00e3o Almeida, NIV, B\u00edblia para todos ed.comum<\/p>\n<p>[\/et_pb_text][\/et_pb_column][\/et_pb_row][\/et_pb_section]<\/p>\n","protected":false},"excerpt":{"rendered":"<p><div class=\"et_pb_row et_pb_row_0 et_pb_row_empty\">\n\t\t\t\t\n\t\t\t\t\n\t\t\t\t\n\t\t\t\t\n\t\t\t\t\n\t\t\t<\/div> MEDITA\u00c7\u00d5ES\u00a0 DA\u00a0 GRA\u00c7A\u00a0 DE\u00a0 DEUS \u00a0O PECADOR QUE FOI JUSTIFICADO \u201cSabemos que o homem n\u00e3o \u00e9 justificado pelas obras da Lei, mas pela f\u00e9 em Jesus Cristo\u201d. G\u00e1latas 2:16 &nbsp; Jesus quando falava, utilizava muitas ilustra\u00e7\u00f5es de tal forma que sua mensagem era simples, clara e direta.\u00a0 Ele n\u00e3o veio com discursos eloquentes, como [&hellip;]<\/p>\n","protected":false},"author":2,"featured_media":0,"comment_status":"open","ping_status":"open","sticky":false,"template":"","format":"standard","meta":{"_et_pb_use_builder":"on","_et_pb_old_content":"","_et_gb_content_width":"","footnotes":""},"categories":[34],"tags":[],"class_list":["post-638","post","type-post","status-publish","format-standard","hentry","category-salvacao-justificacao-perdao-2"],"_links":{"self":[{"href":"https:\/\/meditacoes-da-graca.com\/index.php\/wp-json\/wp\/v2\/posts\/638","targetHints":{"allow":["GET"]}}],"collection":[{"href":"https:\/\/meditacoes-da-graca.com\/index.php\/wp-json\/wp\/v2\/posts"}],"about":[{"href":"https:\/\/meditacoes-da-graca.com\/index.php\/wp-json\/wp\/v2\/types\/post"}],"author":[{"embeddable":true,"href":"https:\/\/meditacoes-da-graca.com\/index.php\/wp-json\/wp\/v2\/users\/2"}],"replies":[{"embeddable":true,"href":"https:\/\/meditacoes-da-graca.com\/index.php\/wp-json\/wp\/v2\/comments?post=638"}],"version-history":[{"count":1,"href":"https:\/\/meditacoes-da-graca.com\/index.php\/wp-json\/wp\/v2\/posts\/638\/revisions"}],"predecessor-version":[{"id":639,"href":"https:\/\/meditacoes-da-graca.com\/index.php\/wp-json\/wp\/v2\/posts\/638\/revisions\/639"}],"wp:attachment":[{"href":"https:\/\/meditacoes-da-graca.com\/index.php\/wp-json\/wp\/v2\/media?parent=638"}],"wp:term":[{"taxonomy":"category","embeddable":true,"href":"https:\/\/meditacoes-da-graca.com\/index.php\/wp-json\/wp\/v2\/categories?post=638"},{"taxonomy":"post_tag","embeddable":true,"href":"https:\/\/meditacoes-da-graca.com\/index.php\/wp-json\/wp\/v2\/tags?post=638"}],"curies":[{"name":"wp","href":"https:\/\/api.w.org\/{rel}","templated":true}]}}