{"id":631,"date":"2017-08-22T09:15:54","date_gmt":"2017-08-22T07:15:54","guid":{"rendered":"http:\/\/meditacoes-da-graca.com\/?p=631"},"modified":"2017-10-30T16:22:34","modified_gmt":"2017-10-30T14:22:34","slug":"uncao-fascinante","status":"publish","type":"post","link":"https:\/\/meditacoes-da-graca.com\/index.php\/2017\/08\/22\/uncao-fascinante\/","title":{"rendered":"UN\u00c7\u00c3O  FASCINANTE&#8230;"},"content":{"rendered":"<p>[et_pb_section bb_built=&#8221;1&#8243;][et_pb_row][et_pb_column type=&#8221;4_4&#8243;][et_pb_text _builder_version=&#8221;3.0.59&#8243; background_layout=&#8221;light&#8221; text_orientation=&#8221;left&#8221; border_style=&#8221;solid&#8221;]<\/p>\n<h2 style=\"text-align: center;\"><span style=\"color: #ff6600;\">MEDITA\u00c7\u00d5ES\u00a0 DA\u00a0 GRA\u00c7A\u00a0 DE\u00a0 DEUS<\/span><\/h2>\n<h2 style=\"text-align: center;\">UN\u00c7\u00c3O\u00a0 FASCINANTE&#8230;<\/h2>\n<p>[\/et_pb_text][et_pb_text _builder_version=&#8221;3.0.59&#8243; background_layout=&#8221;light&#8221; text_orientation=&#8221;left&#8221; border_style=&#8221;solid&#8221;]<\/p>\n<p>Quando Jesus desceu em forma humana, e viveu entre os homens, o que ter\u00e1 sido visto n\u2019Ele de diferente que:<\/p>\n<p>&nbsp;<\/p>\n<p style=\"text-align: center;\"><span style=\"color: #800080;\"><em>Uns pescadores deixaram as suas redes e O seguiram.\u00a0 <\/em><em>(Mat.4:18)<\/em><\/span><\/p>\n<p style=\"text-align: center;\"><span style=\"color: #800080;\"><em>A mulher com uma hemorragia tocou no Seu manto e ficou curada. <\/em><em>(Mat.9:20,21)<\/em><\/span><\/p>\n<p style=\"text-align: center;\"><span style=\"color: #800080;\"><em>O cego de Jeric\u00f3 clamou a Ele para que fosse curado e visse.\u00a0 <\/em><em>(Mar.10:46-52)<\/em><\/span><\/p>\n<p style=\"text-align: center;\"><span style=\"color: #800080;\"><em>Zaqueu o \u2018pecador\u2019 o procurou e recebeu-O em casa.\u00a0 <\/em><em>(Lucas 19) <\/em><\/span><\/p>\n<p style=\"text-align: center;\"><span style=\"color: #800080;\"><em>Uma multid\u00e3o O seguia e Ele os ensinava&#8230; <\/em><em>(Mat. 5)<\/em><\/span><\/p>\n<p style=\"text-align: center;\"><span style=\"color: #800080;\"><em>Procuravam tocar n\u2019Ele pois sa\u00eda dele poder.\u00a0 <\/em><em>(Lucas 6:19)<\/em><\/span><\/p>\n<p><em>\u00a0<\/em><\/p>\n<p>Estes todos e muitos mais viram e discerniram com o seu cora\u00e7\u00e3o a un\u00e7\u00e3o do Esp\u00edrito Santo de Deus sobre Jesus para salvar, curar e libertar. Jo\u00e3o Batista, o\u00a0 precursor de Jesus, quando Jesus veio at\u00e9 ao Jord\u00e3o e foi por ele batizado,\u00a0 viu o c\u00e9u a se abrir, e o Esp\u00edrito de Deus descendo como pomba e pousando sobre Jesus (Mateus 3:13-17).<\/p>\n<p>&nbsp;<\/p>\n<p>Un\u00e7\u00e3o esta sem medida, un\u00e7\u00e3o fascinante, transformadora! Un\u00e7\u00e3o que O habilitou:<\/p>\n<p>&nbsp;<\/p>\n<p style=\"text-align: center;\"><span style=\"color: #800080;\"><em>&#8230; a se retirar do meio dos que n\u00e3o criam n\u2019Ele.\u00a0 <\/em><em>(Jo\u00e3o 10:39,40)<\/em><\/span><\/p>\n<p style=\"text-align: center;\"><span style=\"color: #800080;\"><em>&#8230; n\u00e3o dar ocasi\u00e3o aos que procuravam acus\u00e1-lo e argumentar com Ele.\u00a0 <\/em><em>(Jo\u00e3o 8:6)<\/em><\/span><\/p>\n<p style=\"text-align: center;\"><span style=\"color: #800080;\"><em>&#8230; n\u00e3o recusar o seu rosto daquele que o traiu com um beijo.\u00a0 <\/em><em>(Mat.26:49)<\/em><\/span><\/p>\n<p style=\"text-align: center;\"><span style=\"color: #800080;\"><em>&#8230; n\u00e3o procurar reivindicar-se\u00a0 daqueles que lhe cuspiram no rosto, <\/em><\/span><\/p>\n<p style=\"text-align: center;\"><span style=\"color: #800080;\"><em>o esbofetearam e escarneceram d\u2019Ele.\u00a0\u00a0 <\/em><em>(Mat. 26:67,68)<\/em><\/span><\/p>\n<p style=\"text-align: center;\"><span style=\"color: #800080;\"><em>&#8230; a dar a Sua vida por todos n\u00f3s pecadores<\/em><em>.\u00a0\u00a0 (Jo\u00e3o 19:30)<\/em><\/span><\/p>\n<p><em>\u00a0<\/em><\/p>\n<p>Isto tudo e mais ainda suportou Jesus por mim e por ti, para que receb\u00eassemos uma por\u00e7\u00e3o desta un\u00e7\u00e3o sobre a nossa vida, que fossemos ungidos com este \u00f3leo de alegria\u00a0 e que receb\u00eassemos a salva\u00e7\u00e3o, o poder transformador em n\u00f3s, a cura a liberta\u00e7\u00e3o,\u00a0 a un\u00e7\u00e3o necess\u00e1ria para cumprirmos a nossa miss\u00e3o na terra.<\/p>\n<p>&nbsp;<\/p>\n<p style=\"text-align: center;\"><span style=\"color: #333399;\"><em>E a un\u00e7\u00e3o, que v\u00f3s recebestes dele, fica em v\u00f3s&#8230; vos ensina todas as coisas e \u00e9 verdadeira, como ela vos ensinou, assim nele permanecei\u201d. I Jo\u00e3o 1:27<\/em><\/span><\/p>\n<p style=\"text-align: center;\"><span style=\"color: #333399;\"><em>Ora, \u00e9 Deus que faz que n\u00f3s e\u00a0 voc\u00eas permane\u00e7amos firmes em Cristo. Ele nos ungiu, nos selou como sua propriedade e p\u00f4s o Seu Esp\u00edrito em nossos cora\u00e7\u00f5es como garantia do que est\u00e1 por vir.\u201d\u00a0 2 Cor\u00edntios 1:21,22<\/em><\/span><\/p>\n<p>&nbsp;<\/p>\n<p><span style=\"color: #ff6600;\">Ora\u00e7\u00e3o:<em> Senhor Deus, tu me chamaste pelo meu nome, me salvaste, me ungiste com o \u00f3leo do teu Esp\u00edrito Santo. Vem me encher dia a dia com o teu poder, tua un\u00e7\u00e3o, vem me guiar pelo teu caminho, ajuda-me a cumprir a minha miss\u00e3o, a tua chamada em minha vida, em nome de Jesus,\u00a0 \u00c1men.<\/em><\/span><\/p>\n<p>[\/et_pb_text][\/et_pb_column][\/et_pb_row][\/et_pb_section]<\/p>\n","protected":false},"excerpt":{"rendered":"<p><div class=\"et_pb_row et_pb_row_0 et_pb_row_empty\">\n\t\t\t\t\n\t\t\t\t\n\t\t\t\t\n\t\t\t\t\n\t\t\t\t\n\t\t\t<\/div> MEDITA\u00c7\u00d5ES\u00a0 DA\u00a0 GRA\u00c7A\u00a0 DE\u00a0 DEUS UN\u00c7\u00c3O\u00a0 FASCINANTE&#8230; Quando Jesus desceu em forma humana, e viveu entre os homens, o que ter\u00e1 sido visto n\u2019Ele de diferente que: &nbsp; Uns pescadores deixaram as suas redes e O seguiram.\u00a0 (Mat.4:18) A mulher com uma hemorragia tocou no Seu manto e ficou curada. (Mat.9:20,21) O cego de [&hellip;]<\/p>\n","protected":false},"author":2,"featured_media":0,"comment_status":"open","ping_status":"open","sticky":false,"template":"","format":"standard","meta":{"_et_pb_use_builder":"on","_et_pb_old_content":"","_et_gb_content_width":"","footnotes":""},"categories":[30],"tags":[],"class_list":["post-631","post","type-post","status-publish","format-standard","hentry","category-o-espirito-santo-e-a-uncao"],"_links":{"self":[{"href":"https:\/\/meditacoes-da-graca.com\/index.php\/wp-json\/wp\/v2\/posts\/631","targetHints":{"allow":["GET"]}}],"collection":[{"href":"https:\/\/meditacoes-da-graca.com\/index.php\/wp-json\/wp\/v2\/posts"}],"about":[{"href":"https:\/\/meditacoes-da-graca.com\/index.php\/wp-json\/wp\/v2\/types\/post"}],"author":[{"embeddable":true,"href":"https:\/\/meditacoes-da-graca.com\/index.php\/wp-json\/wp\/v2\/users\/2"}],"replies":[{"embeddable":true,"href":"https:\/\/meditacoes-da-graca.com\/index.php\/wp-json\/wp\/v2\/comments?post=631"}],"version-history":[{"count":1,"href":"https:\/\/meditacoes-da-graca.com\/index.php\/wp-json\/wp\/v2\/posts\/631\/revisions"}],"predecessor-version":[{"id":632,"href":"https:\/\/meditacoes-da-graca.com\/index.php\/wp-json\/wp\/v2\/posts\/631\/revisions\/632"}],"wp:attachment":[{"href":"https:\/\/meditacoes-da-graca.com\/index.php\/wp-json\/wp\/v2\/media?parent=631"}],"wp:term":[{"taxonomy":"category","embeddable":true,"href":"https:\/\/meditacoes-da-graca.com\/index.php\/wp-json\/wp\/v2\/categories?post=631"},{"taxonomy":"post_tag","embeddable":true,"href":"https:\/\/meditacoes-da-graca.com\/index.php\/wp-json\/wp\/v2\/tags?post=631"}],"curies":[{"name":"wp","href":"https:\/\/api.w.org\/{rel}","templated":true}]}}