{"id":624,"date":"2017-08-22T08:59:15","date_gmt":"2017-08-22T06:59:15","guid":{"rendered":"http:\/\/meditacoes-da-graca.com\/?p=624"},"modified":"2017-08-22T08:59:15","modified_gmt":"2017-08-22T06:59:15","slug":"ungido-com-oleo-de-alegria-parte-2","status":"publish","type":"post","link":"https:\/\/meditacoes-da-graca.com\/index.php\/2017\/08\/22\/ungido-com-oleo-de-alegria-parte-2\/","title":{"rendered":"UNGIDO COM \u00d3LEO DE ALEGRIA \u2013 Parte 2"},"content":{"rendered":"<p>[et_pb_section bb_built=&#8221;1&#8243;][et_pb_row][et_pb_column type=&#8221;4_4&#8243;][et_pb_text _builder_version=&#8221;3.0.59&#8243; background_layout=&#8221;light&#8221; text_orientation=&#8221;left&#8221; border_style=&#8221;solid&#8221;]<\/p>\n<h2 style=\"text-align: center;\"><span style=\"color: #ff6600;\">MEDITA\u00c7\u00d5ES\u00a0 DA\u00a0 GRA\u00c7A\u00a0 DE\u00a0 DEUS<\/span><\/h2>\n<h2 style=\"text-align: center;\">UNGIDO COM \u00d3LEO DE ALEGRIA \u2013 Parte 2<\/h2>\n<p>[\/et_pb_text][et_pb_text _builder_version=&#8221;3.0.59&#8243; background_layout=&#8221;light&#8221; text_orientation=&#8221;left&#8221; border_style=&#8221;solid&#8221;]<\/p>\n<p style=\"text-align: center;\"><span style=\"color: #333399;\"><em>\u201cEnviou-me para cuidar dos que est\u00e3o com o cora\u00e7\u00e3o quebrantado, anunciar liberdade aos cativos e liberta\u00e7\u00e3o das trevas aos prisioneiros, para consolar todos os que andam tristes,<\/em> <em>e dar a todos os que choram.. \u00a0uma bela coroa em vez de cinzas, o \u00f3leo da alegria em vez de pranto, e um manto de louvor <\/em><em>em vez de esp\u00edrito deprimido.\u201d<\/em><\/span><\/p>\n<p><em>\u00a0<\/em><\/p>\n<p>Jesus foi ungido com o \u00f3leo de alegria, foi-lhe dado o Esp\u00edrito Santo sem medida e atrav\u00e9s do sacrif\u00edcio que Ele fez por n\u00f3s na cruz e na altura que Ele passou a ser nosso Senhor e Salvador, pass\u00e1mos a beneficiar da sua maravilhosa obra:<\/p>\n<p>&nbsp;<\/p>\n<p style=\"text-align: center;\"><strong><em>em vez de choro, fomos ungidos com o \u00f3leo da alegria<br \/>\n<\/em><\/strong><strong><em>foi nos dado um manto de louvor em vez de esp\u00edrito deprimido<br \/>\n<\/em><\/strong><strong><em>um bela coroa em vez de cinzas<br \/>\n<\/em><\/strong><strong><em>liberta\u00e7\u00e3o de opress\u00e3o <\/em><\/strong><\/p>\n<p>&nbsp;<\/p>\n<p>Assim como Jesus necessitou da por\u00e7\u00e3o do Esp\u00edrito Santo sem medida o que o possibilitou a cumprir a sua miss\u00e3o de nosso Salvador e Redentor at\u00e9 ao fim, n\u00f3s precisamos da un\u00e7\u00e3o do Esp\u00edrito Santo de Deus para vivermos com alegria, vivermos livres de opress\u00e3o e de depress\u00e3o, livres do poder do pecado.<\/p>\n<p>&nbsp;<\/p>\n<p>Coloca o teu manto de louvor que Jesus te deu em vez de um esp\u00edrito deprimido e canta louvores a Deus, louva-o com as obras das tuas m\u00e3os com a tua esperan\u00e7a, tua confian\u00e7a n\u2019Ele.\u00a0 Coloca a coroa que Jesus te deu em vez de cinzas, e reina sobre as tuas circunstancias adversas no poder do Espirito Santo, declarando a tua vit\u00f3ria atrav\u00e9s de Jesus.<\/p>\n<p>&nbsp;<\/p>\n<p style=\"text-align: center;\"><span style=\"color: #333399;\"><em>Eles reconstruir\u00e3o as velhas ru\u00ednas\u2026 renovar\u00e3o as cidades arruinadas<br \/>\n<\/em><\/span><span style=\"color: #333399;\"><em>que t\u00eam sido devastadas de gera\u00e7\u00e3o em gera\u00e7\u00e3o.<br \/>\n<\/em><\/span><span style=\"color: #333399;\"><em>Mas voc\u00eas ser\u00e3o chamados sacerdotes do Senhor, ministros do nosso Deus.<br \/>\n<\/em><\/span><span style=\"color: #333399;\"><em>\u00a0Voc\u00eas se alimentar\u00e3o das riquezas das na\u00e7\u00f5es..<br \/>\n\u2026pois herdar\u00e3o por\u00e7\u00e3o dupla em sua terra, e ter\u00e3o alegria eterna. Leia Isa\u00edas 61:3-7<\/em><\/span><\/p>\n<p>&nbsp;<\/p>\n<p>\u00c9 com esta un\u00e7\u00e3o do Esp\u00edrito Santo sobre n\u00f3s que poderemos reconstruir relacionamentos despeda\u00e7ados, podemos renovar as vidas arruinadas pela droga, o \u00e1lcool, todos e quaisquer v\u00edcios que possamos enfrentar, renovaremos as \u2018cidades\u2019, as circunstancias devastadas em nossa vida!\u00a0 Como sacerdotes do Senhor nosso Deus, seremos pr\u00f3speros; como povo de Deus receberemos por\u00e7\u00e3o dupla em nossa terra e teremos alegria eterna!<\/p>\n<p>&nbsp;<\/p>\n<p><span style=\"color: #ff6600;\">Ora\u00e7\u00e3o: Senhor meu Deus, em Isa\u00edas 61 diz <span style=\"color: #333399;\">\u201c<\/span><\/span><span style=\"color: #333399;\"><em> ele me vestiu com as vestes da salva\u00e7\u00e3o e sobre mim p\u00f4s o manto da justi\u00e7a\u2026\u201d <\/em><\/span>\u00a0<span style=\"color: #ff6600;\">quando aceitei a Cristo Jesus meu Salvador, tu vestiste-me com a veste da salva\u00e7\u00e3o e colocaste sobre mim o manto da justifica\u00e7\u00e3o, tu me justificaste e me perdoaste de todo o pecado. Eu te agrade\u00e7o Senhor Deus, do fundo do meu cora\u00e7\u00e3o por me teres vestido com tal salva\u00e7\u00e3o, em Jesus, \u00c1men.<\/span><\/p>\n<p style=\"text-align: center;\">Escrituras da B\u00edblia Sagrada &#8211; Edi\u00e7\u00e3o: AA, AR, NTLH, NVI, EC<\/p>\n<p>[\/et_pb_text][\/et_pb_column][\/et_pb_row][\/et_pb_section]<\/p>\n","protected":false},"excerpt":{"rendered":"<p><div class=\"et_pb_row et_pb_row_0 et_pb_row_empty\">\n\t\t\t\t\n\t\t\t\t\n\t\t\t\t\n\t\t\t\t\n\t\t\t\t\n\t\t\t<\/div> MEDITA\u00c7\u00d5ES\u00a0 DA\u00a0 GRA\u00c7A\u00a0 DE\u00a0 DEUS UNGIDO COM \u00d3LEO DE ALEGRIA \u2013 Parte 2 \u201cEnviou-me para cuidar dos que est\u00e3o com o cora\u00e7\u00e3o quebrantado, anunciar liberdade aos cativos e liberta\u00e7\u00e3o das trevas aos prisioneiros, para consolar todos os que andam tristes, e dar a todos os que choram.. \u00a0uma bela coroa em vez de cinzas, [&hellip;]<\/p>\n","protected":false},"author":2,"featured_media":0,"comment_status":"open","ping_status":"open","sticky":false,"template":"","format":"standard","meta":{"_et_pb_use_builder":"on","_et_pb_old_content":"","_et_gb_content_width":"","footnotes":""},"categories":[27],"tags":[],"class_list":["post-624","post","type-post","status-publish","format-standard","hentry","category-alegria-no-senhor"],"_links":{"self":[{"href":"https:\/\/meditacoes-da-graca.com\/index.php\/wp-json\/wp\/v2\/posts\/624","targetHints":{"allow":["GET"]}}],"collection":[{"href":"https:\/\/meditacoes-da-graca.com\/index.php\/wp-json\/wp\/v2\/posts"}],"about":[{"href":"https:\/\/meditacoes-da-graca.com\/index.php\/wp-json\/wp\/v2\/types\/post"}],"author":[{"embeddable":true,"href":"https:\/\/meditacoes-da-graca.com\/index.php\/wp-json\/wp\/v2\/users\/2"}],"replies":[{"embeddable":true,"href":"https:\/\/meditacoes-da-graca.com\/index.php\/wp-json\/wp\/v2\/comments?post=624"}],"version-history":[{"count":1,"href":"https:\/\/meditacoes-da-graca.com\/index.php\/wp-json\/wp\/v2\/posts\/624\/revisions"}],"predecessor-version":[{"id":625,"href":"https:\/\/meditacoes-da-graca.com\/index.php\/wp-json\/wp\/v2\/posts\/624\/revisions\/625"}],"wp:attachment":[{"href":"https:\/\/meditacoes-da-graca.com\/index.php\/wp-json\/wp\/v2\/media?parent=624"}],"wp:term":[{"taxonomy":"category","embeddable":true,"href":"https:\/\/meditacoes-da-graca.com\/index.php\/wp-json\/wp\/v2\/categories?post=624"},{"taxonomy":"post_tag","embeddable":true,"href":"https:\/\/meditacoes-da-graca.com\/index.php\/wp-json\/wp\/v2\/tags?post=624"}],"curies":[{"name":"wp","href":"https:\/\/api.w.org\/{rel}","templated":true}]}}