{"id":614,"date":"2017-08-22T08:30:46","date_gmt":"2017-08-22T06:30:46","guid":{"rendered":"http:\/\/meditacoes-da-graca.com\/?p=614"},"modified":"2017-08-22T08:30:46","modified_gmt":"2017-08-22T06:30:46","slug":"mais-do-que-vencedor","status":"publish","type":"post","link":"https:\/\/meditacoes-da-graca.com\/index.php\/2017\/08\/22\/mais-do-que-vencedor\/","title":{"rendered":"MAIS  DO  QUE  VENCEDOR"},"content":{"rendered":"<p>[et_pb_section bb_built=&#8221;1&#8243;][et_pb_row][et_pb_column type=&#8221;4_4&#8243;][et_pb_text _builder_version=&#8221;3.0.59&#8243; background_layout=&#8221;light&#8221; text_orientation=&#8221;left&#8221; border_style=&#8221;solid&#8221;]<\/p>\n<h2 style=\"text-align: center;\"><span style=\"color: #ff6600;\">MEDITA\u00c7\u00d5ES\u00a0 DA\u00a0 GRA\u00c7A\u00a0 DE\u00a0 DEUS<\/span><\/h2>\n<h2 style=\"text-align: center;\">MAIS\u00a0 DO\u00a0 QUE\u00a0 VENCEDOR<\/h2>\n<p>[\/et_pb_text][et_pb_text _builder_version=&#8221;3.0.59&#8243; background_layout=&#8221;light&#8221; text_orientation=&#8221;left&#8221; border_style=&#8221;solid&#8221;]<\/p>\n<p><span style=\"color: #333399;\"><em>\u201cEstando n\u00f3s ainda mortos em nossos delitos, nos vivificou com Cristo (pela gra\u00e7a sois salvos) e nos ressuscitou com ele, fazendo-nos assentar nas regi\u00f5es celestiais, em Cristo Jesus\u201d. Ef. 5,6<\/em><\/span><\/p>\n<p>&nbsp;<\/p>\n<p>Houve um homem de Deus que era profeta em Israel chamado Eliseu.\u00a0 Deus havia usado este homem de uma forma muito poderosa e livrara o povo de Israel dos seus inimigos atrav\u00e9s dele.<\/p>\n<p>&nbsp;<\/p>\n<p>Vez ap\u00f3s vez, os planos dos inimigos foram descobertos por revela\u00e7\u00e3o divina e o povo de Israel foi avisado por Eliseu das estrat\u00e9gias do inimigo e assim foram livrados de tais planos de ataque.<\/p>\n<p>&nbsp;<\/p>\n<p>Isto intrigou o rei da S\u00edria e ap\u00f3s haver inquirido, constatou que era o profeta Eliseu em Israel que declarava as pr\u00f3prias palavras que o rei falava no seu quarto.<\/p>\n<p>&nbsp;<\/p>\n<p>Certo dia, o servo de Eliseu, assustado, veio avisar o seu senhor que o ex\u00e9rcito Siro havia cercado com carros e cavalos a cidade onde estavam. Eliseu respondeu ao seu servo: <em>\u2018Nao temas, mais s\u00e3o os que est\u00e3o connosco do que os que est\u00e3o com eles\u2019.\u00a0 <\/em>Nisto, orou, e pediu que Deus abrisse os olhos do seu servo para que visse, e ele olhou e viu que o monte estava cheio de cavalos e carros de fogo ao redor de Eliseu.<\/p>\n<p>&nbsp;<\/p>\n<p>Deus havia enviado o seu ex\u00e9rcito celestial para proteger o homem de Deus, o seu servo e a cidade inteira. Este ex\u00e9rcito n\u00e3o era vis\u00edvel na esfera natural apenas na esfera do sobrenatural, mas era t\u00e3o real e t\u00e3o poderoso e eficaz como no natural. (2 Reis 6:8-18)<\/p>\n<p>&nbsp;<\/p>\n<p>Existem muitas for\u00e7as vis\u00edveis e invis\u00edveis que muitas vezes v\u00eam combater contra n\u00f3s para nos derrubar e impedir de fazermos a vontade de Deus e atingir os Seus planos.\u00a0\u00a0 Ap\u00f3s havermos sido vivificados em Cristo Jesus, (salvos pela gra\u00e7a) passamos a nos assentar com Cristo nos lugares celestiais reinando com ele.<\/p>\n<p><em>\u00a0<\/em><\/p>\n<p>\u00c9 nos lugares celestiais que tomamos autoridade no nome de Jesus contra todas as ciladas do inimigo contra n\u00f3s.\u00a0 Jesus j\u00e1 conquistou pelo seu sangue o terreno diante de n\u00f3s, basta irmos em frente e possuir a terra! <span style=\"color: #333399;\"><em>\u201cQue diremos pois a estas coisas?\u00a0 Se Deus \u00e9 por n\u00f3s quem ser\u00e1 contra n\u00f3s?\u201c\u00a0 Rom. 8:31<\/em><\/span><\/p>\n<p><em>\u00a0<\/em><\/p>\n<p style=\"text-align: center;\"><span style=\"color: #ff6600;\">Ora\u00e7\u00e3o:<em>\u00a0\u00a0 Deus meu e Pai, eu te agrade\u00e7o pois tu me fazes mais do que vencedor em todas estas coisas por Cristo Jesus.\u00a0 \u00c1men.<\/em><\/span><\/p>\n<p style=\"text-align: center;\">Escrituras da B\u00edblia Sagrada &#8211; Edi\u00e7\u00e3o: AA, AR, NTLH, NVI, EC<\/p>\n<p>[\/et_pb_text][\/et_pb_column][\/et_pb_row][\/et_pb_section]<\/p>\n","protected":false},"excerpt":{"rendered":"<p><div class=\"et_pb_row et_pb_row_0 et_pb_row_empty\">\n\t\t\t\t\n\t\t\t\t\n\t\t\t\t\n\t\t\t\t\n\t\t\t\t\n\t\t\t<\/div> MEDITA\u00c7\u00d5ES\u00a0 DA\u00a0 GRA\u00c7A\u00a0 DE\u00a0 DEUS MAIS\u00a0 DO\u00a0 QUE\u00a0 VENCEDOR \u201cEstando n\u00f3s ainda mortos em nossos delitos, nos vivificou com Cristo (pela gra\u00e7a sois salvos) e nos ressuscitou com ele, fazendo-nos assentar nas regi\u00f5es celestiais, em Cristo Jesus\u201d. Ef. 5,6 &nbsp; Houve um homem de Deus que era profeta em Israel chamado Eliseu.\u00a0 Deus havia [&hellip;]<\/p>\n","protected":false},"author":2,"featured_media":0,"comment_status":"open","ping_status":"open","sticky":false,"template":"","format":"standard","meta":{"_et_pb_use_builder":"on","_et_pb_old_content":"","_et_gb_content_width":"","footnotes":""},"categories":[29],"tags":[],"class_list":["post-614","post","type-post","status-publish","format-standard","hentry","category-vitoria-e-intervencao-divina"],"_links":{"self":[{"href":"https:\/\/meditacoes-da-graca.com\/index.php\/wp-json\/wp\/v2\/posts\/614","targetHints":{"allow":["GET"]}}],"collection":[{"href":"https:\/\/meditacoes-da-graca.com\/index.php\/wp-json\/wp\/v2\/posts"}],"about":[{"href":"https:\/\/meditacoes-da-graca.com\/index.php\/wp-json\/wp\/v2\/types\/post"}],"author":[{"embeddable":true,"href":"https:\/\/meditacoes-da-graca.com\/index.php\/wp-json\/wp\/v2\/users\/2"}],"replies":[{"embeddable":true,"href":"https:\/\/meditacoes-da-graca.com\/index.php\/wp-json\/wp\/v2\/comments?post=614"}],"version-history":[{"count":1,"href":"https:\/\/meditacoes-da-graca.com\/index.php\/wp-json\/wp\/v2\/posts\/614\/revisions"}],"predecessor-version":[{"id":615,"href":"https:\/\/meditacoes-da-graca.com\/index.php\/wp-json\/wp\/v2\/posts\/614\/revisions\/615"}],"wp:attachment":[{"href":"https:\/\/meditacoes-da-graca.com\/index.php\/wp-json\/wp\/v2\/media?parent=614"}],"wp:term":[{"taxonomy":"category","embeddable":true,"href":"https:\/\/meditacoes-da-graca.com\/index.php\/wp-json\/wp\/v2\/categories?post=614"},{"taxonomy":"post_tag","embeddable":true,"href":"https:\/\/meditacoes-da-graca.com\/index.php\/wp-json\/wp\/v2\/tags?post=614"}],"curies":[{"name":"wp","href":"https:\/\/api.w.org\/{rel}","templated":true}]}}