{"id":604,"date":"2017-08-22T08:12:34","date_gmt":"2017-08-22T06:12:34","guid":{"rendered":"http:\/\/meditacoes-da-graca.com\/?p=604"},"modified":"2017-08-22T08:12:34","modified_gmt":"2017-08-22T06:12:34","slug":"na-hora-mais-escura-o-poder-do-pao-e-do-vinho","status":"publish","type":"post","link":"https:\/\/meditacoes-da-graca.com\/index.php\/2017\/08\/22\/na-hora-mais-escura-o-poder-do-pao-e-do-vinho\/","title":{"rendered":"NA HORA MAIS ESCURA&#8230; O PODER DO P\u00c3O E DO VINHO"},"content":{"rendered":"<p>[et_pb_section bb_built=&#8221;1&#8243;][et_pb_row][et_pb_column type=&#8221;4_4&#8243;][et_pb_text _builder_version=&#8221;3.0.59&#8243; background_layout=&#8221;light&#8221; text_orientation=&#8221;left&#8221; border_style=&#8221;solid&#8221;]<\/p>\n<h2 style=\"text-align: center;\"><span style=\"color: #ff6600;\">MEDITA\u00c7\u00d5ES\u00a0 DA\u00a0 GRA\u00c7A\u00a0 DE\u00a0 DEUS<\/span><\/h2>\n<h2 style=\"text-align: center;\">NA HORA MAIS ESCURA&#8230; O PODER DO P\u00c3O E DO VINHO<\/h2>\n<p>[\/et_pb_text][et_pb_text _builder_version=&#8221;3.0.59&#8243; background_layout=&#8221;light&#8221; text_orientation=&#8221;left&#8221; border_style=&#8221;solid&#8221;]<\/p>\n<p><span style=\"color: #333399;\"><em>\u201cN\u00e3o temas, pois eu sou contigo; n\u00e3o te assombres, pois eu sou teu Deus. Eu te fortalecerei e te ajudarei; eu te sustentarei com a destra da minha justi\u00e7a\u201d. Isa\u00edas 41:11<\/em><\/span><\/p>\n<p>&nbsp;<\/p>\n<p>Quando Abr\u00e3o saiu em peleja e trouxe os seus cativos de volta, os que haviam sido levados pelos inimigos, veio ao seu encontro Melquisedeque, rei de Sal\u00e9m e sacerdote do Deus Alt\u00edssimo, e trouxe p\u00e3o e vinho e aben\u00e7oou a Abr\u00e3o. G\u00eanesis 14:18-20<\/p>\n<p>&nbsp;<\/p>\n<p>Ele reconheceu que Abr\u00e3o havia conseguido tal conquista por interm\u00e9dio de Deus tanto que ele disse: <em><span style=\"color: #333399;\">\u201cBendito seja Abr\u00e3o pelo Deus Alt\u00edssimo, o Criador dos c\u00e9us e da terra, e bendito seja o Deus Alt\u00edssimo, que entregou os teus inimigos nas tuas m\u00e3os! Ent\u00e3o Abr\u00e3o deu-lhe o d\u00edzimo de tudo.\u201d\u00a0<\/span> <\/em><\/p>\n<p>&nbsp;<\/p>\n<p>Depois de uma grande batalha, Abr\u00e3o \u00e9 fortalecido com p\u00e3o e vinho e celebra a sua vit\u00f3ria!\u00a0 Na tua conquista pelos teus cativos, ao confiares em Deus pela liberta\u00e7\u00e3o daqueles teus queridos ou amigos ou conhecidos que tem sido prisioneiros de doen\u00e7as, afli\u00e7\u00f5es ou circunst\u00e2ncias adversas, lembra-te que quem te d\u00e1 a vit\u00f3ria \u00e9 Jesus.<\/p>\n<p>&nbsp;<\/p>\n<p>Um soldado alcan\u00e7a vit\u00f3ria mediante um bom combate, uma boa estrat\u00e9gia de guerra e de ataque no campo inimigo.\u00a0 Todos n\u00f3s que j\u00e1 estamos em Cristo Jesus, lavados e resgatados pelo sangue de Jesus, somos mais do que soldados,\u00a0passamos a ser herdeiros de Cristo.<\/p>\n<p>&nbsp;<\/p>\n<p>Jesus Cristo j\u00e1 venceu a batalha por n\u00f3s, e n\u00f3s, \u00a0na qualidade de herdeiros, simplesmente sentados no\u00a0\u2018gabinete do nosso advogado\u2019 Jesus, nos \u00e9 dado o direito legal do nosso territ\u00f3rio que foi indevidamente tirado, e reconquistamos o que nos pertence. \u00a0Quando participas da mesa da ceia do nosso Senhor Jesus Cristo, quando tomas o p\u00e3o e o vinho, recebe a for\u00e7a do poder de Deus, declara a tua vit\u00f3ria!<\/p>\n<p style=\"text-align: center;\"><span style=\"color: #333399;\"><em>\u201cDando gra\u00e7as ao Pai que nos fez id\u00f3neos para participar da heran\u00e7a<\/em><em>\u00a0dos santos na luz. Ele os tirou do poder das trevas e nos transportou para o Reino do Filho do seu amor.\u201d Colossenses 1:12,13<\/em><\/span><\/p>\n<p>&nbsp;<\/p>\n<p>Pelo poder do sacrif\u00edcio de Jesus na cruz, a dor que Ele suportou no seu corpo, o seu sangue que verteu na cruz, todos os que o receberam como Senhor e Salvador passaram a ser herdeiros de Jesus.\u00a0 Foste tirado do poder das trevas e transportado do cativeiro para o Reino do Filho do seu amor \u2013 Jesus!<\/p>\n<p>&nbsp;<\/p>\n<p>Quando Abr\u00e3o tomou o p\u00e3o e o vinho, foi aben\u00e7oado! Ele reconheceu a b\u00ean\u00e7\u00e3o de Deus e de uma forma com agradecimento\u00a0para com Deus, expressou sua gratid\u00e3o e deu ao sacerdote a d\u00e9cima parte do seu ganho.\u00a0 Expressa tua gratid\u00e3o para com Deus e oferece-lhe a tua d\u00e9cima parte em reconhecimento pelo seu amor! Jesus \u00e9 o Sumo Sacerdote do Alt\u00edssimo, segundo a ordem de Melquisedeque, e sai ao teu caminho com p\u00e3o e vinho e te aben\u00e7oa!<\/p>\n<p>&nbsp;<\/p>\n<p><span style=\"color: #ff6600;\">Ora\u00e7\u00e3o:<em>\u00a0\u00a0\u00a0\u00a0\u00a0 Senhor Deus, em f\u00e9 em ti e na obra resgatadora de Jesus Cristo, eu te agrade\u00e7o pela tua liberta\u00e7\u00e3o, salva\u00e7\u00e3o, opera\u00e7\u00e3o\u00a0 (diz aqui a situa\u00e7\u00e3o)\u00a0 e espero em ti pela vit\u00f3ria por heran\u00e7a por interm\u00e9dio de Jesus Cristo, pelo poder do nome e o sangue de Jesus, \u00a0\u00c1men.<\/em><\/span><\/p>\n<p>&nbsp;<\/p>\n<p style=\"text-align: center;\"><strong><em>Envia esta medita\u00e7\u00e3o a teus familiares e amigos e convida-os a se subscreverem abaixo. <\/em><\/strong><\/p>\n<p style=\"text-align: center;\">Escrituras da B\u00edblia Sagrada &#8211; Edi\u00e7\u00e3o: AA, AR, NTLH, NVI, EC<\/p>\n<p>[\/et_pb_text][\/et_pb_column][\/et_pb_row][\/et_pb_section]<\/p>\n","protected":false},"excerpt":{"rendered":"<p><div class=\"et_pb_row et_pb_row_0 et_pb_row_empty\">\n\t\t\t\t\n\t\t\t\t\n\t\t\t\t\n\t\t\t\t\n\t\t\t\t\n\t\t\t<\/div> MEDITA\u00c7\u00d5ES\u00a0 DA\u00a0 GRA\u00c7A\u00a0 DE\u00a0 DEUS NA HORA MAIS ESCURA&#8230; O PODER DO P\u00c3O E DO VINHO \u201cN\u00e3o temas, pois eu sou contigo; n\u00e3o te assombres, pois eu sou teu Deus. Eu te fortalecerei e te ajudarei; eu te sustentarei com a destra da minha justi\u00e7a\u201d. Isa\u00edas 41:11 &nbsp; Quando Abr\u00e3o saiu em peleja e [&hellip;]<\/p>\n","protected":false},"author":2,"featured_media":0,"comment_status":"open","ping_status":"open","sticky":false,"template":"","format":"standard","meta":{"_et_pb_use_builder":"on","_et_pb_old_content":"","_et_gb_content_width":"","footnotes":""},"categories":[29],"tags":[],"class_list":["post-604","post","type-post","status-publish","format-standard","hentry","category-vitoria-e-intervencao-divina"],"_links":{"self":[{"href":"https:\/\/meditacoes-da-graca.com\/index.php\/wp-json\/wp\/v2\/posts\/604","targetHints":{"allow":["GET"]}}],"collection":[{"href":"https:\/\/meditacoes-da-graca.com\/index.php\/wp-json\/wp\/v2\/posts"}],"about":[{"href":"https:\/\/meditacoes-da-graca.com\/index.php\/wp-json\/wp\/v2\/types\/post"}],"author":[{"embeddable":true,"href":"https:\/\/meditacoes-da-graca.com\/index.php\/wp-json\/wp\/v2\/users\/2"}],"replies":[{"embeddable":true,"href":"https:\/\/meditacoes-da-graca.com\/index.php\/wp-json\/wp\/v2\/comments?post=604"}],"version-history":[{"count":1,"href":"https:\/\/meditacoes-da-graca.com\/index.php\/wp-json\/wp\/v2\/posts\/604\/revisions"}],"predecessor-version":[{"id":605,"href":"https:\/\/meditacoes-da-graca.com\/index.php\/wp-json\/wp\/v2\/posts\/604\/revisions\/605"}],"wp:attachment":[{"href":"https:\/\/meditacoes-da-graca.com\/index.php\/wp-json\/wp\/v2\/media?parent=604"}],"wp:term":[{"taxonomy":"category","embeddable":true,"href":"https:\/\/meditacoes-da-graca.com\/index.php\/wp-json\/wp\/v2\/categories?post=604"},{"taxonomy":"post_tag","embeddable":true,"href":"https:\/\/meditacoes-da-graca.com\/index.php\/wp-json\/wp\/v2\/tags?post=604"}],"curies":[{"name":"wp","href":"https:\/\/api.w.org\/{rel}","templated":true}]}}