{"id":590,"date":"2017-08-21T13:36:59","date_gmt":"2017-08-21T11:36:59","guid":{"rendered":"http:\/\/meditacoes-da-graca.com\/?p=590"},"modified":"2017-08-21T13:36:59","modified_gmt":"2017-08-21T11:36:59","slug":"entra-no-seu-descanso","status":"publish","type":"post","link":"https:\/\/meditacoes-da-graca.com\/index.php\/2017\/08\/21\/entra-no-seu-descanso\/","title":{"rendered":"ENTRA NO SEU DESCANSO"},"content":{"rendered":"<p>[et_pb_section bb_built=&#8221;1&#8243;][et_pb_row][et_pb_column type=&#8221;4_4&#8243;][et_pb_text _builder_version=&#8221;3.0.59&#8243; background_layout=&#8221;light&#8221; text_orientation=&#8221;left&#8221; border_style=&#8221;solid&#8221;]<\/p>\n<h2 style=\"text-align: center;\"><span style=\"color: #ff6600;\">MEDITA\u00c7\u00d5ES\u00a0 DA\u00a0 GRA\u00c7A\u00a0 DE\u00a0 DEUS<\/span><\/h2>\n<h2 style=\"text-align: center;\">ENTRA NO SEU DESCANSO<\/h2>\n<p><strong>\u00a0<\/strong><\/p>\n<p>[\/et_pb_text][et_pb_text _builder_version=&#8221;3.0.59&#8243; background_layout=&#8221;light&#8221; text_orientation=&#8221;left&#8221; border_style=&#8221;solid&#8221;]<\/p>\n<p><span style=\"color: #333399;\">\u201c<em>Pois aquele que entrou no descanso de Deus, ele pr\u00f3prio descansou de suas obras, como Deus das suas.\u201d Hebreus 4:10<\/em><\/span><\/p>\n<p><em>\u00a0<\/em><\/p>\n<p>Deus na sua multiforme sabedoria, aquando na funda\u00e7\u00e3o do mundo e da cria\u00e7\u00e3o, Ele pr\u00f3prio descansou das suas obras no s\u00e9timo dia.\u00a0 Deus preparou um descanso para todos n\u00f3s, pois Ele nos criou e proporcionou tudo o que era \u00a0necess\u00e1rio para tamb\u00e9m podermos descansar das nossas obras.<\/p>\n<p>&nbsp;<\/p>\n<p>Sentes-te cansado na vida? Cansado das constantes batalhas que tens que enfrentar, cansado dos dilemas e argumentos ou conflitos entre relacionamentos sejam familiares ou de trabalho?\u00a0 Cansado dos fardos pesados que tens que carregar, as preocupa\u00e7\u00f5es e ansiedades da vida?<\/p>\n<p>&nbsp;<\/p>\n<p>Sabias que Deus preparou um descanso para ti para tudo isto? Mas que descanso \u00e9 este?\u00a0 Lemos em Hebreus 4:1 <span style=\"color: #333399;\"><em>Ora a promessa de entrarmos no lugar de descanso de Deus ainda est\u00e1 de p\u00e9. Portanto, irm\u00e3os, tenham cuidado, para que ningu\u00e9m perca a oportunidade de entrar nesse descanso!<\/em><\/span><\/p>\n<p>&nbsp;<\/p>\n<p>\u00c9 poss\u00edvel perdermos a oportunidade para entrarmos neste descanso? \u00c9 sim poss\u00edvel. Vemos em Hebreus 4: 6,19 \u00a0os que nao entraram neste descanso e porqu\u00ea: <span style=\"color: #333399;\">\u201c<em>Ora, visto que aqueles que primeiramente ouviram o evangelho n\u00e3o entraram no descanso de Deus, por causa da sua desobedi\u00eancia\u201d. <\/em><strong>\u201c<\/strong><em>Vemos pois que foi a sua descren\u00e7a que os impediu de entrar\u201d.<\/em><\/span><\/p>\n<p><em>\u00a0<\/em><\/p>\n<p>Quem foram estes? Estes foram o povo de Deus que sairam do Egito e atravessaram o deserto, enfrentaram as mais adversas circunstancias, o mar vermelho, o exercito de Fara\u00f3, serpentes no deserto, falta de \u00e1gua\u2026 mas em todas estas coisas Deus os ajudou e venceram cada uma\u00a0 destas dificuldades milagrosamente.\u00a0 Como falharam ent\u00e3o?<\/p>\n<p>&nbsp;<\/p>\n<p>Quando passaram pelo deserto, nao creram no seu cora\u00e7\u00e3o nem reconheceram os caminhos de Deus mesmo ap\u00f3s verem os milagres que Ele fez. O Ap\u00f3stolo Paulo adverte-nos em Hebreus 3:12: <span style=\"color: #333399;\">\u201c<em>Irm\u00e3os, tenham cuidado para que nenhum de v\u00f3s tenha um cora\u00e7\u00e3o descrente que o leve a afastar-se do Deus vivo.\u201d<\/em><\/span><\/p>\n<p>&nbsp;<\/p>\n<p>N\u00f3s temos um grande sumo sacerdote Jesus, que se compadece de todas as nossas fraquezas, um como n\u00f3s que foi tentado por\u00e9m sem pecado, a quem devemos chegar com confian\u00e7a ao trono da sua gra\u00e7a para que recebamos miseric\u00f3rdia e sermos socorridos no momento oportuno. (Hebreus 4:14-16)<\/p>\n<p>&nbsp;<\/p>\n<p>As obras de Jeus por n\u00f3s foram terminadas na cruz! Os nossos pecados perdoados, as nossas dores ansiedades e cuidados foram levados por Ele, entra entao no descanso das tuas obras tambem ao lhe entregares os teus fardos, os teus pesares.<\/p>\n<p>&nbsp;<\/p>\n<p><span style=\"color: #ff6600;\">Ora\u00e7\u00e3o:<em> Senhor e meu Deus, eu desejo entrar no descanso que preparaste para mim. Atrav\u00e9s de Jesus Cristo todas as tuas obras redentoras por mim foram realizadas, e eu venho com um cora\u00e7\u00e3o crente, reconhecendo-te em todos os meus caminhos, e entrego-te as circunstancias adversas que enfrento no meu \u2018deserto\u2019 (menciona aqui qual).\u00a0 Vem Senhor operar nesta situa\u00e7\u00e3o enquanto eu entro no teu descanso. Desde j\u00e1 te agrade\u00e7o pela tua m\u00e3o milagrosa sobre esta situa\u00e7\u00e3o, em nome de Jesus,\u00a0 \u00c1men.<\/em><\/span><\/p>\n<p style=\"text-align: center;\">Escrituras da B\u00edblia Sagrada &#8211; Edi\u00e7\u00e3o: AA, AR, NTLH, NVI, EC<\/p>\n<p>[\/et_pb_text][\/et_pb_column][\/et_pb_row][\/et_pb_section]<\/p>\n","protected":false},"excerpt":{"rendered":"<p><div class=\"et_pb_row et_pb_row_0 et_pb_row_empty\">\n\t\t\t\t\n\t\t\t\t\n\t\t\t\t\n\t\t\t\t\n\t\t\t\t\n\t\t\t<\/div> MEDITA\u00c7\u00d5ES\u00a0 DA\u00a0 GRA\u00c7A\u00a0 DE\u00a0 DEUS ENTRA NO SEU DESCANSO \u00a0 \u201cPois aquele que entrou no descanso de Deus, ele pr\u00f3prio descansou de suas obras, como Deus das suas.\u201d Hebreus 4:10 \u00a0 Deus na sua multiforme sabedoria, aquando na funda\u00e7\u00e3o do mundo e da cria\u00e7\u00e3o, Ele pr\u00f3prio descansou das suas obras no s\u00e9timo dia.\u00a0 Deus [&hellip;]<\/p>\n","protected":false},"author":2,"featured_media":0,"comment_status":"open","ping_status":"open","sticky":false,"template":"","format":"standard","meta":{"_et_pb_use_builder":"on","_et_pb_old_content":"","_et_gb_content_width":"","footnotes":""},"categories":[35],"tags":[],"class_list":["post-590","post","type-post","status-publish","format-standard","hentry","category-repouso"],"_links":{"self":[{"href":"https:\/\/meditacoes-da-graca.com\/index.php\/wp-json\/wp\/v2\/posts\/590","targetHints":{"allow":["GET"]}}],"collection":[{"href":"https:\/\/meditacoes-da-graca.com\/index.php\/wp-json\/wp\/v2\/posts"}],"about":[{"href":"https:\/\/meditacoes-da-graca.com\/index.php\/wp-json\/wp\/v2\/types\/post"}],"author":[{"embeddable":true,"href":"https:\/\/meditacoes-da-graca.com\/index.php\/wp-json\/wp\/v2\/users\/2"}],"replies":[{"embeddable":true,"href":"https:\/\/meditacoes-da-graca.com\/index.php\/wp-json\/wp\/v2\/comments?post=590"}],"version-history":[{"count":1,"href":"https:\/\/meditacoes-da-graca.com\/index.php\/wp-json\/wp\/v2\/posts\/590\/revisions"}],"predecessor-version":[{"id":591,"href":"https:\/\/meditacoes-da-graca.com\/index.php\/wp-json\/wp\/v2\/posts\/590\/revisions\/591"}],"wp:attachment":[{"href":"https:\/\/meditacoes-da-graca.com\/index.php\/wp-json\/wp\/v2\/media?parent=590"}],"wp:term":[{"taxonomy":"category","embeddable":true,"href":"https:\/\/meditacoes-da-graca.com\/index.php\/wp-json\/wp\/v2\/categories?post=590"},{"taxonomy":"post_tag","embeddable":true,"href":"https:\/\/meditacoes-da-graca.com\/index.php\/wp-json\/wp\/v2\/tags?post=590"}],"curies":[{"name":"wp","href":"https:\/\/api.w.org\/{rel}","templated":true}]}}