{"id":583,"date":"2017-08-21T13:26:09","date_gmt":"2017-08-21T11:26:09","guid":{"rendered":"http:\/\/meditacoes-da-graca.com\/?p=583"},"modified":"2017-10-30T16:24:10","modified_gmt":"2017-10-30T14:24:10","slug":"vive-no-lugar-santo-dos-santos","status":"publish","type":"post","link":"https:\/\/meditacoes-da-graca.com\/index.php\/2017\/08\/21\/vive-no-lugar-santo-dos-santos\/","title":{"rendered":"VIVE NO LUGAR \u2018SANTO DOS SANTOS\u2019"},"content":{"rendered":"<p>[et_pb_section bb_built=&#8221;1&#8243;][et_pb_row][et_pb_column type=&#8221;4_4&#8243;][et_pb_text _builder_version=&#8221;3.0.59&#8243; background_layout=&#8221;light&#8221; text_orientation=&#8221;left&#8221; border_style=&#8221;solid&#8221;]<\/p>\n<h2 style=\"text-align: center;\"><span style=\"color: #ff6600;\">MEDITA\u00c7\u00d5ES\u00a0 DA\u00a0 GRA\u00c7A\u00a0 DE\u00a0 DEUS<\/span><\/h2>\n<h2 style=\"text-align: center;\">VIVE NO LUGAR \u2018SANTO DOS SANTOS\u2019<\/h2>\n<p>[\/et_pb_text][et_pb_text _builder_version=&#8221;3.0.59&#8243; background_layout=&#8221;light&#8221; text_orientation=&#8221;left&#8221; border_style=&#8221;solid&#8221;]<\/p>\n<p><span style=\"color: #333399;\"><em>\u201cCheguemo-nos, pois, com confian\u00e7a ao trono da gra\u00e7a, para que recebamos miseric\u00f3rdia e achemos gra\u00e7a, a fim de sermos socorridos&#8230;\u201d Hebreus 4:16<\/em><\/span><\/p>\n<p>&nbsp;<\/p>\n<p>Quando procuramos um lugar para habita\u00e7\u00e3o, procuramos um local onde nos sentimos seguros, um ambiente de paz, onde temos prote\u00e7\u00e3o e junto dos recursos mais necess\u00e1rios para a nossa exist\u00eancia.<\/p>\n<p>&nbsp;<\/p>\n<p>Na medita\u00e7\u00e3o anterior, \u201cConvite ao lugar mais exclusivo\u201d\u00a0 falou-se do \u00a0Tabern\u00e1culo e os seus tr\u00eas compartimentos conforme Hebreus 9. \u00a0Muitos de n\u00f3s vivemos a nossa f\u00e9 no P\u00e1tio, o lado de fora do Templo de Deus. C\u00e1 no P\u00e1tio, vivemos constantemente a batalhar com nosso pecado, a lidar com nossas enfermidades, a trope\u00e7ar aqui ou ali quer em palavra ou em a\u00e7\u00e3o, sem vit\u00f3ria.<\/p>\n<p>&nbsp;<\/p>\n<p>Este \u2018P\u00e1tio\u2019\u00a0 era o lugar onde o povo de Deus se encontrava antes de Jesus o nosso Sumo Sacerdote ter vindo ao mundo e onde sacrif\u00edcios todos os dias eram efetuados pelos pecados do povo.\u00a0 Ser\u00e1 ent\u00e3o que este \u2018P\u00e1tio\u2019 n\u00e3o \u00e9 mais importante para a nossa f\u00e9 crist\u00e3?<\/p>\n<p>&nbsp;<\/p>\n<p><strong>O \u2018P\u00c1TIO\u2019<\/strong>: Este \u00e9 o lugar do altar, que fala do sacrif\u00edcio de Jesus Cristo o Cordeiro que foi morto por mim e por ti! Aqui neste lugar os nossos pecados s\u00e3o perdoados, e somos lavados com o precioso sangue de Jesus!<\/p>\n<p>&nbsp;<\/p>\n<p><strong>O \u2018SANTU\u00c1RIO\u2019<\/strong>: O acesso a este lugar \u00e9 agora a todos os que foram perdoados por Jesus e lavaram as suas vestes, as suas vidas no seu sangue.\u00a0 Todos n\u00f3s feitos sacerdotes do Deus Alt\u00edssimo, pass\u00e1mos a ser santu\u00e1rio de Deus (I Cor\u00edntios 3:16) pois Deus n\u00e3o habita mais em templos feitos por m\u00e3os de homens, mas sim em nossas vidas.<\/p>\n<p>&nbsp;<\/p>\n<p><strong>O \u2018SANTO DOS SANTOS\u2019<\/strong>: Este \u00e9 o lugar da Presen\u00e7a de Deus!\u00a0 O lugar da Sua Gl\u00f3ria&#8230; O lugar de abrigo, da sua miseric\u00f3rdia, seu amor, sua gra\u00e7a, seu perd\u00e3o, seu poder redentor, sua grandeza, sua majestade! O lugar do teu descanso&#8230;<\/p>\n<p style=\"text-align: center;\"><span style=\"color: #ff6600;\"><em>Antes: se entrasses neste lugar \u2018Santo dos Santos\u2019 morrerias!<\/em><\/span><\/p>\n<p style=\"text-align: center;\"><span style=\"color: #ff6600;\"><em>Agora: se entrares no \u2018Santo dos Santos\u2019 com o sangue de Jesus, viver\u00e1s!<\/em><\/span><\/p>\n<p>&nbsp;<\/p>\n<p>O acesso a este lugar nos foi garantido por Jesus! \u00c9 neste lugar que somos perdoados uma vez por todas por Jesus, onde somos libertos do poder do pecado, onde nos enchemos da sua Presen\u00e7a, do seu Esp\u00edrito Santo, onde somos fortalecidos, somos sarados de nossas doen\u00e7as e enfermidades.<\/p>\n<p>&nbsp;<\/p>\n<p>Este lugar \u2018Santo dos Santos\u2019 \u00e9 estabelecido na presen\u00e7a de Deus e em nossa pr\u00f3pria vida e onde quer que nos encontremos em ora\u00e7\u00e3o ou medita\u00e7\u00e3o da Sua Palavra, \u00a0seja em casa, a conduzir o carro, no nosso local de trabalho, na igreja&#8230; seja onde for que invocarmos o seu Nome, Ele ali estar\u00e1, ali estar\u00e1 a sua Presen\u00e7a! \u00c9 o lugar onde tens intimidade com o teu Deus! Este \u00e9 o lugar onde o nosso inimigo, o diabo, n\u00e3o tem acesso.<\/p>\n<p>&nbsp;<\/p>\n<p><span style=\"color: #ff6600;\">Ora\u00e7\u00e3o:<\/span><em><span style=\"color: #ff6600;\">\u00a0\u00a0\u00a0\u00a0 Deus meu e Senhor, eu chego junto do teu trono de Gra\u00e7a com confian\u00e7a no meu Sumo Sacerdote Jesus Cristo que me justificou e me salvou. Eu trago todos os meus pesares, \u00a0(acrescenta aqui o que desejas) todas as minhas preocupa\u00e7\u00f5es a Ti. Vem me encher com a tua Presen\u00e7a, o teu poder, a tua for\u00e7a, a tua paz, em nome de Jesus,\u00a0 \u00c1men.<\/span> <\/em><\/p>\n<p style=\"text-align: center;\">Escrituras da B\u00edblia Sagrada &#8211; Edi\u00e7\u00e3o: AA, AR, NTLH, NVI, EC<\/p>\n<p><em>\u00a0<\/em><\/p>\n<p>[\/et_pb_text][\/et_pb_column][\/et_pb_row][\/et_pb_section]<\/p>\n","protected":false},"excerpt":{"rendered":"<p><div class=\"et_pb_row et_pb_row_0 et_pb_row_empty\">\n\t\t\t\t\n\t\t\t\t\n\t\t\t\t\n\t\t\t\t\n\t\t\t\t\n\t\t\t<\/div> MEDITA\u00c7\u00d5ES\u00a0 DA\u00a0 GRA\u00c7A\u00a0 DE\u00a0 DEUS VIVE NO LUGAR \u2018SANTO DOS SANTOS\u2019 \u201cCheguemo-nos, pois, com confian\u00e7a ao trono da gra\u00e7a, para que recebamos miseric\u00f3rdia e achemos gra\u00e7a, a fim de sermos socorridos&#8230;\u201d Hebreus 4:16 &nbsp; Quando procuramos um lugar para habita\u00e7\u00e3o, procuramos um local onde nos sentimos seguros, um ambiente de paz, onde temos prote\u00e7\u00e3o [&hellip;]<\/p>\n","protected":false},"author":2,"featured_media":0,"comment_status":"open","ping_status":"open","sticky":false,"template":"","format":"standard","meta":{"_et_pb_use_builder":"on","_et_pb_old_content":"","_et_gb_content_width":"","footnotes":""},"categories":[30],"tags":[],"class_list":["post-583","post","type-post","status-publish","format-standard","hentry","category-o-espirito-santo-e-a-uncao"],"_links":{"self":[{"href":"https:\/\/meditacoes-da-graca.com\/index.php\/wp-json\/wp\/v2\/posts\/583","targetHints":{"allow":["GET"]}}],"collection":[{"href":"https:\/\/meditacoes-da-graca.com\/index.php\/wp-json\/wp\/v2\/posts"}],"about":[{"href":"https:\/\/meditacoes-da-graca.com\/index.php\/wp-json\/wp\/v2\/types\/post"}],"author":[{"embeddable":true,"href":"https:\/\/meditacoes-da-graca.com\/index.php\/wp-json\/wp\/v2\/users\/2"}],"replies":[{"embeddable":true,"href":"https:\/\/meditacoes-da-graca.com\/index.php\/wp-json\/wp\/v2\/comments?post=583"}],"version-history":[{"count":3,"href":"https:\/\/meditacoes-da-graca.com\/index.php\/wp-json\/wp\/v2\/posts\/583\/revisions"}],"predecessor-version":[{"id":936,"href":"https:\/\/meditacoes-da-graca.com\/index.php\/wp-json\/wp\/v2\/posts\/583\/revisions\/936"}],"wp:attachment":[{"href":"https:\/\/meditacoes-da-graca.com\/index.php\/wp-json\/wp\/v2\/media?parent=583"}],"wp:term":[{"taxonomy":"category","embeddable":true,"href":"https:\/\/meditacoes-da-graca.com\/index.php\/wp-json\/wp\/v2\/categories?post=583"},{"taxonomy":"post_tag","embeddable":true,"href":"https:\/\/meditacoes-da-graca.com\/index.php\/wp-json\/wp\/v2\/tags?post=583"}],"curies":[{"name":"wp","href":"https:\/\/api.w.org\/{rel}","templated":true}]}}