{"id":577,"date":"2017-08-21T13:17:00","date_gmt":"2017-08-21T11:17:00","guid":{"rendered":"http:\/\/meditacoes-da-graca.com\/?p=577"},"modified":"2017-10-30T16:40:01","modified_gmt":"2017-10-30T14:40:01","slug":"peticoes-em-vez-de-lamentacoes","status":"publish","type":"post","link":"https:\/\/meditacoes-da-graca.com\/index.php\/2017\/08\/21\/peticoes-em-vez-de-lamentacoes\/","title":{"rendered":"PETI\u00c7\u00d5ES EM VEZ DE LAMENTA\u00c7\u00d5ES"},"content":{"rendered":"<p>[et_pb_section bb_built=&#8221;1&#8243;][et_pb_row][et_pb_column type=&#8221;4_4&#8243;][et_pb_text _builder_version=&#8221;3.0.59&#8243; background_layout=&#8221;light&#8221; text_orientation=&#8221;left&#8221; border_style=&#8221;solid&#8221;]<\/p>\n<h2 style=\"text-align: center;\"><span style=\"color: #ff6600;\">MEDITA\u00c7\u00d5ES\u00a0 DA\u00a0 GRA\u00c7A\u00a0 DE\u00a0 DEUS<\/span><\/h2>\n<h2 style=\"text-align: center;\">PETI\u00c7\u00d5ES EM VEZ DE LAMENTA\u00c7\u00d5ES<\/h2>\n<p>[\/et_pb_text][et_pb_text _builder_version=&#8221;3.0.59&#8243; background_layout=&#8221;light&#8221; text_orientation=&#8221;left&#8221; border_style=&#8221;solid&#8221;]<\/p>\n<p><span style=\"color: #333399;\"><em>\u201cSatisfa\u00e7a o Senhor a todas as tuas peti\u00e7\u00f5es.\u201d Salmos 20:5<\/em><\/span><\/p>\n<p><em>\u00a0<\/em><\/p>\n<p>T\u00e3o facilmente somos levados no nosso dia a dia com nossos problemas, nossas dificuldades e passamos o dia ou at\u00e9 mesmo uma vida a lamentarmo-nos.\u00a0 Carregamos com tantos fardos pesados, queixas, ofensas, tristezas, desapontamentos, traumas, ao ponto de desfalecermos e querermos desistir.<\/p>\n<p>Quando deparamos com situa\u00e7\u00f5es adversas, enfrentamo-las com uma lamuria \u2018isto tinha que me acontecer\u2019, \u00a0\u2018 s\u00f3 me acontecem desgra\u00e7as\u2019.<\/p>\n<p>&nbsp;<\/p>\n<p>Quantas vezes \u2018entesouramos\u2019 certas magoas, como se fossem algo de precioso? Trancamo-las no \u2018cofre\u2019 do nosso cora\u00e7\u00e3o onde julgamos estarem seguras, intoc\u00e1veis &#8230; e onde julgamos mais ningu\u00e9m nos poder\u00e1 magoar.<\/p>\n<p>&nbsp;<\/p>\n<p>Ser\u00e1 que quando Deus nos criou, configurou-nos de forma que o nosso corpo f\u00edsico e mental fosse capaz de suportar tais traumas, n\u00edveis de stress e preocupa\u00e7\u00e3o elevados?<\/p>\n<p>&nbsp;<\/p>\n<p>Porque ser\u00e1 que Jesus disse:<\/p>\n<p>&nbsp;<\/p>\n<p style=\"text-align: center;\"><span style=\"color: #333399;\"><em>\u201cN\u00e3o andeis ansiosos por coisa alguma; mas em tudo,<\/em><\/span><\/p>\n<p style=\"text-align: center;\"><span style=\"color: #333399;\"><strong><em>\u00a0pela ora\u00e7\u00e3o e pela s\u00faplica, com a\u00e7\u00f5es de gra\u00e7as,<\/em><\/strong><\/span><\/p>\n<p style=\"text-align: center;\"><span style=\"color: #333399;\"><em>sejam as vossas peti\u00e7\u00f5es conhecidas diante de Deus.\u201d Filipenses 4:6<\/em><\/span><\/p>\n<p>&nbsp;<\/p>\n<p>De notar que n\u00e3o diz \u2018sejam as vossas lamenta\u00e7\u00f5es conhecidas diante de Deus\u2019 mas sim peti\u00e7\u00f5es.\u00a0 Ser\u00e1 que n\u00e3o temos motivos para nos lamentar? Creio que motivos nunca v\u00e3o faltar, mas esse n\u00e3o \u00e9 o lugar onde Deus nos chamou para vivermos ou expressarmos a nossa f\u00e9.\u00a0 Ele quer ouvir as nossas peti\u00e7\u00f5es a fim de satisfazer as mesmas.<\/p>\n<p>&nbsp;<\/p>\n<p style=\"text-align: center;\"><span style=\"color: #333399;\"><em>\u201cE a paz de Deus, que excede todo o entendimento, guardar\u00e1 o vosso cora\u00e7\u00e3o e a vossa mente em Cristo Jesus\u201d.\u00a0 Filipenses 4:7<\/em><\/span><\/p>\n<p>&nbsp;<\/p>\n<p>Unicamente a paz de Deus, que excede todo o entendimento, \u00e9 capaz de guardar a nossa vida f\u00edsica e mental em Cristo Jesus. \u00c9 esta paz, o seu Esp\u00edrito em n\u00f3s que nos capacita a enfrentarmos sejam quais forem os desafios e a permanecermos em paz e na sua seguran\u00e7a.<\/p>\n<p>&nbsp;<\/p>\n<p>Quando fazemos conhecidas as nossas peti\u00e7\u00f5es a Deus, estamos a pedir a Ele a sua interven\u00e7\u00e3o em nossa vida, atrav\u00e9s de nossa ora\u00e7\u00e3o, a sua dire\u00e7\u00e3o, a manisfesta\u00e7\u00e3o do seu poder em seja qual for a circunstancia de car\u00eancia.<\/p>\n<p>&nbsp;<\/p>\n<p>Faz a tua peti\u00e7\u00e3o a Deus, podes seguir a ora\u00e7\u00e3o abaixo e acrescentar aquilo que desejas que Deus fa\u00e7a por ti:<\/p>\n<p>&nbsp;<\/p>\n<p><span style=\"color: #ff6600;\">Ora\u00e7\u00e3o:<em>\u00a0\u00a0\u00a0 Deus meu e Pai, eu venho a ti em nome de Jesus, eu venho fazer conhecida a minha peti\u00e7\u00e3o diante de ti (menciona aqui o que tens no cora\u00e7\u00e3o). N\u00e3o \u00e9 por meu m\u00e9rito, qualquer boa obra que tenha praticado que ouves e respondes \u00e1 minha ora\u00e7\u00e3o, mas sim atrav\u00e9s do sacrif\u00edcio de Jesus na Cruz por mim. \u00a0Vem pelo poder do teu Esp\u00edrito Santo operar na minha vida e nesta situa\u00e7\u00e3o, eu rendo todo o meu ser a Ti, em nome de Jesus, \u00a0\u00a0\u00c1men.<\/em><\/span><\/p>\n<p style=\"text-align: center;\">Escrituras da B\u00edblia Sagrada &#8211; Edi\u00e7\u00e3o: AA, AR, NTLH, NVI, EC<\/p>\n<p>[\/et_pb_text][et_pb_text _builder_version=&#8221;3.0.59&#8243; background_layout=&#8221;light&#8221; text_orientation=&#8221;center&#8221; border_style=&#8221;solid&#8221; saved_tabs=&#8221;all&#8221;]<\/p>\n<p style=\"text-align: center;\"><span style=\"color: #000000;\">Medita na Gra\u00e7a de Deus &#8211; Am\u00e9lia Moinheiro<\/span><\/p>\n<p>[\/et_pb_text][\/et_pb_column][\/et_pb_row][\/et_pb_section]<\/p>\n","protected":false},"excerpt":{"rendered":"<p><div class=\"et_pb_row et_pb_row_0 et_pb_row_empty\">\n\t\t\t\t\n\t\t\t\t\n\t\t\t\t\n\t\t\t\t\n\t\t\t\t\n\t\t\t<\/div> MEDITA\u00c7\u00d5ES\u00a0 DA\u00a0 GRA\u00c7A\u00a0 DE\u00a0 DEUS PETI\u00c7\u00d5ES EM VEZ DE LAMENTA\u00c7\u00d5ES \u201cSatisfa\u00e7a o Senhor a todas as tuas peti\u00e7\u00f5es.\u201d Salmos 20:5 \u00a0 T\u00e3o facilmente somos levados no nosso dia a dia com nossos problemas, nossas dificuldades e passamos o dia ou at\u00e9 mesmo uma vida a lamentarmo-nos.\u00a0 Carregamos com tantos fardos pesados, queixas, ofensas, tristezas, [&hellip;]<\/p>\n","protected":false},"author":2,"featured_media":0,"comment_status":"open","ping_status":"open","sticky":false,"template":"","format":"standard","meta":{"_et_pb_use_builder":"on","_et_pb_old_content":"","_et_gb_content_width":"","footnotes":""},"categories":[31],"tags":[],"class_list":["post-577","post","type-post","status-publish","format-standard","hentry","category-como-orar"],"_links":{"self":[{"href":"https:\/\/meditacoes-da-graca.com\/index.php\/wp-json\/wp\/v2\/posts\/577","targetHints":{"allow":["GET"]}}],"collection":[{"href":"https:\/\/meditacoes-da-graca.com\/index.php\/wp-json\/wp\/v2\/posts"}],"about":[{"href":"https:\/\/meditacoes-da-graca.com\/index.php\/wp-json\/wp\/v2\/types\/post"}],"author":[{"embeddable":true,"href":"https:\/\/meditacoes-da-graca.com\/index.php\/wp-json\/wp\/v2\/users\/2"}],"replies":[{"embeddable":true,"href":"https:\/\/meditacoes-da-graca.com\/index.php\/wp-json\/wp\/v2\/comments?post=577"}],"version-history":[{"count":2,"href":"https:\/\/meditacoes-da-graca.com\/index.php\/wp-json\/wp\/v2\/posts\/577\/revisions"}],"predecessor-version":[{"id":939,"href":"https:\/\/meditacoes-da-graca.com\/index.php\/wp-json\/wp\/v2\/posts\/577\/revisions\/939"}],"wp:attachment":[{"href":"https:\/\/meditacoes-da-graca.com\/index.php\/wp-json\/wp\/v2\/media?parent=577"}],"wp:term":[{"taxonomy":"category","embeddable":true,"href":"https:\/\/meditacoes-da-graca.com\/index.php\/wp-json\/wp\/v2\/categories?post=577"},{"taxonomy":"post_tag","embeddable":true,"href":"https:\/\/meditacoes-da-graca.com\/index.php\/wp-json\/wp\/v2\/tags?post=577"}],"curies":[{"name":"wp","href":"https:\/\/api.w.org\/{rel}","templated":true}]}}