{"id":566,"date":"2017-08-21T12:41:14","date_gmt":"2017-08-21T10:41:14","guid":{"rendered":"http:\/\/meditacoes-da-graca.com\/?p=566"},"modified":"2017-08-21T12:41:14","modified_gmt":"2017-08-21T10:41:14","slug":"intervencao-divina-nos-momentos-criticos","status":"publish","type":"post","link":"https:\/\/meditacoes-da-graca.com\/index.php\/2017\/08\/21\/intervencao-divina-nos-momentos-criticos\/","title":{"rendered":"INTERVEN\u00c7\u00c3O DIVINA NOS MOMENTOS CR\u00cdTICOS"},"content":{"rendered":"<p>[et_pb_section bb_built=&#8221;1&#8243;][et_pb_row][et_pb_column type=&#8221;4_4&#8243;][et_pb_text _builder_version=&#8221;3.0.59&#8243; background_layout=&#8221;light&#8221; text_orientation=&#8221;left&#8221; border_style=&#8221;solid&#8221;]<\/p>\n<h2 style=\"text-align: center;\"><span style=\"color: #ff6600;\">MEDITA\u00c7\u00d5ES\u00a0 DA\u00a0 GRA\u00c7A\u00a0 DE\u00a0 DEUS<\/span><\/h2>\n<h2 style=\"text-align: center;\">INTERVEN\u00c7\u00c3O DIVINA NOS MOMENTOS CR\u00cdTICOS<\/h2>\n<p>[\/et_pb_text][et_pb_text _builder_version=&#8221;3.0.59&#8243; background_layout=&#8221;light&#8221; text_orientation=&#8221;left&#8221; border_style=&#8221;solid&#8221;]<\/p>\n<p><span style=\"color: #333399;\">\u201c<em>Clama a mim, e te responderei, e anunciarei coisas grandes e ocultas, que n\u00e3o sabes\u201d. Jeremias 33:3<\/em><\/span><\/p>\n<p>&nbsp;<\/p>\n<p>J\u00e1 te encontraste alguma vez numa altura cr\u00edtica,\u00a0 numa situa\u00e7\u00e3o de perigo, um momento de desespero, uma circunst\u00e2ncia de aperto?\u00a0 Vejamos algumas personalidades b\u00edblicas, que no momento mais critico, na hora mais densa da sua dor experimentaram interven\u00e7\u00e3o divina.<\/p>\n<p>&nbsp;<\/p>\n<p style=\"text-align: center;\"><span style=\"color: #008000;\">Paulo e Silas anunciavam o evangelho de Jesus Cristo, e ap\u00f3s haverem expulsado um esp\u00edrito maligno de uma jovem, acabaram por serem presos e a\u00e7oitados. Na hora mais densa da noite, perto da meia noite, na sua dor, eles oravam e cantavam hinos a Deus!<\/span><\/p>\n<p style=\"text-align: center;\">\n<p style=\"text-align: center;\"><span style=\"color: #008000;\">De repente houve um terramoto t\u00e3o grande que os alicerces da pris\u00e3o foram abalados, abriram-se as portas e foram soltas as correntes n\u00e3o s\u00f3 de Paulo e Silas mas a de todos os outros prisioneiros.<\/span><\/p>\n<p style=\"text-align: center;\">\n<p style=\"text-align: center;\"><span style=\"color: #008000;\">O carcereiro pasmado com o acontecido quis saber o que fazer para ser salvo e Paulo respondeu-lhe: \u201cCr\u00ea no Senhor Jesus Cristo, e ser\u00e1s salvo, tu e a tua casa\u201d.<\/span><\/p>\n<p style=\"text-align: center;\"><span style=\"color: #008000;\">Ele levou a Paulo e Silas para sua casa, lavou-lhes as feridas e serviu-os uma refei\u00e7\u00e3o \u00e0 sua mesa! \u00a0Atos 16:19-34<\/span><\/p>\n<p>&nbsp;<\/p>\n<p>No teu momento mais cr\u00edtico, na tua dor, na tua hora mais escura, expressa a tua depend\u00eancia no teu Salvador Jesus Cristo. Clama a Ele em ora\u00e7\u00e3o, canta-lhe can\u00e7\u00f5es de louvor e gratid\u00e3o, e experimentar\u00e1s as tuas \u2018correntes\u2019 (aquilo que te amarra) a serem soltas, as tuas \u2018feridas\u2019\u00a0 (a tua dor) a serem tratadas pela Sua m\u00e3o, e ao te sentares \u00e0 Sua mesa (a mesa da Ceia de nosso Senhor), \u00a0Ele te alimentar\u00e1 e suprir\u00e1 a tua necessidade.<\/p>\n<p>&nbsp;<\/p>\n<p style=\"text-align: center;\"><span style=\"color: #008000;\">O ladr\u00e3o da cruz, no seu maior sofrimento insuport\u00e1vel, no seu julgamento culposo, \u00a0antes de sua morte, expressou sua depend\u00eancia em Jesus ao pedir-lhe que se lembrasse dele quando Jesus entrasse no seu Reino, havendo Jesus lhe respondido: \u201cAinda hoje estar\u00e1s comigo no Para\u00edso\u201d.\u00a0 Lucas 23:42,43<\/span><\/p>\n<p>&nbsp;<\/p>\n<p>Se tens algo que te pesa, vem a Jesus e expressa a tua necessidade, se tens um pecado, confessa-o a Ele e recebe o Seu perd\u00e3o e Salva\u00e7\u00e3o, se tens feridas na tua alma, tuas emo\u00e7\u00f5es encontram-se abaladas, diz-Lhe em ora\u00e7\u00e3o. Pede a Jesus que venha intervir em tua vida, seja em qual for a circunstancia que te encontras.<\/p>\n<p>&nbsp;<\/p>\n<p style=\"text-align: center;\"><span style=\"color: #008000;\">\u00a0Jesus, na sua maior dor f\u00edsica, emocional e espiritual, pendurado na cruz, levando sobre si todos os nossos pecados, todas as nossas enfermidades, o nosso castigo, a nossa condena\u00e7\u00e3o e separa\u00e7\u00e3o de Deus,\u00a0 ainda que lhe disseram, se \u00e9 quem diz que \u00e9, des\u00e7a da cruz e salve-se a ele e a n\u00f3s&#8230; O v\u00e9u do templo (da separa\u00e7\u00e3o do homem e Deus) rasga-se em duas partes sem qualquer explica\u00e7\u00e3o e a terra treme!\u00a0 Ele permaneceu at\u00e9 ao fim na cruz, para que pela sua morte e ressurrei\u00e7\u00e3o viesse intervir na tua e na minha vida trazendo a salva\u00e7\u00e3o e a vida eterna!<\/span><\/p>\n<p>&nbsp;<\/p>\n<p><span style=\"color: #ff6600;\">Ora\u00e7\u00e3o:<em>\u00a0\u00a0 Senhor e meu Deus, eu clamo a ti unicamente, eu declaro a minha depend\u00eancia em ti, eu venho te pedir a tua interven\u00e7\u00e3o na minha vida (menciona o teu pedido aqui), vem Senhor com teu poder redentor e s\u00ea Senhor sobre esta situa\u00e7\u00e3o, vem soltar as minhas correntes e daqueles meus juntos de mim, \u00a0vem sarar as minhas feridas, me redimir do pecado, saciar a minha alma da tua mesa, em nome de Jesus, \u00a0\u00c1men.<\/em><\/span><\/p>\n<p><em>\u00a0<\/em><\/p>\n<p style=\"text-align: center;\">Escrituras da B\u00edblia Sagrada &#8211; Edi\u00e7\u00e3o: AA, AR, NTLH, NVI, EC<\/p>\n<p>[\/et_pb_text][\/et_pb_column][\/et_pb_row][\/et_pb_section]<\/p>\n","protected":false},"excerpt":{"rendered":"<p><div class=\"et_pb_row et_pb_row_0 et_pb_row_empty\">\n\t\t\t\t\n\t\t\t\t\n\t\t\t\t\n\t\t\t\t\n\t\t\t\t\n\t\t\t<\/div> MEDITA\u00c7\u00d5ES\u00a0 DA\u00a0 GRA\u00c7A\u00a0 DE\u00a0 DEUS INTERVEN\u00c7\u00c3O DIVINA NOS MOMENTOS CR\u00cdTICOS \u201cClama a mim, e te responderei, e anunciarei coisas grandes e ocultas, que n\u00e3o sabes\u201d. Jeremias 33:3 &nbsp; J\u00e1 te encontraste alguma vez numa altura cr\u00edtica,\u00a0 numa situa\u00e7\u00e3o de perigo, um momento de desespero, uma circunst\u00e2ncia de aperto?\u00a0 Vejamos algumas personalidades b\u00edblicas, que no [&hellip;]<\/p>\n","protected":false},"author":2,"featured_media":0,"comment_status":"open","ping_status":"open","sticky":false,"template":"","format":"standard","meta":{"_et_pb_use_builder":"on","_et_pb_old_content":"","_et_gb_content_width":"","footnotes":""},"categories":[29],"tags":[],"class_list":["post-566","post","type-post","status-publish","format-standard","hentry","category-vitoria-e-intervencao-divina"],"_links":{"self":[{"href":"https:\/\/meditacoes-da-graca.com\/index.php\/wp-json\/wp\/v2\/posts\/566","targetHints":{"allow":["GET"]}}],"collection":[{"href":"https:\/\/meditacoes-da-graca.com\/index.php\/wp-json\/wp\/v2\/posts"}],"about":[{"href":"https:\/\/meditacoes-da-graca.com\/index.php\/wp-json\/wp\/v2\/types\/post"}],"author":[{"embeddable":true,"href":"https:\/\/meditacoes-da-graca.com\/index.php\/wp-json\/wp\/v2\/users\/2"}],"replies":[{"embeddable":true,"href":"https:\/\/meditacoes-da-graca.com\/index.php\/wp-json\/wp\/v2\/comments?post=566"}],"version-history":[{"count":2,"href":"https:\/\/meditacoes-da-graca.com\/index.php\/wp-json\/wp\/v2\/posts\/566\/revisions"}],"predecessor-version":[{"id":568,"href":"https:\/\/meditacoes-da-graca.com\/index.php\/wp-json\/wp\/v2\/posts\/566\/revisions\/568"}],"wp:attachment":[{"href":"https:\/\/meditacoes-da-graca.com\/index.php\/wp-json\/wp\/v2\/media?parent=566"}],"wp:term":[{"taxonomy":"category","embeddable":true,"href":"https:\/\/meditacoes-da-graca.com\/index.php\/wp-json\/wp\/v2\/categories?post=566"},{"taxonomy":"post_tag","embeddable":true,"href":"https:\/\/meditacoes-da-graca.com\/index.php\/wp-json\/wp\/v2\/tags?post=566"}],"curies":[{"name":"wp","href":"https:\/\/api.w.org\/{rel}","templated":true}]}}