{"id":545,"date":"2017-08-21T11:58:38","date_gmt":"2017-08-21T09:58:38","guid":{"rendered":"http:\/\/meditacoes-da-graca.com\/?p=545"},"modified":"2017-08-21T11:58:38","modified_gmt":"2017-08-21T09:58:38","slug":"grande-fe","status":"publish","type":"post","link":"https:\/\/meditacoes-da-graca.com\/index.php\/2017\/08\/21\/grande-fe\/","title":{"rendered":"GRANDE  F\u00c9"},"content":{"rendered":"<p>[et_pb_section bb_built=&#8221;1&#8243;][et_pb_row][et_pb_column type=&#8221;4_4&#8243;][et_pb_text _builder_version=&#8221;3.0.59&#8243; background_layout=&#8221;light&#8221; text_orientation=&#8221;left&#8221; border_style=&#8221;solid&#8221;]<\/p>\n<h1>GRANDE\u00a0 F\u00c9<\/h1>\n<p>[\/et_pb_text][et_pb_text _builder_version=&#8221;3.0.59&#8243; background_layout=&#8221;light&#8221; text_orientation=&#8221;left&#8221; border_style=&#8221;solid&#8221;]<\/p>\n<p><em>\u00a0<span style=\"color: #333399;\">\u201cTenhamos os olhos postos em Jesus, de quem a nossa f\u00e9 depende inteiramente.\u201d Heb. 12:2<\/span><\/em><\/p>\n<p>&nbsp;<\/p>\n<p>J\u00e1 alguma vez disseste a ti pr\u00f3prio ou a algu\u00e9m, \u201cse eu ao menos tivesse muita f\u00e9&#8230;\u201d,\u00a0 \u201cSe tivesse muita f\u00e9, talvez receberia de Deus o milagre esperado\u201d, ou \u201cfalta-me f\u00e9&#8230;\u201d<\/p>\n<p>&nbsp;<\/p>\n<p>Jesus fez men\u00e7\u00e3o de alguns personagens, com quem Ele se encontrou, sobre a f\u00e9 deles, do Centuri\u00e3o de Cafarnaum, que tinha o seu servo doente, Ele disse: <em><span style=\"color: #333399;\">\u201c&#8230;Ainda n\u00e3o encontrei ningu\u00e9m com tanta f\u00e9.\u201d Mateus 8:10;<\/span>\u00a0 <\/em>da mulher cananeia que tinha a filha possessa do dem\u00f3nio, Ele disse: <em>\u201c\u00d3 mulher, grande \u00e9 a tua f\u00e9!\u201d Mat. 15:28<\/em>, da mulher que tinha uma hemorragia, Ele disse: <span style=\"color: #333399;\"><em>\u201cMinha filha, a tua f\u00e9 te salvou; vai em paz.\u201d Marcos 5:34<\/em><\/span><\/p>\n<p>&nbsp;<\/p>\n<p>Todos estes tr\u00eas personagens tem algo em comum. Se for ler na sua Biblia estas tr\u00eas escrituras onde relatam estes acontecimentos, vai ver qual \u00e9 o fator em comum. Todos estes tinham os seus olhos postos em Jesus para efetuar de acordo com a sua necessidade ou pedido.\u00a0 Eles n\u00e3o tinham os olhos fitos neles pr\u00f3prios com base nas suas obras, se mereciam ou nao, nem nos seus esfor\u00e7os humanos, mas sim na pessoa excecional de Jesus! E isso foi visto por Jesus como <em>\u2018<span style=\"color: #333399;\">tanta f\u00e9\u2019, \u2018grande f\u00e9\u2019, \u00a0\u2018a f\u00e9 que salvou\u2019!<\/span><\/em><\/p>\n<p>&nbsp;<\/p>\n<p>Por este motivo, o Ap\u00f3stolo Paulo escreveu aos Hebreus <em><span style=\"color: #333399;\">\u201cTenhamos os olhos postos em Jesus.<\/span>..\u201d <\/em>\u00a0\u00c9 necess\u00e1rio termos os nossos olhos em Jesus, n\u00e3o nas circunstancias \u00e0 nossa volta, nem nos nossos recursos.\u00a0 Mais adiante, Paulo diz <span style=\"color: #333399;\"><em>\u201cde quem a nossa f\u00e9 depende inteiramente\u201d<\/em>,<\/span> a nossa f\u00e9 depende inteiramente em Jesus, n\u00e3o parcialmente&#8230; n\u00e3o \u00e9 uma mistura das nossas obras, ou na base de algum m\u00e9rito, dependem inteiramente em Jesus!<\/p>\n<p>&nbsp;<\/p>\n<p>Quando olhamos para a nossa f\u00e9, deixamos de olhar para Jesus e julgamos que n\u00e3o temos f\u00e9 suficiente, achamos que a nossa f\u00e9 \u00e9 fraca; quando olhamos para n\u00f3s pr\u00f3prios, achamos que n\u00e3o merecemos receber de Deus, ou procuramos fazer alguma promessa, alguma \u2018boa obra\u2019 para ent\u00e3o em troca, Ele nos dar o milagre desejado. N\u00e3o \u00e9 assim que a B\u00edblia nos ensina, antes para que a nossa f\u00e9 dependa <em><span style=\"color: #333399;\">inteiramente<\/span> <\/em>em Jesus! N\u00e3o h\u00e1 nada que possamos dar em troca.<\/p>\n<p>&nbsp;<\/p>\n<p>Certa altura, os discipulos de Jesus iam num barco quando Jesus veio ao\u00a0 encontro deles a andar sobre o mar. O susto foi grande, mas o entusiasmo de Pedro para andar sobre o mar tambem.\u00a0 Enquanto Pedro manteve os seus olhos em Jesus, ele manteve-se no cimo das \u00e1guas mas na altura que tirou os olhos de Jesus diz <em>\u201cMas, observando o vento forte, teve medo, e come\u00e7ando a afundar, clamou: Senhor salva-me. Imediatamente Jesus estendeu a m\u00e3o e lhe disse: <span style=\"color: #333399;\">Homem de pequena f\u00e9, por que duvidaste?\u201d\u00a0 Mateus 14:30,31<\/span><\/em><\/p>\n<p><em>\u00a0<\/em><\/p>\n<p>Sempre que n\u00f3s colocarmos os nossos olhos nas circunstancias \u00e0 nossa volta, a nossa saude, o nosso emprego, a nossa dificuldade, a nossa pequena f\u00e9, a situa\u00e7\u00e3o politica, seja qual for o nosso problema, e deixarmos de colocar os nossos olhos em Jesus, de quem a nossa f\u00e9 depende inteiramente,\u00a0 iremos duvidar, mas se colocarmos os olhos em Jesus, iremos ver cura sobre o nosso corpo, o emprego que nos faltava,\u00a0 o milagre esperado&#8230;<\/p>\n<p>&nbsp;<\/p>\n<p><span style=\"color: #ff6600;\">Ora\u00e7\u00e3o:<em>\u00a0\u00a0 Deus meu e Pai, eu te agrade\u00e7o pelo teu Filho Jesus, que me perdoou os meus pecados e me salvou. Eu coloco os meus olhos em Jesus de qual a minha f\u00e9 depende inteiramente, eu trago o meu pedido diante de Ti (menciona a tua necessidade) e eu te agrade\u00e7o pela tua ben\u00e7am em nome de JESUS. \u00c1men.<\/em><\/span><\/p>\n<p style=\"text-align: center;\">Escrituras da B\u00edblia Sagrada &#8211; Edi\u00e7\u00e3o: AA, AR, NTLH, NVI, EC<\/p>\n<p>[\/et_pb_text][\/et_pb_column][\/et_pb_row][\/et_pb_section]<\/p>\n","protected":false},"excerpt":{"rendered":"<p><div class=\"et_pb_row et_pb_row_0 et_pb_row_empty\">\n\t\t\t\t\n\t\t\t\t\n\t\t\t\t\n\t\t\t\t\n\t\t\t\t\n\t\t\t<\/div> GRANDE\u00a0 F\u00c9 \u00a0\u201cTenhamos os olhos postos em Jesus, de quem a nossa f\u00e9 depende inteiramente.\u201d Heb. 12:2 &nbsp; J\u00e1 alguma vez disseste a ti pr\u00f3prio ou a algu\u00e9m, \u201cse eu ao menos tivesse muita f\u00e9&#8230;\u201d,\u00a0 \u201cSe tivesse muita f\u00e9, talvez receberia de Deus o milagre esperado\u201d, ou \u201cfalta-me f\u00e9&#8230;\u201d &nbsp; Jesus fez men\u00e7\u00e3o de [&hellip;]<\/p>\n","protected":false},"author":2,"featured_media":0,"comment_status":"open","ping_status":"open","sticky":false,"template":"","format":"standard","meta":{"_et_pb_use_builder":"on","_et_pb_old_content":"","_et_gb_content_width":"","footnotes":""},"categories":[32],"tags":[],"class_list":["post-545","post","type-post","status-publish","format-standard","hentry","category-fe-cura-e-milagres"],"_links":{"self":[{"href":"https:\/\/meditacoes-da-graca.com\/index.php\/wp-json\/wp\/v2\/posts\/545","targetHints":{"allow":["GET"]}}],"collection":[{"href":"https:\/\/meditacoes-da-graca.com\/index.php\/wp-json\/wp\/v2\/posts"}],"about":[{"href":"https:\/\/meditacoes-da-graca.com\/index.php\/wp-json\/wp\/v2\/types\/post"}],"author":[{"embeddable":true,"href":"https:\/\/meditacoes-da-graca.com\/index.php\/wp-json\/wp\/v2\/users\/2"}],"replies":[{"embeddable":true,"href":"https:\/\/meditacoes-da-graca.com\/index.php\/wp-json\/wp\/v2\/comments?post=545"}],"version-history":[{"count":1,"href":"https:\/\/meditacoes-da-graca.com\/index.php\/wp-json\/wp\/v2\/posts\/545\/revisions"}],"predecessor-version":[{"id":546,"href":"https:\/\/meditacoes-da-graca.com\/index.php\/wp-json\/wp\/v2\/posts\/545\/revisions\/546"}],"wp:attachment":[{"href":"https:\/\/meditacoes-da-graca.com\/index.php\/wp-json\/wp\/v2\/media?parent=545"}],"wp:term":[{"taxonomy":"category","embeddable":true,"href":"https:\/\/meditacoes-da-graca.com\/index.php\/wp-json\/wp\/v2\/categories?post=545"},{"taxonomy":"post_tag","embeddable":true,"href":"https:\/\/meditacoes-da-graca.com\/index.php\/wp-json\/wp\/v2\/tags?post=545"}],"curies":[{"name":"wp","href":"https:\/\/api.w.org\/{rel}","templated":true}]}}