{"id":543,"date":"2017-08-21T08:56:56","date_gmt":"2017-08-21T06:56:56","guid":{"rendered":"http:\/\/meditacoes-da-graca.com\/?p=543"},"modified":"2017-08-21T08:56:56","modified_gmt":"2017-08-21T06:56:56","slug":"rapido-em-receber-o-seu-perdao","status":"publish","type":"post","link":"https:\/\/meditacoes-da-graca.com\/index.php\/2017\/08\/21\/rapido-em-receber-o-seu-perdao\/","title":{"rendered":"R\u00c1PIDO EM RECEBER O SEU PERD\u00c3O"},"content":{"rendered":"<p>[et_pb_section bb_built=&#8221;1&#8243;][et_pb_row][et_pb_column type=&#8221;4_4&#8243;][et_pb_text _builder_version=&#8221;3.0.59&#8243; background_layout=&#8221;light&#8221; text_orientation=&#8221;left&#8221; border_style=&#8221;solid&#8221;]<\/p>\n<h2 style=\"text-align: center;\"><span style=\"color: #ff6600;\">MEDITA\u00c7\u00d5ES\u00a0 DA\u00a0 GRA\u00c7A\u00a0 DE\u00a0 DEUS<\/span><\/h2>\n<h2 style=\"text-align: center;\">R\u00c1PIDO EM RECEBER O SEU PERD\u00c3O<\/h2>\n<p>[\/et_pb_text][et_pb_text _builder_version=&#8221;3.0.59&#8243; background_layout=&#8221;light&#8221; text_orientation=&#8221;left&#8221; border_style=&#8221;solid&#8221;]<\/p>\n<p><span style=\"color: #333399;\">\u201c<em>Se confessarmos os nossos pecados , ele \u00e9 fiel e justo para nos perdoar os pecados e nos purificar de toda injusti\u00e7a.\u201d I Jo\u00e3o 1:9<\/em><\/span><\/p>\n<p>&nbsp;<\/p>\n<p>H\u00e1 um personagem b\u00edblico que foi considerado como \u201co homem segundo o cora\u00e7\u00e3o de Deus\u201d (Atos 3:22).\u00a0 Iniciou a sua carreira profissional como pastor de ovelhas, m\u00fasico e compositor, \u00a0foi ungido pelo profeta Samuel como rei, passou depois a escudeiro do rei, e de guerreiro a her\u00f3i. Seu \u2018status\u2019 social de humilde pastor do campo tamb\u00e9m mudou e passou a ser pr\u00edncipe,\u00a0 filho (genro) do rei.<\/p>\n<p>&nbsp;<\/p>\n<p>Mais adiante, seu espetaculoso sucesso mudou drasticamente, de um dia para o outro, passou a ser um fugitivo, conforme ele disse, como um \u2018c\u00e3o morto\u2019 ou uma \u2018pulga\u2019 (I Samuel \u00a024:14),\u00a0 um revolucion\u00e1rio politico, homem de espada e valoroso.<\/p>\n<p>&nbsp;<\/p>\n<p>Com a derrota do rei presente, logo mais foi coroado rei de Israel, tendo reinado com grande sucesso. Mais adiante cometeu adult\u00e9rio em secreto e logo de seguida homic\u00eddio. Veio a ele a Palavra de Deus pelo profeta Nat\u00e3, onde o seu pecado em secreto foi exposto. Perante tal constata\u00e7\u00e3o Davi foi r\u00e1pido em se arrepender. \u00a0Respondeu ele ao profeta: \u2018<em>Pequei contra o Senhor\u2019. <\/em>Disse-lhe o profeta \u2018<em>O Senhor perdoou o teu pecado, n\u00e3o morrer\u00e1s\u2019. 2 Samuel 12:13.<\/em><\/p>\n<p><em>\u00a0<\/em><\/p>\n<p>O que fez Davi o \u2018homem segundo o cora\u00e7\u00e3o de Deus?\u2019\u00a0 O pastor de ovelhas? O m\u00fasico compositor? Her\u00f3i? O fasc\u00ednio do seu reino? O seu pecado? Nenhum destes! O que o fez \u2018o homem segundo o cora\u00e7\u00e3o de Deus\u2019, foi o imediato arrependimento do seu pecado, ele foi r\u00e1pido em receber o perd\u00e3o de Deus!<\/p>\n<p>&nbsp;<\/p>\n<p>Do seu reino foi referido nas escrituras em I Reis 2: 45 <em>\u201c&#8230;E o trono de Davi ser\u00e1 confirmado para todo o sempre<\/em>.\u201d\u00a0\u00a0 Que trono seria este? \u00a0Havia sido profetizado atrav\u00e9s da linhagem de Davi, viria o Cristo, o Messias. No Novo Testamento \u00e9 mais uma vez referido o trono de Davi \u201c <em>Ele ser\u00e1 grande e ser\u00e1 chamado Filho do Alt\u00edssimo (Jesus). O Senhor Deus lhe dar\u00e1 o trono de Davi\u201d. Lucas 1: 32 <\/em><\/p>\n<p><em>\u00a0<\/em><\/p>\n<p>Tal como Davi quando reconhecemos o nosso pecado, a nossa condi\u00e7\u00e3o de pecador e somos r\u00e1pidos em receber o seu perd\u00e3o, Jesus Cristo nos perdoa e nos purifica de uma vida de pecado. Apocalipse 3:20 diz <span style=\"color: #333399;\"><em>\u201cEis que estou \u00e0 porta e bato. Se algu\u00e9m ouvir a minha voz e abrir a porta, entrarei em sua casa e com ele cearei e ele comigo\u201d. <\/em>\u00a0<\/span><\/p>\n<p>&nbsp;<\/p>\n<p>Jesus bate \u00e0 porta do teu cora\u00e7\u00e3o, Ele quer vir estabelecer o seu trono no cora\u00e7\u00e3o arrependido. A Jesus Cristo foi-lhe dado o trono de Davi,\u00a0 Ele quer estabelecer o Seu trono na tua vida para todo o sempre!\u00a0 <span style=\"color: #333399;\"><em>\u201cPara que assim como o pecado reinou para a morte, tamb\u00e9m a gra\u00e7a <u>reinasse<\/u> pela justi\u00e7a para a vida eterna, mediante Jesus Cristo, o nosso Senhor.\u201d Romanos 5:21<\/em><\/span><\/p>\n<p>&nbsp;<\/p>\n<p><span style=\"color: #ff6600;\">Ora\u00e7\u00e3o:<em>\u00a0\u00a0\u00a0 Senhor Deus, vem estabelecer o teu trono no meu cora\u00e7\u00e3o, na minha vida para todo o sempre. O teu trono \u00e9 eterno e permanece para todo o sempre.\u00a0 Vem reinar em mim. S\u00ea o Senhor da minha vida. \u00a0\u00c1men.<\/em><\/span><\/p>\n<p><em>\u00a0<\/em><\/p>\n<p style=\"text-align: center;\">Escrituras da B\u00edblia Sagrada &#8211; Edi\u00e7\u00e3o: AA, AR, NTLH, NVI, EC<\/p>\n<p>[\/et_pb_text][\/et_pb_column][\/et_pb_row][\/et_pb_section]<\/p>\n","protected":false},"excerpt":{"rendered":"<p><div class=\"et_pb_row et_pb_row_0 et_pb_row_empty\">\n\t\t\t\t\n\t\t\t\t\n\t\t\t\t\n\t\t\t\t\n\t\t\t\t\n\t\t\t<\/div> MEDITA\u00c7\u00d5ES\u00a0 DA\u00a0 GRA\u00c7A\u00a0 DE\u00a0 DEUS R\u00c1PIDO EM RECEBER O SEU PERD\u00c3O \u201cSe confessarmos os nossos pecados , ele \u00e9 fiel e justo para nos perdoar os pecados e nos purificar de toda injusti\u00e7a.\u201d I Jo\u00e3o 1:9 &nbsp; H\u00e1 um personagem b\u00edblico que foi considerado como \u201co homem segundo o cora\u00e7\u00e3o de Deus\u201d (Atos 3:22).\u00a0 [&hellip;]<\/p>\n","protected":false},"author":2,"featured_media":0,"comment_status":"open","ping_status":"open","sticky":false,"template":"","format":"standard","meta":{"_et_pb_use_builder":"on","_et_pb_old_content":"","_et_gb_content_width":"","footnotes":""},"categories":[34],"tags":[],"class_list":["post-543","post","type-post","status-publish","format-standard","hentry","category-salvacao-justificacao-perdao-2"],"_links":{"self":[{"href":"https:\/\/meditacoes-da-graca.com\/index.php\/wp-json\/wp\/v2\/posts\/543","targetHints":{"allow":["GET"]}}],"collection":[{"href":"https:\/\/meditacoes-da-graca.com\/index.php\/wp-json\/wp\/v2\/posts"}],"about":[{"href":"https:\/\/meditacoes-da-graca.com\/index.php\/wp-json\/wp\/v2\/types\/post"}],"author":[{"embeddable":true,"href":"https:\/\/meditacoes-da-graca.com\/index.php\/wp-json\/wp\/v2\/users\/2"}],"replies":[{"embeddable":true,"href":"https:\/\/meditacoes-da-graca.com\/index.php\/wp-json\/wp\/v2\/comments?post=543"}],"version-history":[{"count":1,"href":"https:\/\/meditacoes-da-graca.com\/index.php\/wp-json\/wp\/v2\/posts\/543\/revisions"}],"predecessor-version":[{"id":544,"href":"https:\/\/meditacoes-da-graca.com\/index.php\/wp-json\/wp\/v2\/posts\/543\/revisions\/544"}],"wp:attachment":[{"href":"https:\/\/meditacoes-da-graca.com\/index.php\/wp-json\/wp\/v2\/media?parent=543"}],"wp:term":[{"taxonomy":"category","embeddable":true,"href":"https:\/\/meditacoes-da-graca.com\/index.php\/wp-json\/wp\/v2\/categories?post=543"},{"taxonomy":"post_tag","embeddable":true,"href":"https:\/\/meditacoes-da-graca.com\/index.php\/wp-json\/wp\/v2\/tags?post=543"}],"curies":[{"name":"wp","href":"https:\/\/api.w.org\/{rel}","templated":true}]}}