{"id":538,"date":"2017-08-21T08:23:02","date_gmt":"2017-08-21T06:23:02","guid":{"rendered":"http:\/\/meditacoes-da-graca.com\/?p=538"},"modified":"2017-08-21T08:23:02","modified_gmt":"2017-08-21T06:23:02","slug":"foste-escolhido","status":"publish","type":"post","link":"https:\/\/meditacoes-da-graca.com\/index.php\/2017\/08\/21\/foste-escolhido\/","title":{"rendered":"FOSTE  ESCOLHIDO!"},"content":{"rendered":"<p>[et_pb_section bb_built=&#8221;1&#8243;][et_pb_row][et_pb_column type=&#8221;4_4&#8243;][et_pb_text _builder_version=&#8221;3.0.59&#8243; background_layout=&#8221;light&#8221; text_orientation=&#8221;left&#8221; border_style=&#8221;solid&#8221;]<\/p>\n<h2 style=\"text-align: center;\"><span style=\"color: #ff6600;\">MEDITA\u00c7\u00d5ES DA GRA\u00c7A DE DEUS<\/span><\/h2>\n<h2 style=\"text-align: center;\">FOSTE\u00a0 ESCOLHIDO!<\/h2>\n<p>[\/et_pb_text][et_pb_text _builder_version=&#8221;3.0.59&#8243; background_layout=&#8221;light&#8221; text_orientation=&#8221;left&#8221; border_style=&#8221;solid&#8221;]<\/p>\n<p><span style=\"color: #333399;\"><em>\u201cN\u00e3o fostes v\u00f3s que me escolhestes, mas fui eu que vos escolhi e vos designei para que vades e deis fruto e o vosso fruto permane\u00e7a;\u201d Jo\u00e3o 15: 16<\/em><\/span><\/p>\n<p><em>\u00a0<\/em><\/p>\n<p>Normalmente, aqueles que s\u00e3o escolhidos dentre a sociedade, s\u00e3o os que melhor se destacaram entre todos, os que obtiveram m\u00e9rito por algum sucesso obtido seja acad\u00e9mico, cientifico, ou alguma obra de generosidade para com a humanidade.<\/p>\n<p>&nbsp;<\/p>\n<p>Com Deus,\u00a0 n\u00e3o aconteceu assim para connosco.\u00a0 Jesus foi o pr\u00f3prio a dizer aos seus disc\u00edpulos\u00a0 <span style=\"color: #333399;\"><em>n\u00e3o fostes v\u00f3s que me escolhestes\u2026 eu \u00e9 que vos escolhi\u2026 <\/em><\/span>\u00a0Sabias que Deus te escolheu antes da funda\u00e7\u00e3o do mundo?\u00a0 Sim, mesmo antes de teres nascido, antes de teres feito as tuas escolhas boas ou m\u00e1s, foste escolhido por Ele!\u00a0\u00a0\u00a0 <span style=\"color: #333399;\"><em>\u201c pois nos elegeu (escolheu) n\u2019Ele (Jesus) antes da funda\u00e7\u00e3o do mundo \u201d Ef\u00e9sios 1:4<\/em><\/span><\/p>\n<p><em>\u00a0<\/em><\/p>\n<p>N\u00f3s fomos escolhidos por Ele (JESUS) para que possamos dar fruto e que o nosso fruto permane\u00e7a. \u00a0Jesus disse ainda <span style=\"color: #333399;\"><em>\u201cEu sou a videira, v\u00f3s sois os ramos. Se algu\u00e9m permanece em mim, e eu nele, esse d\u00e1 muito fruto, <u>sem mim nada podeis fazer<\/u>.\u201d Jo\u00e3o 15:5<\/em><\/span><\/p>\n<p><em>\u00a0<\/em><\/p>\n<p>Quantas tentativas j\u00e1 fizemos para produzirmos boas obras (fruto), boas e constantes sem falharmos?\u00a0 Quantas vezes come\u00e7\u00e1mos tudo de novo e acab\u00e1mos falhando vez ap\u00f3s vez?<\/p>\n<p>&nbsp;<\/p>\n<p>De n\u00f3s pr\u00f3prios,\u00a0 n\u00e3o podemos produzir bom fruto e constante. Foi por isto que Jesus disse que foi Ele que nos escolheu, e para o efeito,\u00a0 necessitar\u00edamos de permanecer n\u2019Ele a Videira, para que como ramos recebamos da Sua vida (o ADN) do nosso Salvador Jesus Cristo.<\/p>\n<p>&nbsp;<\/p>\n<p>Quando dentro de n\u00f3s, os ramos, flui a vida de nosso Senhor Jesus Cristo, o seu sangue que nos purificou de todos os nossos pecados e culpa, somos ent\u00e3o capacitados a\u00a0 dar fruto e a produzir fruto bom e que permanece.<\/p>\n<p>&nbsp;<\/p>\n<p>Como podemos ser enxertados (inseridos) na Videira (Jesus)? Quando aceitamos a Jesus como Senhor e Salvador na nossa vida. Como permanecemos na Videira? Ap\u00f3s sermos enxertados passamos a receber o alimento\u00a0 da Sua Palavra que \u00e9 Esp\u00edrito e Vida, ao meditarmos na sua Gra\u00e7a permanecemos n\u2019Ele.<\/p>\n<p>&nbsp;<\/p>\n<p>Faz esta ora\u00e7\u00e3o no teu cora\u00e7\u00e3o ou mesmo em voz alta: <span style=\"color: #ff6600;\"><em>Senhor Deus e meu Pai Celestial, eu te agrade\u00e7o que o teu Filho que enviaste, Jesus, derramou o seu sangue por todos os meus pecados e minhas culpas, todas as minhas enfermidades e doen\u00e7as Ele levou sobre si.\u00a0 Tu me escolheste a mim,\u00a0 mesmo antes de eu nascer, eu declaro que \u00e9s o meu Senhor e Salvador, que eu te perten\u00e7o agora e para sempre, pois fui comprado e resgatado pelo sangue de Jesus, e dentro de mim, flui a vida de Jesus! \u00c1men.<\/em><\/span><\/p>\n<p><em>\u00a0<\/em><\/p>\n<p style=\"text-align: center;\">Escrituras da B\u00edblia Sagrada &#8211; Edi\u00e7\u00e3o: AA, AR, NTLH, NVI, EC<\/p>\n<p>[\/et_pb_text][\/et_pb_column][\/et_pb_row][\/et_pb_section]<\/p>\n","protected":false},"excerpt":{"rendered":"<p><div class=\"et_pb_row et_pb_row_0 et_pb_row_empty\">\n\t\t\t\t\n\t\t\t\t\n\t\t\t\t\n\t\t\t\t\n\t\t\t\t\n\t\t\t<\/div> MEDITA\u00c7\u00d5ES DA GRA\u00c7A DE DEUS FOSTE\u00a0 ESCOLHIDO! \u201cN\u00e3o fostes v\u00f3s que me escolhestes, mas fui eu que vos escolhi e vos designei para que vades e deis fruto e o vosso fruto permane\u00e7a;\u201d Jo\u00e3o 15: 16 \u00a0 Normalmente, aqueles que s\u00e3o escolhidos dentre a sociedade, s\u00e3o os que melhor se destacaram entre todos, os [&hellip;]<\/p>\n","protected":false},"author":2,"featured_media":0,"comment_status":"open","ping_status":"open","sticky":false,"template":"","format":"standard","meta":{"_et_pb_use_builder":"on","_et_pb_old_content":"","_et_gb_content_width":"","footnotes":""},"categories":[33,34],"tags":[],"class_list":["post-538","post","type-post","status-publish","format-standard","hentry","category-a-graca-de-deus","category-salvacao-justificacao-perdao-2"],"_links":{"self":[{"href":"https:\/\/meditacoes-da-graca.com\/index.php\/wp-json\/wp\/v2\/posts\/538","targetHints":{"allow":["GET"]}}],"collection":[{"href":"https:\/\/meditacoes-da-graca.com\/index.php\/wp-json\/wp\/v2\/posts"}],"about":[{"href":"https:\/\/meditacoes-da-graca.com\/index.php\/wp-json\/wp\/v2\/types\/post"}],"author":[{"embeddable":true,"href":"https:\/\/meditacoes-da-graca.com\/index.php\/wp-json\/wp\/v2\/users\/2"}],"replies":[{"embeddable":true,"href":"https:\/\/meditacoes-da-graca.com\/index.php\/wp-json\/wp\/v2\/comments?post=538"}],"version-history":[{"count":1,"href":"https:\/\/meditacoes-da-graca.com\/index.php\/wp-json\/wp\/v2\/posts\/538\/revisions"}],"predecessor-version":[{"id":539,"href":"https:\/\/meditacoes-da-graca.com\/index.php\/wp-json\/wp\/v2\/posts\/538\/revisions\/539"}],"wp:attachment":[{"href":"https:\/\/meditacoes-da-graca.com\/index.php\/wp-json\/wp\/v2\/media?parent=538"}],"wp:term":[{"taxonomy":"category","embeddable":true,"href":"https:\/\/meditacoes-da-graca.com\/index.php\/wp-json\/wp\/v2\/categories?post=538"},{"taxonomy":"post_tag","embeddable":true,"href":"https:\/\/meditacoes-da-graca.com\/index.php\/wp-json\/wp\/v2\/tags?post=538"}],"curies":[{"name":"wp","href":"https:\/\/api.w.org\/{rel}","templated":true}]}}