{"id":529,"date":"2017-08-17T11:58:52","date_gmt":"2017-08-17T09:58:52","guid":{"rendered":"http:\/\/meditacoes-da-graca.com\/?p=529"},"modified":"2017-08-17T11:58:52","modified_gmt":"2017-08-17T09:58:52","slug":"os-dois-homens-pecadores","status":"publish","type":"post","link":"https:\/\/meditacoes-da-graca.com\/index.php\/2017\/08\/17\/os-dois-homens-pecadores\/","title":{"rendered":"OS DOIS HOMENS PECADORES"},"content":{"rendered":"<p>[et_pb_section bb_built=&#8221;1&#8243;][et_pb_row][et_pb_column type=&#8221;4_4&#8243;][et_pb_text _builder_version=&#8221;3.0.59&#8243; background_layout=&#8221;light&#8221; text_orientation=&#8221;left&#8221; border_style=&#8221;solid&#8221;]<\/p>\n<h2 style=\"text-align: center;\"><span style=\"color: #ff6600;\">MEDITA\u00c7\u00d5ES\u00a0 DA\u00a0 GRA\u00c7A\u00a0 DE\u00a0 DEUS<\/span><\/h2>\n<h2 style=\"text-align: center;\">OS DOIS HOMENS PECADORES<\/h2>\n<p>[\/et_pb_text][et_pb_text _builder_version=&#8221;3.0.59&#8243; background_layout=&#8221;light&#8221; text_orientation=&#8221;left&#8221; border_style=&#8221;solid&#8221;]<\/p>\n<p>J\u00e1 alguma vez perguntaste a ti pr\u00f3prio, \u2018se hoje fosse o dia do meu \u00faltimo respiro na terra, para onde iria?\u2019\u00a0 Tens a certeza que irias para junto de Deus?\u00a0 Qual a base da tua convic\u00e7\u00e3o?\u00a0 Se a tua resposta \u00e9: \u2018Eu procuro praticar boas obras\u2019 ,\u00a0 \u2018eu n\u00e3o fa\u00e7o mal a ninguem\u2019, \u2018eu amo o meu pr\u00f3ximo como a mim mesmo\u2019, enfim&#8230; in\u00fameros mandamentos e boas obras que podemos praticar&#8230;<\/p>\n<p>&nbsp;<\/p>\n<p>Contempla este cen\u00e1rio:<\/p>\n<p>&nbsp;<\/p>\n<p>Dois homens pecadores foram crucificados pelos seus crimes, um \u00e0 esquerda e outro \u00e0 direita na altura que Jesus foi crucificado.\u00a0 Um dos criminosos insultava a Jesus e disse<em>: \u201cSe tu \u00e9s o Rei dos Judeus, salva-te a ti mesmo e a n\u00f3s\u201d.\u00a0 <\/em>\u00a0Mas o outro o repreendeu e disse: <em>\u201cTu nem ainda temes a Deus, estando na mesma condena\u00e7\u00e3o? \u00a0N\u00f3s na verdade, com justi\u00e7a, pois recebemos o que os nossos atos mereciam. \u00a0Mas este nenhum mal fez.\u201d<\/em><\/p>\n<p><em>\u00a0<\/em><\/p>\n<p>Este, virando-se para Jesus, disse: <span style=\"color: #333399;\"><em>\u201cSenhor, lembra-te de mim quando entrares no teu Reino.\u201d <\/em>\u00a0<\/span>Respondeu-lhe Jesus: <em>\u201c<span style=\"color: #333399;\">Em verdade te digo que hoje estar\u00e1s comigo no para\u00edso\u201d. Lucas 23:42,43<\/span><\/em><\/p>\n<p><em>\u00a0<\/em><\/p>\n<p>Qual destes dois criminosos teve entrada no Para\u00edso com Jesus? \u00c9 claro que foi o que reconheceu a Jesus como Rei e que lhe pediu que se lembrasse dele quando entrasse no seu Reino.\u00a0 Ele foi salvo por qual obra?\u00a0 Ele teve tempo de praticar alguma obra para ser salvo? A sua crucifica\u00e7\u00e3o foi suficiente para o salvar e reverter o crime que ele cometeu?\u00a0 De forma nenhuma, ele foi salvo simplesmente conforme o contexto b\u00edblico nos indica: Ele temeu a Deus, e reconheceu a Jesus como Senhor e Rei.<\/p>\n<p>&nbsp;<\/p>\n<p>Ent\u00e3o quais s\u00e3o as obras que precisamos praticar para sermos salvos? Apenas uma obra, a obra de crer em Jesus como nosso Senhor e Salvador. A obra de crer que Ele morreu pelos nossos pecados e ressuscitou para a nossa justifica\u00e7\u00e3o. Que Ele levou todos os nossos pecados e todas as nossas doen\u00e7as. Que Ele n\u00e3o mais se lembra dos nossos pecados e que est\u00e1 assentado \u00e0 direita de Deus Pai como nosso Advogado. (Veja Hebreus 8:12 e I Jo\u00e3o 2:1)<\/p>\n<p>&nbsp;<\/p>\n<p>Ent\u00e3o n\u00e3o \u00e9 preciso praticarmos boas obras para sermos salvos? Veja a resposta na sua B\u00edblia Sagrada em Ef\u00e9sios 2:8,9 e G\u00e1latas 2:16.\u00a0 Os seguidores de Jesus devem praticar boas obras? Em Tito 2: 14 diz <span style=\"color: #333399;\"><em>\u201c<\/em><\/span><em><span style=\"color: #333399;\">Ele se entregou por n\u00f3s a fim de nos remir de toda a maldade e purificar para si mesmo um povo particularmente seu, dedicado \u00e0 pr\u00e1tica de <strong>boas<\/strong> <strong>obras<\/strong>.\u201d<\/span> <\/em>\u00a0N\u00e3o somos salvos pela pr\u00e1tica de boas obras, mas somos salvos por Jesus para nos dedicarmos \u00e0 pratica de boas obras.<\/p>\n<p>&nbsp;<\/p>\n<p><span style=\"color: #ff6600;\">Ora\u00e7\u00e3o:<em>\u00a0\u00a0\u00a0\u00a0 Senhor Deus, a Tua Palavra diz\u00a0 \u201cSe com a tua boca confessares que Jesus \u00e9 o Senhor e em teu cora\u00e7\u00e3o creres que Deus o ressuscitou dentre os mortos, ser\u00e1s, salvo\u201d (Romanos 10:9,10).\u00a0 Eu confesso com a minha boca que Jesus \u00e9 o meu Senhor e creio no meu cora\u00e7\u00e3o que Deus o ressuscitou dentre dos mortos e que eu estou salvo por Jesus que me justificou, \u00a0\u00c1men.<\/em><\/span><\/p>\n<p><em>\u00a0<\/em><\/p>\n<p style=\"text-align: center;\">Escrituras da B\u00edblia Sagrada &#8211; Edi\u00e7\u00e3o: AA, AR, NTLH, NVI, EC<\/p>\n<p>[\/et_pb_text][\/et_pb_column][\/et_pb_row][\/et_pb_section]<\/p>\n","protected":false},"excerpt":{"rendered":"<p><div class=\"et_pb_row et_pb_row_0 et_pb_row_empty\">\n\t\t\t\t\n\t\t\t\t\n\t\t\t\t\n\t\t\t\t\n\t\t\t\t\n\t\t\t<\/div> MEDITA\u00c7\u00d5ES\u00a0 DA\u00a0 GRA\u00c7A\u00a0 DE\u00a0 DEUS OS DOIS HOMENS PECADORES J\u00e1 alguma vez perguntaste a ti pr\u00f3prio, \u2018se hoje fosse o dia do meu \u00faltimo respiro na terra, para onde iria?\u2019\u00a0 Tens a certeza que irias para junto de Deus?\u00a0 Qual a base da tua convic\u00e7\u00e3o?\u00a0 Se a tua resposta \u00e9: \u2018Eu procuro praticar boas [&hellip;]<\/p>\n","protected":false},"author":2,"featured_media":0,"comment_status":"open","ping_status":"open","sticky":false,"template":"","format":"standard","meta":{"_et_pb_use_builder":"on","_et_pb_old_content":"","_et_gb_content_width":"","footnotes":""},"categories":[33,34],"tags":[],"class_list":["post-529","post","type-post","status-publish","format-standard","hentry","category-a-graca-de-deus","category-salvacao-justificacao-perdao-2"],"_links":{"self":[{"href":"https:\/\/meditacoes-da-graca.com\/index.php\/wp-json\/wp\/v2\/posts\/529","targetHints":{"allow":["GET"]}}],"collection":[{"href":"https:\/\/meditacoes-da-graca.com\/index.php\/wp-json\/wp\/v2\/posts"}],"about":[{"href":"https:\/\/meditacoes-da-graca.com\/index.php\/wp-json\/wp\/v2\/types\/post"}],"author":[{"embeddable":true,"href":"https:\/\/meditacoes-da-graca.com\/index.php\/wp-json\/wp\/v2\/users\/2"}],"replies":[{"embeddable":true,"href":"https:\/\/meditacoes-da-graca.com\/index.php\/wp-json\/wp\/v2\/comments?post=529"}],"version-history":[{"count":1,"href":"https:\/\/meditacoes-da-graca.com\/index.php\/wp-json\/wp\/v2\/posts\/529\/revisions"}],"predecessor-version":[{"id":530,"href":"https:\/\/meditacoes-da-graca.com\/index.php\/wp-json\/wp\/v2\/posts\/529\/revisions\/530"}],"wp:attachment":[{"href":"https:\/\/meditacoes-da-graca.com\/index.php\/wp-json\/wp\/v2\/media?parent=529"}],"wp:term":[{"taxonomy":"category","embeddable":true,"href":"https:\/\/meditacoes-da-graca.com\/index.php\/wp-json\/wp\/v2\/categories?post=529"},{"taxonomy":"post_tag","embeddable":true,"href":"https:\/\/meditacoes-da-graca.com\/index.php\/wp-json\/wp\/v2\/tags?post=529"}],"curies":[{"name":"wp","href":"https:\/\/api.w.org\/{rel}","templated":true}]}}