{"id":525,"date":"2017-08-17T11:52:40","date_gmt":"2017-08-17T09:52:40","guid":{"rendered":"http:\/\/meditacoes-da-graca.com\/?p=525"},"modified":"2017-08-17T11:52:40","modified_gmt":"2017-08-17T09:52:40","slug":"o-poder-da-palavra-de-jesus","status":"publish","type":"post","link":"https:\/\/meditacoes-da-graca.com\/index.php\/2017\/08\/17\/o-poder-da-palavra-de-jesus\/","title":{"rendered":"O PODER DA PALAVRA DE JESUS"},"content":{"rendered":"<p>[et_pb_section bb_built=&#8221;1&#8243;][et_pb_row][et_pb_column type=&#8221;4_4&#8243;][et_pb_text _builder_version=&#8221;3.0.59&#8243; background_layout=&#8221;light&#8221; text_orientation=&#8221;left&#8221; border_style=&#8221;solid&#8221;]<\/p>\n<h2 style=\"text-align: center;\"><span style=\"color: #ff6600;\">MEDITA\u00c7\u00d5ES\u00a0 DA\u00a0 GRA\u00c7A\u00a0 DE\u00a0 DEUS<\/span><\/h2>\n<h2 style=\"text-align: center;\">O PODER DA PALAVRA DE JESUS<\/h2>\n<p>[\/et_pb_text][et_pb_text _builder_version=&#8221;3.0.59&#8243; background_layout=&#8221;light&#8221; text_orientation=&#8221;left&#8221; border_style=&#8221;solid&#8221;]<\/p>\n<p><span style=\"color: #333399;\"><em>\u201cO Esp\u00edrito \u00e9 que vivifica. As palavras que eu vos disse s\u00e3o esp\u00edrito e vida\u201d. Jo\u00e3o 6:63<\/em><\/span><\/p>\n<p>&nbsp;<\/p>\n<p>Jesus contou uma par\u00e1bola sobre o semeador que saiu a semear a sua semente. Uma semente caiu \u00e0 beira do caminho e foi pisada, outra caiu sobre pedra e ap\u00f3s nascer secou, outra caiu entre espinhos ficando sufocada pelos mesmos e outra caiu em boa terra e nascida produziu muito fruto.\u00a0 Os disc\u00edpulos n\u00e3o entenderam e perguntaram o significado de tal par\u00e1bola. Veja Lucas 8:1-15<\/p>\n<p>&nbsp;<\/p>\n<p>Jesus disse que a semente era a Palavra de Deus. Os que est\u00e3o \u00e0 beira do caminho s\u00e3o os que ouvem e depois vem o diabo e tira-lhes do cora\u00e7\u00e3o a Palavra. Os que est\u00e3o sobre pedra s\u00e3o os que ouvindo a Palavra a recebem com alegria, mas como n\u00e3o tem raiz, apenas cr\u00eaem por algum tempo e na hora da prova\u00e7\u00e3o se desviam. A que caiu entre espinhos, s\u00e3o os que ouviram e com o passar dos dias s\u00e3o sufocados com preocupa\u00e7\u00f5es, riquezas e prazeres da vida e seus frutos n\u00e3o chegam a amadurecer. Mas a que caiu em boa terra s\u00e3o os que ouvindo a Palavra a ret\u00eam num cora\u00e7\u00e3o honesto e bom e d\u00e3o fruto com perseveran\u00e7a.<\/p>\n<p>&nbsp;<\/p>\n<p>A uma certa altura, ap\u00f3s o discurso de Jesus, alguns disc\u00edpulos, por n\u00e3o terem entendido, disseram duro \u00e9 este discurso quem o pode ouvir? (Jo\u00e3o 6:60).\u00a0 Jesus nunca falou palavras de condena\u00e7\u00e3o antes palavras de vida, e o mesmo sucedeu quando Ele contou esta Par\u00e1bola. \u00a0Quando trouxeram-lhe a mulher apanhada em adult\u00e9rio, Ele n\u00e3o a condenou, antes perante todos disse \u2018quem estiver sem pecado seja o primeiro a atirar a pedra\u2019.\u00a0 Todos sa\u00edram e Jesus n\u00e3o s\u00f3 a libertou dos seus acusadores como tamb\u00e9m a libertou do poder do pecado.<\/p>\n<p>&nbsp;<\/p>\n<p>Jesus \u00e9 a Palavra de Deus. A Palavra de Deus \u00e9 o evangelho da Gra\u00e7a de nosso Senhor Jesus Cristo. Esta \u00e9 a semente, a Palavra que tem esp\u00edrito e vida.\u00a0 Foi de Jesus que Sim\u00e3o Pedro disse <span style=\"color: #333399;\">\u201cTu tens as palavras da vida\u201d.<\/span>\u00a0 Jesus disse:<\/p>\n<p>&nbsp;<\/p>\n<p><span style=\"color: #333399;\">\u201c<em>Em verdade, em verdade vos digo que quem ouve a minha palavra e cr\u00ea naquele que me enviou tem a vida eterna e n\u00e3o entrar\u00e1 em condena\u00e7\u00e3o, mas passou da morte para a vida.\u201d Jo\u00e3o 5:24<\/em><\/span><\/p>\n<p><span style=\"color: #333399;\"><em>Em verdade, em verdade vos digo que, se algu\u00e9m guardar a minha palavra, jamais ver\u00e1 a morte\u201d. Jo\u00e3o 8: 51<\/em><\/span><\/p>\n<p><span style=\"color: #333399;\"><em>\u201cPois lhes dei as palavras que tu me deste, e eles as receberam. Verdadeiramente conheceram que sa\u00ed de ti e creram que me enviaste\u201d. Jo\u00e3o 17:8<\/em><\/span><\/p>\n<p>&nbsp;<\/p>\n<p>Ao receberes a semente da Palavra de Deus, n\u00e3o permitas que fique ao longo do teu caminho, pede a Deus que as pedras e os espinhos da tua vida, \u00a0sejam removidos, que as prova\u00e7\u00f5es e os cuidados desta vida de forma alguma venham roubar \u00a0a Sua Palavra, e que esta caia em boa terra, e produza bom fruto para a vida eterna.<\/p>\n<p>&nbsp;<\/p>\n<p><span style=\"color: #ff6600;\"><em>Ora\u00e7\u00e3o: Vem Senhor Deus fazer em mim o teu querer. Eu recebo a tua Palavra em meu cora\u00e7\u00e3o, retira todos os obst\u00e1culos da minha vida que queiram sufocar o poder da tua Palavra de operar em mim, todos os desapontamentos que procurem impedir que a tua Palavra cres\u00e7a e ganhe raiz dentro de mim, eu creio em Jesus que me deu a vida eterna! \u00c1men.<\/em><\/span><\/p>\n<p>&nbsp;<\/p>\n<p style=\"text-align: center;\">Escrituras da B\u00edblia Sagrada &#8211; Edi\u00e7\u00e3o: AA, AR, NTLH, NVI, EC<\/p>\n<p>&nbsp;<\/p>\n<p>&nbsp;<\/p>\n<p>[\/et_pb_text][\/et_pb_column][\/et_pb_row][\/et_pb_section]<\/p>\n","protected":false},"excerpt":{"rendered":"<p><div class=\"et_pb_row et_pb_row_0 et_pb_row_empty\">\n\t\t\t\t\n\t\t\t\t\n\t\t\t\t\n\t\t\t\t\n\t\t\t\t\n\t\t\t<\/div> MEDITA\u00c7\u00d5ES\u00a0 DA\u00a0 GRA\u00c7A\u00a0 DE\u00a0 DEUS O PODER DA PALAVRA DE JESUS \u201cO Esp\u00edrito \u00e9 que vivifica. As palavras que eu vos disse s\u00e3o esp\u00edrito e vida\u201d. Jo\u00e3o 6:63 &nbsp; Jesus contou uma par\u00e1bola sobre o semeador que saiu a semear a sua semente. Uma semente caiu \u00e0 beira do caminho e foi pisada, outra [&hellip;]<\/p>\n","protected":false},"author":2,"featured_media":0,"comment_status":"open","ping_status":"open","sticky":false,"template":"","format":"standard","meta":{"_et_pb_use_builder":"on","_et_pb_old_content":"","_et_gb_content_width":"","footnotes":""},"categories":[34],"tags":[],"class_list":["post-525","post","type-post","status-publish","format-standard","hentry","category-salvacao-justificacao-perdao-2"],"_links":{"self":[{"href":"https:\/\/meditacoes-da-graca.com\/index.php\/wp-json\/wp\/v2\/posts\/525","targetHints":{"allow":["GET"]}}],"collection":[{"href":"https:\/\/meditacoes-da-graca.com\/index.php\/wp-json\/wp\/v2\/posts"}],"about":[{"href":"https:\/\/meditacoes-da-graca.com\/index.php\/wp-json\/wp\/v2\/types\/post"}],"author":[{"embeddable":true,"href":"https:\/\/meditacoes-da-graca.com\/index.php\/wp-json\/wp\/v2\/users\/2"}],"replies":[{"embeddable":true,"href":"https:\/\/meditacoes-da-graca.com\/index.php\/wp-json\/wp\/v2\/comments?post=525"}],"version-history":[{"count":1,"href":"https:\/\/meditacoes-da-graca.com\/index.php\/wp-json\/wp\/v2\/posts\/525\/revisions"}],"predecessor-version":[{"id":526,"href":"https:\/\/meditacoes-da-graca.com\/index.php\/wp-json\/wp\/v2\/posts\/525\/revisions\/526"}],"wp:attachment":[{"href":"https:\/\/meditacoes-da-graca.com\/index.php\/wp-json\/wp\/v2\/media?parent=525"}],"wp:term":[{"taxonomy":"category","embeddable":true,"href":"https:\/\/meditacoes-da-graca.com\/index.php\/wp-json\/wp\/v2\/categories?post=525"},{"taxonomy":"post_tag","embeddable":true,"href":"https:\/\/meditacoes-da-graca.com\/index.php\/wp-json\/wp\/v2\/tags?post=525"}],"curies":[{"name":"wp","href":"https:\/\/api.w.org\/{rel}","templated":true}]}}