{"id":521,"date":"2017-08-17T11:37:36","date_gmt":"2017-08-17T09:37:36","guid":{"rendered":"http:\/\/meditacoes-da-graca.com\/?p=521"},"modified":"2017-08-17T11:37:36","modified_gmt":"2017-08-17T09:37:36","slug":"em-quem-esta-a-tua-confianca","status":"publish","type":"post","link":"https:\/\/meditacoes-da-graca.com\/index.php\/2017\/08\/17\/em-quem-esta-a-tua-confianca\/","title":{"rendered":"EM QUEM EST\u00c1 A TUA CONFIAN\u00c7A?"},"content":{"rendered":"<p>[et_pb_section bb_built=&#8221;1&#8243;][et_pb_row][et_pb_column type=&#8221;4_4&#8243;][et_pb_text _builder_version=&#8221;3.0.59&#8243; background_layout=&#8221;light&#8221; text_orientation=&#8221;left&#8221; border_style=&#8221;solid&#8221;]<\/p>\n<h2 style=\"text-align: center;\">EM QUEM EST\u00c1 A TUA CONFIAN\u00c7A?<\/h2>\n<p>[\/et_pb_text][et_pb_text _builder_version=&#8221;3.0.59&#8243; background_layout=&#8221;light&#8221; text_orientation=&#8221;left&#8221; border_style=&#8221;solid&#8221;]<\/p>\n<p><span style=\"color: #333399;\"><em>\u201cUns confiam em carros e outros em cavalos, mas n\u00f3s confiamos no nome do Senhor, o nosso Deus.\u201d Salmos 20:7<\/em><\/span><\/p>\n<p><em>\u00a0<\/em><\/p>\n<p>Um grande e poderoso ex\u00e9rcito com carros e cavalos avan\u00e7ava velozmente, enfurecido com a sa\u00edda de um povo que o servia h\u00e1 400 anos. Sua for\u00e7a, seu poderio, era not\u00f3rio por toda a regi\u00e3o e n\u00e3o havia outro dom\u00ednio igual.<\/p>\n<p>&nbsp;<\/p>\n<p>Um pouco mais adiante, o \u00eaxodo de uma multid\u00e3o de um povo desde crian\u00e7as rec\u00e9m nascidas aos mais idosos, rebanho tenro ao mais maturo, percurso demorado este caminho a p\u00e9! \u00a0Ao longe, por detr\u00e1s, o som apressado de um extenso cavalgar se aproximando e \u00e0 frente o ru\u00eddo do imenso Mar Vermelho!<\/p>\n<p>&nbsp;<\/p>\n<p>\u00c9 em momentos de afli\u00e7\u00e3o como estes ou semelhantes que recorremos a algo maior do que n\u00f3s, onde apenas a m\u00e3o de Deus nos pode livrar. Fara\u00f3 por muito poderoso e valente, pereceu com toda a sua for\u00e7a e seu ex\u00e9rcito no mesmo mar que para o povo de Deus se abriu e passaram a seco. \u00caxodo 14.<\/p>\n<p>&nbsp;<\/p>\n<p>Em quem temos a nossa confian\u00e7a? Na nossa conta banc\u00e1ria, na nossa capacidade intelectual, mental ou f\u00edsica?\u00a0 Buscamos n\u00f3s for\u00e7a numa figura religiosa, numa personagem de natureza deificada, um s\u00edmbolo, um \u00eddolo ou imagem na terra de algo divino?<\/p>\n<p>&nbsp;<\/p>\n<p>Lemos em Salmos 115: 2-11 <span style=\"color: #333399;\"><em>\u201cPor que dizem onde est\u00e1 o seu Deus? O nosso Deus est\u00e1 nos C\u00e9us&#8230; os \u00eddolos deles s\u00e3o prata e ouro obra das m\u00e3os do homem&#8230;\u201d<\/em><\/span><\/p>\n<p>Em quem temos a nossa confian\u00e7a, em alguma imagem feita pelas m\u00e3os de homens, que pode ser comprada ou negociada no mercado em troca por dinheiro? Estar\u00e1 a nossa confian\u00e7a em n\u00f3s pr\u00f3prios produzirmos as boas obras necess\u00e1rias a fim de nos justificarmos diante de Deus?<\/p>\n<p>&nbsp;<\/p>\n<p>O Ap\u00f3stolo Paulo foi claro quando disse: <span style=\"color: #333399;\">\u201c<em>E \u00e9 por interm\u00e9dio de Cristo que temos tal confian\u00e7a em Deus.\u201d <\/em><\/span>\u00a0\u00c9 unicamente atrav\u00e9s de Cristo que temos confian\u00e7a em Deus. N\u00e3o em nenhuma outra figura, ideal, \u00eddolo ou personagem beatificada. \u00a0Aos Hebreus, Paulo disse: <span style=\"color: #333399;\"><em>\u201cCheguemo-nos, pois, com confian\u00e7a ao trono da gra\u00e7a, para que recebamos miseric\u00f3rdia e achemos gra\u00e7a, a fim de sermos socorridos no momento oportuno\u201d. Hebreus 4:16<\/em><\/span><\/p>\n<p><em>\u00a0<\/em><\/p>\n<p>Que trono da gra\u00e7a \u00e9 este que devemos chegar com confian\u00e7a?\u00a0 \u00c9 o trono da gra\u00e7a de Deus, manifesto em Jesus Cristo. <span style=\"color: #333399;\"><em>\u201cOlhando firmemente para Jesus, autor e consumador da nossa f\u00e9, &#8230; e est\u00e1 assentado \u00e0 direita do trono de Deus.\u201d Heb.12:2<\/em><\/span><\/p>\n<p>N\u00f3s temos acesso a este trono diretamente! Deus n\u00e3o estabeleceu nenhum outro intermedi\u00e1rio, cada um de n\u00f3s tem acesso direto a este trono por JESUS CRISTO..\u00a0 Ao contr\u00e1rio do que a religi\u00e3o muitas vezes nos transmite, este n\u00e3o \u00e9 o trono do seu julgamento ou indigna\u00e7\u00e3o, \u00e9 o trono da sua miseric\u00f3rdia e da sua gra\u00e7a manifesta atrav\u00e9s de Jesus Cristo para connosco!<\/p>\n<p>&nbsp;<\/p>\n<p><span style=\"color: #ff6600;\">Ora\u00e7\u00e3o:<em>\u00a0\u00a0 Senhor meu e Deus, eu venho junto do teu trono atrav\u00e9s de Jesus Cristo, eu care\u00e7o da tua miseric\u00f3rdia e da tua gra\u00e7a a cada dia da minha vida. Em ti eu coloco a minha confian\u00e7a unicamente e eu renuncio a todo e qualquer \u00eddolo ou imagem que tenha confiado, eu declaro que JESUS CRISTO \u00e9 o meu Senhor! \u00a0\u00c1men.<\/em><\/span><\/p>\n<p><em>\u00a0<\/em><\/p>\n<p style=\"text-align: center;\">Escrituras da B\u00edblia Sagrada &#8211; Edi\u00e7\u00e3o: AA, AR, NTLH, NVI, EC<\/p>\n<p>[\/et_pb_text][\/et_pb_column][\/et_pb_row][\/et_pb_section]<\/p>\n","protected":false},"excerpt":{"rendered":"<p><div class=\"et_pb_row et_pb_row_0 et_pb_row_empty\">\n\t\t\t\t\n\t\t\t\t\n\t\t\t\t\n\t\t\t\t\n\t\t\t\t\n\t\t\t<\/div> EM QUEM EST\u00c1 A TUA CONFIAN\u00c7A? \u201cUns confiam em carros e outros em cavalos, mas n\u00f3s confiamos no nome do Senhor, o nosso Deus.\u201d Salmos 20:7 \u00a0 Um grande e poderoso ex\u00e9rcito com carros e cavalos avan\u00e7ava velozmente, enfurecido com a sa\u00edda de um povo que o servia h\u00e1 400 anos. Sua for\u00e7a, seu [&hellip;]<\/p>\n","protected":false},"author":2,"featured_media":0,"comment_status":"open","ping_status":"open","sticky":false,"template":"","format":"standard","meta":{"_et_pb_use_builder":"on","_et_pb_old_content":"","_et_gb_content_width":"","footnotes":""},"categories":[29],"tags":[],"class_list":["post-521","post","type-post","status-publish","format-standard","hentry","category-vitoria-e-intervencao-divina"],"_links":{"self":[{"href":"https:\/\/meditacoes-da-graca.com\/index.php\/wp-json\/wp\/v2\/posts\/521","targetHints":{"allow":["GET"]}}],"collection":[{"href":"https:\/\/meditacoes-da-graca.com\/index.php\/wp-json\/wp\/v2\/posts"}],"about":[{"href":"https:\/\/meditacoes-da-graca.com\/index.php\/wp-json\/wp\/v2\/types\/post"}],"author":[{"embeddable":true,"href":"https:\/\/meditacoes-da-graca.com\/index.php\/wp-json\/wp\/v2\/users\/2"}],"replies":[{"embeddable":true,"href":"https:\/\/meditacoes-da-graca.com\/index.php\/wp-json\/wp\/v2\/comments?post=521"}],"version-history":[{"count":1,"href":"https:\/\/meditacoes-da-graca.com\/index.php\/wp-json\/wp\/v2\/posts\/521\/revisions"}],"predecessor-version":[{"id":522,"href":"https:\/\/meditacoes-da-graca.com\/index.php\/wp-json\/wp\/v2\/posts\/521\/revisions\/522"}],"wp:attachment":[{"href":"https:\/\/meditacoes-da-graca.com\/index.php\/wp-json\/wp\/v2\/media?parent=521"}],"wp:term":[{"taxonomy":"category","embeddable":true,"href":"https:\/\/meditacoes-da-graca.com\/index.php\/wp-json\/wp\/v2\/categories?post=521"},{"taxonomy":"post_tag","embeddable":true,"href":"https:\/\/meditacoes-da-graca.com\/index.php\/wp-json\/wp\/v2\/tags?post=521"}],"curies":[{"name":"wp","href":"https:\/\/api.w.org\/{rel}","templated":true}]}}