{"id":517,"date":"2017-08-17T11:27:49","date_gmt":"2017-08-17T09:27:49","guid":{"rendered":"http:\/\/meditacoes-da-graca.com\/?p=517"},"modified":"2017-08-17T11:27:49","modified_gmt":"2017-08-17T09:27:49","slug":"um-novo-raio-de-luz","status":"publish","type":"post","link":"https:\/\/meditacoes-da-graca.com\/index.php\/2017\/08\/17\/um-novo-raio-de-luz\/","title":{"rendered":"UM NOVO RAIO DE LUZ"},"content":{"rendered":"<p>[et_pb_section bb_built=&#8221;1&#8243;][et_pb_row][et_pb_column type=&#8221;4_4&#8243;][et_pb_text _builder_version=&#8221;3.0.59&#8243; background_layout=&#8221;light&#8221; text_orientation=&#8221;left&#8221; border_style=&#8221;solid&#8221;]<\/p>\n<h2 style=\"text-align: center;\">UM NOVO RAIO DE LUZ<\/h2>\n<p>[\/et_pb_text][et_pb_text _builder_version=&#8221;3.0.59&#8243; background_layout=&#8221;light&#8221; text_orientation=&#8221;left&#8221; border_style=&#8221;solid&#8221;]<\/p>\n<p><span style=\"color: #333399;\"><em>\u201cIsto \u00e9, que o Cristo devia sofrer e, sendo o primeiro da ressurrei\u00e7\u00e3o dos mortos, devia anunciar a luz a este povo e aos gentios\u201d. Actos 26:23<\/em><\/span><\/p>\n<p>&nbsp;<\/p>\n<p>Alguma vez j\u00e1 te encontraste numa situa\u00e7\u00e3o desesperadora e sem sa\u00edda, numa circunstancia onde todos os teus esfor\u00e7os com as melhores inten\u00e7\u00f5es de nada valeram? Numa encruzilhada da vida,\u00a0 onde o caminho adiante n\u00e3o se avizinha&#8230; , sem for\u00e7as para continuar, sem esperan\u00e7a, desmotivado e desnorteado sem saber o que fazer? Vejamos o cen\u00e1rio seguinte:<\/p>\n<p>&nbsp;<\/p>\n<p>Um grupo de mulheres logo cedo ao nascer do sol se levantaram e foram-se caminho a fora. Tristes, com o cora\u00e7\u00e3o pesado, sem qualquer explica\u00e7\u00e3o l\u00f3gica \u00e0 aparente trag\u00e9dia que acontecera, chegaram junto do sepulcro, da pessoa mais amada das suas vidas, apenas para constatar que Ele, Jesus, j\u00e1 l\u00e1 n\u00e3o estava mais. Dois homens com vestes brilhantes disseram: <em>Por que buscais entre os mortos quem est\u00e1 vivo? Ele n\u00e3o est\u00e1 aqui mas ressuscitou\u201d <\/em>Luc. 24:1-10<\/p>\n<p>&nbsp;<\/p>\n<p>Dois homens iam a caminho de uma aldeia um tanto desnorteados com os violentos acontecimentos nos \u00faltimos dias que haviam alvoro\u00e7ado a sua na\u00e7\u00e3o.\u00a0 Iam a falar entre si, quando um outro se juntou a eles e lhes perguntou o que acontecera. O Seu l\u00edder e her\u00f3i a quem esperavam que redimisse a sua na\u00e7\u00e3o havia sido crucificado. Era como que n\u00e3o restava mais esperan\u00e7a, j\u00e1 se havia passado 3 dias, tudo estava acabado. Mais adiante, quando se sentaram para comerem, \u00a0viram no partir do p\u00e3o e ao ser aben\u00e7oado, que era o pr\u00f3prio Jesus que falava com eles. Luc.24:13-32<\/p>\n<p>&nbsp;<\/p>\n<p>O destemido e valente Pedro encontrava-se desapontado consigo pr\u00f3prio e com suas cren\u00e7as. Havia deixado sua carreira profissional, seus inter\u00easses pessoais para prosseguir com uma nova e revolucion\u00e1ria forma de vida, forma esta transformadora, miraculosa mas grandemente contestada pelos l\u00edderes e principais do povo. Encontrava-se decepcionado consigo mesmo, tanto que ele mesmo havia tra\u00eddo o seu Mestre.<\/p>\n<p>&nbsp;<\/p>\n<p>Qual \u00e9 a tua dificuldade, a tua incerteza? Encontras-te decepcionado contigo pr\u00f3prio, pelos teus erros, todo aquele esfor\u00e7o empregue e que de nada resultou, \u00a0encontras-te cansado, sem esperan\u00e7a, ou procuras tamb\u00e9m o teu Salvador entre os mortos ou trancado numa catedral pendurado numa cruz desfigurado?<\/p>\n<p>&nbsp;<\/p>\n<p>O Ap\u00f3stolo Paulo, numa carta que escreveu aos Filipenses disse: <span style=\"color: #333399;\"><em>\u201cDesejo conhecer a Cristo, o poder da ressurrei\u00e7\u00e3o&#8230;\u201dFl 3: 10<\/em>\u00a0<\/span> \u00a0Conheces a Jesus o que morreu por ti pelos teus pecados para te salvar? Foi este Jesus tamb\u00e9m que foi ressuscitado, n\u00e3o mais se encontra numa cruz e desfigurado, Ele vive e est\u00e1 assentado \u00e0 direita de Deus o Pai. Ele \u00e9 a Luz do mundo, a Luz que veio alumiar nas trevas. \u00a0Sabias ainda, que \u00e9 este Jesus e o poder da sua ressurrei\u00e7\u00e3o que te vivifica, traz\u00a0 salva\u00e7\u00e3o, paz, direc\u00e7\u00e3o, sa\u00fade, prosperidade, clareza, enfim tudo aquilo de que careces? Se assim o desejares, faz esta ora\u00e7\u00e3o:<\/p>\n<p style=\"text-align: center;\">\n<p style=\"text-align: center;\"><span style=\"color: #ff6600;\">\u201c<\/span><em><span style=\"color: #ff6600;\">Deus meu e Pai, eu care\u00e7o do poder da ressurrei\u00e7\u00e3o em Cristo Jesus na minha vida, em todas as \u00e1reas e circunstancias do meu viver. Vem vivificar dentro de mim a tua Palavra, trazendo-me a revela\u00e7\u00e3o do Poder da tua Gra\u00e7a e a manifesta\u00e7\u00e3o da tua obra redentora em mim, em nome de Jesus, \u00c1men.<\/span> <\/em><\/p>\n<p style=\"text-align: center;\">Escrituras da B\u00edblia Sagrada &#8211; Edi\u00e7\u00e3o: AA, AR, NTLH, NVI, EC<\/p>\n<p>&nbsp;<\/p>\n<p>[\/et_pb_text][\/et_pb_column][\/et_pb_row][\/et_pb_section]<\/p>\n","protected":false},"excerpt":{"rendered":"<p><div class=\"et_pb_row et_pb_row_0 et_pb_row_empty\">\n\t\t\t\t\n\t\t\t\t\n\t\t\t\t\n\t\t\t\t\n\t\t\t\t\n\t\t\t<\/div> UM NOVO RAIO DE LUZ \u201cIsto \u00e9, que o Cristo devia sofrer e, sendo o primeiro da ressurrei\u00e7\u00e3o dos mortos, devia anunciar a luz a este povo e aos gentios\u201d. Actos 26:23 &nbsp; Alguma vez j\u00e1 te encontraste numa situa\u00e7\u00e3o desesperadora e sem sa\u00edda, numa circunstancia onde todos os teus esfor\u00e7os com as melhores [&hellip;]<\/p>\n","protected":false},"author":2,"featured_media":0,"comment_status":"open","ping_status":"open","sticky":false,"template":"","format":"standard","meta":{"_et_pb_use_builder":"on","_et_pb_old_content":"","_et_gb_content_width":"","footnotes":""},"categories":[29],"tags":[],"class_list":["post-517","post","type-post","status-publish","format-standard","hentry","category-vitoria-e-intervencao-divina"],"_links":{"self":[{"href":"https:\/\/meditacoes-da-graca.com\/index.php\/wp-json\/wp\/v2\/posts\/517","targetHints":{"allow":["GET"]}}],"collection":[{"href":"https:\/\/meditacoes-da-graca.com\/index.php\/wp-json\/wp\/v2\/posts"}],"about":[{"href":"https:\/\/meditacoes-da-graca.com\/index.php\/wp-json\/wp\/v2\/types\/post"}],"author":[{"embeddable":true,"href":"https:\/\/meditacoes-da-graca.com\/index.php\/wp-json\/wp\/v2\/users\/2"}],"replies":[{"embeddable":true,"href":"https:\/\/meditacoes-da-graca.com\/index.php\/wp-json\/wp\/v2\/comments?post=517"}],"version-history":[{"count":1,"href":"https:\/\/meditacoes-da-graca.com\/index.php\/wp-json\/wp\/v2\/posts\/517\/revisions"}],"predecessor-version":[{"id":518,"href":"https:\/\/meditacoes-da-graca.com\/index.php\/wp-json\/wp\/v2\/posts\/517\/revisions\/518"}],"wp:attachment":[{"href":"https:\/\/meditacoes-da-graca.com\/index.php\/wp-json\/wp\/v2\/media?parent=517"}],"wp:term":[{"taxonomy":"category","embeddable":true,"href":"https:\/\/meditacoes-da-graca.com\/index.php\/wp-json\/wp\/v2\/categories?post=517"},{"taxonomy":"post_tag","embeddable":true,"href":"https:\/\/meditacoes-da-graca.com\/index.php\/wp-json\/wp\/v2\/tags?post=517"}],"curies":[{"name":"wp","href":"https:\/\/api.w.org\/{rel}","templated":true}]}}