{"id":502,"date":"2017-08-17T10:58:51","date_gmt":"2017-08-17T08:58:51","guid":{"rendered":"http:\/\/meditacoes-da-graca.com\/?p=502"},"modified":"2017-08-17T10:58:51","modified_gmt":"2017-08-17T08:58:51","slug":"cativo-de-depressao","status":"publish","type":"post","link":"https:\/\/meditacoes-da-graca.com\/index.php\/2017\/08\/17\/cativo-de-depressao\/","title":{"rendered":"CATIVO  DE  DEPRESS\u00c3O?"},"content":{"rendered":"<p>[et_pb_section bb_built=&#8221;1&#8243;][et_pb_row][et_pb_column type=&#8221;4_4&#8243;][et_pb_text _builder_version=&#8221;3.0.59&#8243; background_layout=&#8221;light&#8221; text_orientation=&#8221;left&#8221; border_style=&#8221;solid&#8221;]<\/p>\n<h2 style=\"text-align: center;\">CATIVO\u00a0 DE\u00a0 DEPRESS\u00c3O?<\/h2>\n<h3 style=\"text-align: center;\">Parte I<\/h3>\n<p>[\/et_pb_text][et_pb_text _builder_version=&#8221;3.0.59&#8243; background_layout=&#8221;light&#8221; text_orientation=&#8221;left&#8221; border_style=&#8221;solid&#8221;]<\/p>\n<p>O profeta Jonas foi comissionado por Deus para que fosse apregoar na capital da Ass\u00edria, a destrui\u00e7\u00e3o da grande cidade de N\u00ednive, \u00a0devido ao facto que a maldade da cidade havia subido at\u00e9 aos c\u00e9us. Jonas resistiu a tal comiss\u00e3o, tanto mais que se tratavam dos inimigos da sua na\u00e7\u00e3o de j\u00e1 h\u00e1 muito tempo.<\/p>\n<p>&nbsp;<\/p>\n<p>Jonas resolveu \u2018tirar bilhete\u2019 e embarcou no pr\u00f3ximo navio que saiu para T\u00e1rsis, destino este bem longe e contr\u00e1rio a N\u00ednive, um porto em Espanha bem conhecido por suas embarca\u00e7\u00f5es, j\u00e1 desde o tempo do Rei Salom\u00e3o, e que abundava em ouro e prata.<\/p>\n<p>&nbsp;<\/p>\n<p>Acontece que esta embarca\u00e7\u00e3o deparou com uma tamanha tempestade em alto mar,\u00a0 desde os marinheiros a todos os seus tripulantes, que j\u00e1 em desespero, cada um clamava ao seu deus, exceto Jonas, que se encontrava no por\u00e3o do navio a dormir.\u00a0 Ao ler a narra\u00e7\u00e3o B\u00edblica, podemos como que chegar a uma interpreta\u00e7\u00e3o que Jonas nisto tudo encontrava-se deprimido, como ele disse: \u201cAs \u00e1guas me cercaram at\u00e9 a alma\u201d. Jonas 2:5<\/p>\n<p>&nbsp;<\/p>\n<p>Alguns dos sintomas de depress\u00e3o muitas vezes come\u00e7am com <span style=\"color: #ff6600;\"><em><u>isolamento<\/u><\/em><\/span> (Jonas encontrava-se escondido no por\u00e3o), \u00a0<span style=\"color: #ff6600;\"><em><u>rejei\u00e7\u00e3o<\/u> <\/em><\/span>(estava solit\u00e1rio e sentia-se inclusive \u201cbanido dos olhos de Deus\u201d Jonas 2:4) \u00a0<em><span style=\"color: #ff6600;\"><u>desmotiva\u00e7\u00e3o<\/u><\/span> \u2013sem rumo ou prop\u00f3sito na vida <\/em>\u00a0(encontrava-se a dormir), \u00a0<span style=\"color: #ff6600;\">\u00a0<em><u>indigna\u00e7\u00e3o <\/u><\/em><\/span>\u00a0&#8211; (quando algo n\u00e3o corre bem &#8211; ficar irado. Jonas 4:1), \u00a0e, por fim, o ultimo sintoma na lista, <span style=\"color: #ff6600;\"><em><u>nenhum desejo de viver<\/u><\/em>,<\/span> Jonas preferiu a <em>morte<\/em> do que a vida (Jonas 4:8)<\/p>\n<p>&nbsp;<\/p>\n<p>Cada vez mais, nos dias em que atravessamos, vemos mais e mais pessoas a sofrerem de depress\u00e3o, \u00e9 quase como que uma gigantesca doen\u00e7a do nosso s\u00e9culo. Depress\u00e3o esta causada por variadas raz\u00f5es, umas por circunstancias adversas, outras por pessoas que nos magoaram, outras por nossas pr\u00f3prias a\u00e7\u00f5es, enfim, in\u00fameras situa\u00e7\u00f5es como que nos cercam at\u00e9 \u00e0 alma e at\u00e9 nos podem levar ao desespero.<\/p>\n<p>&nbsp;<\/p>\n<p>No momento em que Jesus se encontrava na cruz sofrendo pelos nossos pecados e enfermidades, Ele incluiu no seu sacrif\u00edcio por n\u00f3s toda e qualquer depress\u00e3o que venhamos a ter, as do passado, presente ou futuro. Tanto que Ele disse <em><span style=\"color: #333399;\">\u201cO Esp\u00edrito do Senhor.. me ungiu.. para proclamar liberdade aos cativos.. libertar os oprimidos\u201d. Lucas 4:18<\/span> <\/em><\/p>\n<p>&nbsp;<\/p>\n<p>Jonas disse <span style=\"color: #333399;\">\u201c<em>Na minha ang\u00fastia clamei ao Senhor e Ele me respondeu&#8230; Das profundezas da sepultura gritei e tu ouviste a minha voz\u201d<\/em><\/span><em><span style=\"color: #333399;\">. Jonas 2:2,<\/span> <\/em><\/p>\n<p>&nbsp;<\/p>\n<p>Na tua dificuldade, clama a Jesus, coloca os teus olhos n\u2019Ele, n\u00e3o na origem do teu problema, pede-lhe que te mostre\u00a0 e prepare o caminho a seguir em frente e te liberte.\u00a0\u00a0\u00a0\u00a0\u00a0\u00a0\u00a0\u00a0\u00a0\u00a0\u00a0\u00a0\u00a0\u00a0\u00a0\u00a0\u00a0\u00a0\u00a0\u00a0\u00a0\u00a0\u00a0\u00a0\u00a0\u00a0\u00a0\u00a0\u00a0\u00a0\u00a0\u00a0\u00a0\u00a0\u00a0\u00a0\u00a0\u00a0\u00a0\u00a0\u00a0\u00a0\u00a0\u00a0\u00a0\u00a0\u00a0\u00a0\u00a0\u00a0\u00a0\u00a0\u00a0\u00a0\u00a0\u00a0\u00a0\u00a0\u00a0\u00a0\u00a0\u00a0\u00a0\u00a0\u00a0\u00a0\u00a0\u00a0\u00a0\u00a0\u00a0\u00a0\u00a0\u00a0\u00a0\u00a0\u00a0\u00a0\u00a0\u00a0\u00a0\u00a0\u00a0\u00a0\u00a0\u00a0\u00a0 (<em>continua&#8230;<\/em>)<\/p>\n<p>&nbsp;<\/p>\n<p><span style=\"color: #ff6600;\">Ora\u00e7\u00e3o:<em> Meu Deus e Pai, eu creio em Jesus Cristo, e que Ele veio libertar todos os cativos e oprimidos, vem me libertar de depress\u00e3o ou qualquer opress\u00e3o sobre mim\u00a0 pela un\u00e7\u00e3o do Esp\u00edrito Santo, \u00a0e mostra-me o prop\u00f3sito da minha vida, em nome de Jesus, \u00c1men.<\/em><\/span><\/p>\n<p style=\"text-align: center;\">Escrituras da B\u00edblia Sagrada &#8211; Edi\u00e7\u00e3o: AA, AR, NTLH, NVI, EC<\/p>\n<p>[\/et_pb_text][\/et_pb_column][\/et_pb_row][\/et_pb_section]<\/p>\n","protected":false},"excerpt":{"rendered":"<p><div class=\"et_pb_row et_pb_row_0 et_pb_row_empty\">\n\t\t\t\t\n\t\t\t\t\n\t\t\t\t\n\t\t\t\t\n\t\t\t\t\n\t\t\t<\/div> CATIVO\u00a0 DE\u00a0 DEPRESS\u00c3O? Parte I O profeta Jonas foi comissionado por Deus para que fosse apregoar na capital da Ass\u00edria, a destrui\u00e7\u00e3o da grande cidade de N\u00ednive, \u00a0devido ao facto que a maldade da cidade havia subido at\u00e9 aos c\u00e9us. Jonas resistiu a tal comiss\u00e3o, tanto mais que se tratavam dos inimigos da sua [&hellip;]<\/p>\n","protected":false},"author":2,"featured_media":0,"comment_status":"open","ping_status":"open","sticky":false,"template":"","format":"standard","meta":{"_et_pb_use_builder":"on","_et_pb_old_content":"","_et_gb_content_width":"","footnotes":""},"categories":[25],"tags":[],"class_list":["post-502","post","type-post","status-publish","format-standard","hentry","category-a-mente-depressao-esgotamento"],"_links":{"self":[{"href":"https:\/\/meditacoes-da-graca.com\/index.php\/wp-json\/wp\/v2\/posts\/502","targetHints":{"allow":["GET"]}}],"collection":[{"href":"https:\/\/meditacoes-da-graca.com\/index.php\/wp-json\/wp\/v2\/posts"}],"about":[{"href":"https:\/\/meditacoes-da-graca.com\/index.php\/wp-json\/wp\/v2\/types\/post"}],"author":[{"embeddable":true,"href":"https:\/\/meditacoes-da-graca.com\/index.php\/wp-json\/wp\/v2\/users\/2"}],"replies":[{"embeddable":true,"href":"https:\/\/meditacoes-da-graca.com\/index.php\/wp-json\/wp\/v2\/comments?post=502"}],"version-history":[{"count":1,"href":"https:\/\/meditacoes-da-graca.com\/index.php\/wp-json\/wp\/v2\/posts\/502\/revisions"}],"predecessor-version":[{"id":503,"href":"https:\/\/meditacoes-da-graca.com\/index.php\/wp-json\/wp\/v2\/posts\/502\/revisions\/503"}],"wp:attachment":[{"href":"https:\/\/meditacoes-da-graca.com\/index.php\/wp-json\/wp\/v2\/media?parent=502"}],"wp:term":[{"taxonomy":"category","embeddable":true,"href":"https:\/\/meditacoes-da-graca.com\/index.php\/wp-json\/wp\/v2\/categories?post=502"},{"taxonomy":"post_tag","embeddable":true,"href":"https:\/\/meditacoes-da-graca.com\/index.php\/wp-json\/wp\/v2\/tags?post=502"}],"curies":[{"name":"wp","href":"https:\/\/api.w.org\/{rel}","templated":true}]}}