{"id":499,"date":"2017-08-17T10:30:17","date_gmt":"2017-08-17T08:30:17","guid":{"rendered":"http:\/\/meditacoes-da-graca.com\/?p=499"},"modified":"2017-08-17T10:51:27","modified_gmt":"2017-08-17T08:51:27","slug":"que-milagre-precisas","status":"publish","type":"post","link":"https:\/\/meditacoes-da-graca.com\/index.php\/2017\/08\/17\/que-milagre-precisas\/","title":{"rendered":"QUE MILAGRE PRECISAS?"},"content":{"rendered":"<p>[et_pb_section bb_built=&#8221;1&#8243;][et_pb_row][et_pb_column type=&#8221;4_4&#8243;][et_pb_text _builder_version=&#8221;3.0.59&#8243; background_layout=&#8221;light&#8221; text_orientation=&#8221;left&#8221; border_style=&#8221;solid&#8221;]<\/p>\n<h2 style=\"text-align: center;\">QUE MILAGRE PRECISAS?<\/h2>\n<p>[\/et_pb_text][et_pb_text _builder_version=&#8221;3.0.59&#8243; background_layout=&#8221;light&#8221; text_orientation=&#8221;left&#8221; border_style=&#8221;solid&#8221;]<\/p>\n<p><span style=\"color: #333399;\"><em>\u201cE percorria Jesus todas as cidades e aldeias, ensinando, pregando o Evangelho, curando todas as enfermidades e doen\u00e7as entre o povo &#8230; ele tinha grande compaix\u00e3o das multid\u00f5es porque andavam cansadas e abatidas, como ovelhas sem pastor\u201d. Mateus 9:35,36<\/em><\/span><\/p>\n<p>&nbsp;<\/p>\n<p>Andas cansado, abatido com os problemas e dificuldades da vida?\u00a0 Tens sido apoquentado com alguma doen\u00e7a, uma enfermidade, tens vivido debaixo de \u2018stress\u2019, depress\u00e3o, tristeza?\u00a0 Ou tens algum familiar ou amigo numa situa\u00e7\u00e3o de necessidade seja qual for a sua natureza? \u00a0Que milagre \u00e9 que precisas?<\/p>\n<p>&nbsp;<\/p>\n<p>Sabias que <em>\u201c<span style=\"color: #333399;\">Jesus Cristo \u00e9 o mesmo ontem, hoje e eternamente?\u201d Hebreus 1<\/span>3:8 <\/em>e que <span style=\"color: #333399;\"><em>\u201cDeus n\u00e3o \u00e9 homem para que minta?\u201d N\u00fameros 23: 19<\/em>\u00a0<\/span>\u00a0 Isto \u00e9, o mesmo Jesus que percorria pelas cidades e aldeias ensinando, pregando e curando \u00e9 o mesmo hoje e ser\u00e1 eternamente. Se Ele hoje \u00e9 o mesmo de ontem, \u00a0Ele \u00e9 o mesmo que tem compaix\u00e3o pela tua dor, o teu sofrimento, o fardo que tu carregas.<\/p>\n<p>&nbsp;<\/p>\n<p>Jesus diz-te: <span style=\"color: #333399;\"><em>\u201cVinde a mim todos v\u00f3s que estais cansados e sobrecarregados e eu vos aliviarei\u201d. Mateus 11:28; \u00a0\u201cO Esp\u00edrito do Senhor est\u00e1 sobre mim porque ele me ungiu para anunciar as boas novas aos pobres&#8230; para proclamar liberdade aos cativos, dar vista aos cegos, libertar os oprimidos e anunciar o ano aceit\u00e1vel ao Senhor.\u201d Lucas 4:18<\/em><\/span><\/p>\n<p><em>\u00a0<\/em><\/p>\n<p>Jesus encontra-se no C\u00e9u, sentado \u00e0 dextra de Deus, e pelo seu Esp\u00edrito, que o Pai enviou \u00e0 terra, O Esp\u00edrito Santo, a sua un\u00e7\u00e3o, \u00a0a obra redentora da Gra\u00e7a por Jesus Cristo continua. Quando meditas ou l\u00eas a Palavra de Deus (a B\u00edblia), o Esp\u00edrito Santo fala contigo, te ilumina, sentes \u00e1s vezes como que um \u2018ardor\u2019 por dentro, pois as suas palavras s\u00e3o Esp\u00edrito e Vida!<\/p>\n<p>&nbsp;<\/p>\n<p>Ao vires a Jesus em ora\u00e7\u00e3o, traz o teu pedido diante d\u2019Ele, a tua necessidade, a tua dor, e pede-lhe o milagre que necessitas. A \u00fanica coisa que vais precisar para receberes o milagre que precisas \u00e9 crer em Jesus! <strong>Esta \u00e9 a tua obra, de cr\u00ear n\u2019Ele apenas.<\/strong> \u00a0<strong>A obra de Jesus \u00e9 a de te libertar, curar, salvar.<\/strong>\u00a0 Cr\u00eas tu nisto?<\/p>\n<p>&nbsp;<\/p>\n<p>Dois cegos que seguiram Jesus para serem curados, Ele disse-lhes: <span style=\"color: #333399;\"><em>\u201cCredes v\u00f3s que eu possa fazer isso?\u201d <\/em><\/span>\u00a0E eles responderam, Sim, Senhor.\u00a0 E foram curados. Mateus 9:27,28.\u00a0 Eles apenas creram, Jesus fez o resto.<\/p>\n<p>&nbsp;<\/p>\n<p>Se assim desejares, escreve-nos contando o que estas medita\u00e7\u00f5es tem significado para ti, se tens um pedido de ora\u00e7\u00e3o que queiras partilhar ou se n\u00e3o tens a certeza da tua salva\u00e7\u00e3o escreve-nos para este endere\u00e7o.<\/p>\n<p>&nbsp;<\/p>\n<p><span style=\"color: #ff6600;\">Ora\u00e7\u00e3o:<em>\u00a0 Senhor Deus e Pai, eu creio em Jesus Cristo como meu Senhor, meu Salvador, meu Libertador. Eu te pe\u00e7o que operes um milagre em (diz a tua necessidade). Eu creio que tu podes fazer isso, eu creio no poder de Jesus e eu recebo este milagre, em nome de Jesus! \u00c1men.<\/em><\/span><\/p>\n<p style=\"text-align: center;\">Escrituras da B\u00edblia Sagrada &#8211; Edi\u00e7\u00e3o: AA, AR, NTLH, NVI, EC<\/p>\n<p>[\/et_pb_text][\/et_pb_column][\/et_pb_row][\/et_pb_section]<\/p>\n","protected":false},"excerpt":{"rendered":"<p><div class=\"et_pb_row et_pb_row_0 et_pb_row_empty\">\n\t\t\t\t\n\t\t\t\t\n\t\t\t\t\n\t\t\t\t\n\t\t\t\t\n\t\t\t<\/div> QUE MILAGRE PRECISAS? \u201cE percorria Jesus todas as cidades e aldeias, ensinando, pregando o Evangelho, curando todas as enfermidades e doen\u00e7as entre o povo &#8230; ele tinha grande compaix\u00e3o das multid\u00f5es porque andavam cansadas e abatidas, como ovelhas sem pastor\u201d. Mateus 9:35,36 &nbsp; Andas cansado, abatido com os problemas e dificuldades da vida?\u00a0 Tens [&hellip;]<\/p>\n","protected":false},"author":2,"featured_media":0,"comment_status":"open","ping_status":"open","sticky":false,"template":"","format":"standard","meta":{"_et_pb_use_builder":"on","_et_pb_old_content":"","_et_gb_content_width":"","footnotes":""},"categories":[32],"tags":[],"class_list":["post-499","post","type-post","status-publish","format-standard","hentry","category-fe-cura-e-milagres"],"_links":{"self":[{"href":"https:\/\/meditacoes-da-graca.com\/index.php\/wp-json\/wp\/v2\/posts\/499","targetHints":{"allow":["GET"]}}],"collection":[{"href":"https:\/\/meditacoes-da-graca.com\/index.php\/wp-json\/wp\/v2\/posts"}],"about":[{"href":"https:\/\/meditacoes-da-graca.com\/index.php\/wp-json\/wp\/v2\/types\/post"}],"author":[{"embeddable":true,"href":"https:\/\/meditacoes-da-graca.com\/index.php\/wp-json\/wp\/v2\/users\/2"}],"replies":[{"embeddable":true,"href":"https:\/\/meditacoes-da-graca.com\/index.php\/wp-json\/wp\/v2\/comments?post=499"}],"version-history":[{"count":2,"href":"https:\/\/meditacoes-da-graca.com\/index.php\/wp-json\/wp\/v2\/posts\/499\/revisions"}],"predecessor-version":[{"id":501,"href":"https:\/\/meditacoes-da-graca.com\/index.php\/wp-json\/wp\/v2\/posts\/499\/revisions\/501"}],"wp:attachment":[{"href":"https:\/\/meditacoes-da-graca.com\/index.php\/wp-json\/wp\/v2\/media?parent=499"}],"wp:term":[{"taxonomy":"category","embeddable":true,"href":"https:\/\/meditacoes-da-graca.com\/index.php\/wp-json\/wp\/v2\/categories?post=499"},{"taxonomy":"post_tag","embeddable":true,"href":"https:\/\/meditacoes-da-graca.com\/index.php\/wp-json\/wp\/v2\/tags?post=499"}],"curies":[{"name":"wp","href":"https:\/\/api.w.org\/{rel}","templated":true}]}}