{"id":483,"date":"2017-08-17T09:54:08","date_gmt":"2017-08-17T07:54:08","guid":{"rendered":"http:\/\/meditacoes-da-graca.com\/?p=483"},"modified":"2017-08-17T10:08:24","modified_gmt":"2017-08-17T08:08:24","slug":"o-sopro-de-deus","status":"publish","type":"post","link":"https:\/\/meditacoes-da-graca.com\/index.php\/2017\/08\/17\/o-sopro-de-deus\/","title":{"rendered":"O SOPRO DE DEUS"},"content":{"rendered":"<p>[et_pb_section bb_built=&#8221;1&#8243;][et_pb_row][et_pb_column type=&#8221;4_4&#8243;][et_pb_text _builder_version=&#8221;3.0.59&#8243; background_layout=&#8221;light&#8221; text_orientation=&#8221;left&#8221; border_style=&#8221;solid&#8221;]<\/p>\n<h2 style=\"text-align: center;\">O SOPRO DE DEUS<\/h2>\n<p>[\/et_pb_text][et_pb_text _builder_version=&#8221;3.0.59&#8243; background_layout=&#8221;light&#8221; text_orientation=&#8221;left&#8221; border_style=&#8221;solid&#8221;]<\/p>\n<p><span style=\"color: #000080;\"><em>\u201cFormou o Senhor Deus o homem do p\u00f3 da terra e soprou-lhe nas narinas o f\u00f4lego da vida, e o homem tornou-se alma vivente\u201d. Genesis 2:7<\/em><\/span><\/p>\n<p>&nbsp;<\/p>\n<p>Havia um homem que se encontrava numa situa\u00e7\u00e3o desesperadora. Perdera os seus filhos,\u00a0 o seu neg\u00f3cio, os seus amigos e a sua pr\u00f3pria mulher desistiu dele. Por fim, sozinho e abandonado por tudo e por todos, desenvolveu uma doen\u00e7a incur\u00e1vel e a mais amedrontadora do seu tempo. No seu estado, J\u00f3,\u00a0 orou a Deus e disse: <span style=\"color: #000080;\"><em>\u201cLembra-te, \u00f3 Deus, de que a minha vida \u00e9 um sopro&#8230;\u201d J\u00f3 7: 7.<\/em><\/span><\/p>\n<p>&nbsp;<\/p>\n<p>Vemos no Livro de J\u00f3, onde ele diz: <em><span style=\"color: #000080;\">\u201cO Esp\u00edrito de Deus me fez; o sopro do Todo-poderoso me d\u00e1 vida\u201d. J\u00f3 33:<\/span>4<\/em>\u00a0\u00a0 Mais adiante, faz refer\u00eancia \u00e0 grandeza de Deus: <em>\u00a0<span style=\"color: #000080;\">\u201cO sopro de Deus produz a geada, e as grandes \u00e1guas s\u00e3o congeladas\u201d. J\u00f3 37:10<\/span><\/em><\/p>\n<p>&nbsp;<\/p>\n<p>Ezequiel deparou com outra situa\u00e7\u00e3o j\u00e1 no seu fim, n\u00e3o restava mais nada a fazer,\u00a0 pois j\u00e1 n\u00e3o havia mais vida. Encontrava-se num vale cheio de ossos secos. Deus disse-lhe, profetiza sobre estes ossos: <em>\u201c&#8230; <span style=\"color: #000080;\">Assim diz o Senhor Deus: Vem dos quatro ventos, \u00f3 esp\u00edrito, e assopra sobre estes mortos, para que vivam&#8230; e o esp\u00edrito entrou neles e viveram, e se puseram em p\u00e9&#8230;\u201d Ezequiel 37: 1-14<\/span><\/em><\/p>\n<p>&nbsp;<\/p>\n<p>Daniel, desfalecido, encontrava-se numa situa\u00e7\u00e3o onde disse: \u00a0<em>\u201c<span style=\"color: #000080;\">J\u00e1 n\u00e3o resta for\u00e7a em mim, e n\u00e3o ficou em mim f\u00f4lego\u201d. <\/span><\/em><span style=\"color: #000080;\">\u00a0Dan. 10:17<\/span>\u00a0 H\u00e1 alturas na nossa vida onde nos sentimos sem for\u00e7as para continuarmos a nossa corrida, \u00e9 como quase que nos falta o ar para respirarmos, alturas onde nos encontramos, onde parece que o \u2018<em>f\u00f4lego da vida\u2019 <\/em>\u00a0nos est\u00e1 a faltar.<\/p>\n<p>&nbsp;<\/p>\n<p>Pode ser uma doen\u00e7a que estamos a enfrentar ou a dalgum familiar que nos \u00e9 muito querido, \u00a0ou at\u00e9 mesmo a sua perda, pode ser um filho ou filha que se tenha perdido vivendo de forma rebelde ou at\u00e9 mesmo um casamento ou vida familiar que esteja a se desmoronar, uma depress\u00e3o, \u00a0ou a perda de um emprego e recursos financeiros, enfim, um sonho, uma vis\u00e3o perdida sem esperan\u00e7a, sem futuro.<\/p>\n<p>&nbsp;<\/p>\n<p>Como devemos n\u00f3s enfrentar desde as menores \u00e0s maiores batalhas da nossa vida?\u00a0 O Salmista disse: <em>\u201cOs \u00eddolos das na\u00e7\u00f5es s\u00e3o prata e ouro, obra das m\u00e3os dos homens, t\u00eam boca, mas n\u00e3o falam; tem olhos, mas n\u00e3o v\u00eaem; t\u00eam ouvidos, mas n\u00e3o ouvem: <span style=\"color: #000080;\">n\u00e3o h\u00e1 f\u00f4lego algum na sua boca.\u201d<\/span> Sal. 135:15-17. <\/em>Ser\u00e1 que estes nos ajudar\u00e3o?<\/p>\n<p><em>\u00a0<\/em><\/p>\n<p>O \u00fanico que tem o <em>\u201cf\u00f4lego da vida\u201d<\/em> \u00e9 Deus, o Criador do c\u00e9u, da terra e de toda a humanidade.\u00a0 Ele enviou a Jesus Cristo para nos mostrar o caminho, deu a sua vida na cruz por n\u00f3s e Deus o ressuscitou dentre os mortos.\u00a0 Antes de voltar para o C\u00e9u junto do Pai, apareceu aos seus disc\u00edpulos e disse-lhes: <span style=\"color: #000080;\"><em>\u201cPaz seja convosco&#8230; dizendo isto, soprou sobre eles o Esp\u00edrito Santo\u201d. Jo\u00e3o 20:22<\/em><\/span><\/p>\n<p><em>\u00a0<\/em><\/p>\n<p>Ao leres esta medita\u00e7\u00e3o, ser\u00e1 que te encontras numa situa\u00e7\u00e3o onde careces do \u2018sopro de Deus\u2019 sobre a tua vida e ou circunstancias?\u00a0 Faz ent\u00e3o esta ora\u00e7\u00e3o:<\/p>\n<p>&nbsp;<\/p>\n<p><em><span style=\"color: #ff6600;\">\u201c Deus meu e Pai, vem soprar o teu Esp\u00edrito sobre mim, sopra sobre a minha vida sobre (diz qual a circunstancia), sopra o f\u00f4lego da vida, a for\u00e7a que necessito e manifesta o poder redentor do teu Filho JESUS em mim. Eu recebo o teu Esp\u00edrito e me rendo a Ele e permane\u00e7o no amor e paz em Jesus Cristo. \u00c1men.\u201d<\/span> <\/em><\/p>\n<p><em>\u00a0<\/em><\/p>\n<p style=\"text-align: center;\">Escrituras da B\u00edblia Sagrada &#8211; Edi\u00e7\u00e3o: AA, AR, NTLH, NVI, EC<\/p>\n<p>[\/et_pb_text][\/et_pb_column][\/et_pb_row][\/et_pb_section]<\/p>\n","protected":false},"excerpt":{"rendered":"<p><div class=\"et_pb_row et_pb_row_0 et_pb_row_empty\">\n\t\t\t\t\n\t\t\t\t\n\t\t\t\t\n\t\t\t\t\n\t\t\t\t\n\t\t\t<\/div> O SOPRO DE DEUS \u201cFormou o Senhor Deus o homem do p\u00f3 da terra e soprou-lhe nas narinas o f\u00f4lego da vida, e o homem tornou-se alma vivente\u201d. Genesis 2:7 &nbsp; Havia um homem que se encontrava numa situa\u00e7\u00e3o desesperadora. Perdera os seus filhos,\u00a0 o seu neg\u00f3cio, os seus amigos e a sua pr\u00f3pria [&hellip;]<\/p>\n","protected":false},"author":2,"featured_media":0,"comment_status":"open","ping_status":"open","sticky":false,"template":"","format":"standard","meta":{"_et_pb_use_builder":"on","_et_pb_old_content":"","_et_gb_content_width":"","footnotes":""},"categories":[29],"tags":[],"class_list":["post-483","post","type-post","status-publish","format-standard","hentry","category-vitoria-e-intervencao-divina"],"_links":{"self":[{"href":"https:\/\/meditacoes-da-graca.com\/index.php\/wp-json\/wp\/v2\/posts\/483","targetHints":{"allow":["GET"]}}],"collection":[{"href":"https:\/\/meditacoes-da-graca.com\/index.php\/wp-json\/wp\/v2\/posts"}],"about":[{"href":"https:\/\/meditacoes-da-graca.com\/index.php\/wp-json\/wp\/v2\/types\/post"}],"author":[{"embeddable":true,"href":"https:\/\/meditacoes-da-graca.com\/index.php\/wp-json\/wp\/v2\/users\/2"}],"replies":[{"embeddable":true,"href":"https:\/\/meditacoes-da-graca.com\/index.php\/wp-json\/wp\/v2\/comments?post=483"}],"version-history":[{"count":2,"href":"https:\/\/meditacoes-da-graca.com\/index.php\/wp-json\/wp\/v2\/posts\/483\/revisions"}],"predecessor-version":[{"id":493,"href":"https:\/\/meditacoes-da-graca.com\/index.php\/wp-json\/wp\/v2\/posts\/483\/revisions\/493"}],"wp:attachment":[{"href":"https:\/\/meditacoes-da-graca.com\/index.php\/wp-json\/wp\/v2\/media?parent=483"}],"wp:term":[{"taxonomy":"category","embeddable":true,"href":"https:\/\/meditacoes-da-graca.com\/index.php\/wp-json\/wp\/v2\/categories?post=483"},{"taxonomy":"post_tag","embeddable":true,"href":"https:\/\/meditacoes-da-graca.com\/index.php\/wp-json\/wp\/v2\/tags?post=483"}],"curies":[{"name":"wp","href":"https:\/\/api.w.org\/{rel}","templated":true}]}}