{"id":410,"date":"2017-07-28T10:14:51","date_gmt":"2017-07-28T08:14:51","guid":{"rendered":"http:\/\/meditacoes-da-graca.com\/?p=410"},"modified":"2017-08-11T13:28:22","modified_gmt":"2017-08-11T11:28:22","slug":"testemunhos-sobre-o-poder-da-ceia-do-senhor","status":"publish","type":"post","link":"https:\/\/meditacoes-da-graca.com\/index.php\/2017\/07\/28\/testemunhos-sobre-o-poder-da-ceia-do-senhor\/","title":{"rendered":"TESTEMUNHOS SOBRE O PODER DA CEIA DO SENHOR"},"content":{"rendered":"<p>[et_pb_section bb_built=&#8221;1&#8243;][et_pb_row][et_pb_column type=&#8221;4_4&#8243;][et_pb_text _builder_version=&#8221;3.0.59&#8243; background_layout=&#8221;light&#8221; text_orientation=&#8221;center&#8221; border_style=&#8221;solid&#8221; saved_tabs=&#8221;all&#8221;]<\/p>\n<h2><span style=\"color: #ff6600;\">MEDITA\u00c7\u00d5ES\u00a0 DA\u00a0 GRA\u00c7A\u00a0 DE\u00a0 DEUS<\/span><\/h2>\n<h2><span style=\"color: #000000;\">TESTEMUNHOS SOBRE O PODER DA CEIA DO SENHOR<\/span><\/h2>\n<p>[\/et_pb_text][et_pb_text _builder_version=&#8221;3.0.59&#8243; background_layout=&#8221;light&#8221; text_orientation=&#8221;left&#8221; border_style=&#8221;solid&#8221;]<\/p>\n<p>Aqui abaixo alguns testemunhos poderosos de diversas pessoas &#8230;<\/p>\n<p><strong>\u00a0<\/strong><\/p>\n<p style=\"text-align: center;\"><span style=\"color: #b0924d;\">\u201c<em>O meu marido encontrava-se doente sofrendo de Alzheimer, estava confuso, desnorteado e completamente alterado. Eu n\u00e3o sabia o que fazer, nisto orei a Deus e lembrei-me do poder da Ceia do Senhor.\u00a0 Sozinha em minha casa, preparei a mesa, com o p\u00e3o e o vinho, e chamei o meu marido a participarmos da mesa do Senhor conforme Cor\u00edntios 11. Oramos a Deus e participamos juntos discernindo o corpo de Cristo, \u00a0do p\u00e3o \u00a0simbolizando quando Ele levou sobre si nossas enfermidades,\u00a0 e do vinho, quando Ele verteu o seu sangue para nos perdoar de todos os pecados. \u00a0Deus veio intervir nesta situa\u00e7\u00e3o cr\u00edtica, recebi uma for\u00e7a do C\u00e9u para lidar com esta situa\u00e7\u00e3o.\u00a0 Tive ainda imensa ajuda dos m\u00e9dicos que aceleraram o processo de tratamento sem mais demoras. Deus veio responder \u00e0 minha ora\u00e7\u00e3o.\u201d<\/em><\/span><\/p>\n<p><em>\u00a0<\/em><\/p>\n<p style=\"text-align: center;\"><span style=\"color: #008000;\"><em>\u201cEu vinha a sofrer de depress\u00e3o cr\u00f3nica h\u00e1 muitos anos.\u00a0 Estava completamente dependente de medica\u00e7\u00e3o que cheguei ao ponto de me sentir a enlouquecer. J\u00e1 n\u00e3o conseguia trabalhar e encontrava-me de baixa h\u00e1 muitos meses. Durante esta fase, tive um encontro com Jesus, recebendo-o como meu Senhor e Salvador. Senti uma paz t\u00e3o grande que n\u00e3o conseguia explicar.\u00a0 N\u00e3o sabia porem como enfrentar o meu problema de depress\u00e3o, e encontrava-me num beco sem sa\u00edda. Num certo dia as mesmas pessoas que me falaram de Jesus, falaram-me do poder da Ceia de nosso Senhor. Participamos juntos, e eles oraram por mim. Eu senti que algo se levantou de mim naquele momento.\u00a0 Acabei mudando de m\u00e9dico, e a medica\u00e7\u00e3o foi reduzida para menos de metade e cada vez mais a medica\u00e7\u00e3o est\u00e1 sendo reduzida. J\u00e1 pude recome\u00e7ar a trabalhar, e posso dizer que pelo poder de Deus a minha vida est\u00e1 completamente transformada.\u201d<\/em><\/span><\/p>\n<p><em>\u00a0<\/em><\/p>\n<p style=\"text-align: center;\"><span style=\"color: #003366;\"><em>\u201cUm jovem de 17 anos entrou numa fase muito dif\u00edcil e de rebeldia. Certo dia planeou sair de casa, n\u00e3o era capaz de comunicar com os pais e achava melhor seguir o seu rumo sozinho.\u00a0 Nesse mesmo dia, sem o pai saber de sua inten\u00e7\u00e3o, sentia apenas um ambiente pesado em casa com ele,\u00a0 desejou chamar a fam\u00edlia toda e juntos orarem e participarem da mesa do Senhor. O pai orou tomando autoridade contra todo o esp\u00edrito de rebeli\u00e3o, contra qualquer ataque do inimigo contra cada um individualmente e declarou a paz de Deus e harmonia que Jesus alcan\u00e7ou na cruz por todos n\u00f3s. No dia seguinte, no decorrer do dia, o jovem ainda estava um tanto tenso, como se alguma luta travava-se dentro dele.\u00a0 Chegou o final do dia e acabou ficando muito calmo. Nisto veio pedir desculpa aos pais por sua atitude e procurou uma melhor forma de comunicarem juntos. O fato de todos haverem participado da ceia juntos, teve um impacto muito grande e o poder da cruz mais uma vez venceu em suas vidas\u201d.<\/em><\/span><\/p>\n<p><em>\u00a0<\/em><\/p>\n<p style=\"text-align: center;\"><span style=\"color: #b0924d;\"><em>\u201cUma senhora baixou ao hospital em estado muito critico. Os m\u00e9dicos n\u00e3o tinham mais esperan\u00e7a. A fam\u00edlia veio visit\u00e1-la nos cuidados intensivos e resolveram tomar parte da ceia com ela pedindo a Deus que interviesse na situa\u00e7\u00e3o. Colocaram uma pequena migalha de p\u00e3o e uma gota de sumo de uva na sua boca e juntos oraram. Tr\u00eas dias depois, algo miraculoso aconteceu, a senhora come\u00e7ou a ter melhoras e em pouco tempo teve baixa do hospital.\u201d<\/em><\/span><\/p>\n<p><em>\u00a0<\/em><\/p>\n<p><span style=\"color: #0000ff;\"><em>Apocalipse 12:11 \u201cEles o venceram <strong><u>pelo<\/u><\/strong><strong><u> sangue do Cordeiro<\/u><\/strong> e <strong><u>pela palavra do testemunho<\/u><\/strong> que deram\u201d. <\/em><\/span>\u00a0N\u00f3s todos podemos vencer as maiores batalhas pelo sangue do Cordeiro (Jesus) e a palavra do testemunho.\u00a0 S\u00e3o os testemunhos como estes acima e muitos outros que nos encorajam em f\u00e9!<\/p>\n<p>&nbsp;<\/p>\n<p style=\"text-align: center;\"><strong><em>Tens algum testemunho a partilhar, escreve-nos e conta-nos! Convida um amigo a se subscrever abaixo.<\/em><\/strong><\/p>\n<p style=\"text-align: center;\"><em>\u00a0<\/em><\/p>\n<p style=\"text-align: center;\">Escrituras da B\u00edblia Sagrada: Edi\u00e7\u00e3o Almeida, NIV, B\u00edblia para todos ed.comum<\/p>\n<p style=\"text-align: center;\">Medita\u00e7\u00f5es da Gra\u00e7a de Deus &#8211; Am\u00e9lia Moinheiro<\/p>\n<p>&nbsp;<\/p>\n<p>&nbsp;<\/p>\n<p>[\/et_pb_text][\/et_pb_column][\/et_pb_row][\/et_pb_section]<\/p>\n","protected":false},"excerpt":{"rendered":"<p><div class=\"et_pb_row et_pb_row_0 et_pb_row_empty\">\n\t\t\t\t\n\t\t\t\t\n\t\t\t\t\n\t\t\t\t\n\t\t\t\t\n\t\t\t<\/div> MEDITA\u00c7\u00d5ES\u00a0 DA\u00a0 GRA\u00c7A\u00a0 DE\u00a0 DEUS TESTEMUNHOS SOBRE O PODER DA CEIA DO SENHOR Aqui abaixo alguns testemunhos poderosos de diversas pessoas &#8230; \u00a0 \u201cO meu marido encontrava-se doente sofrendo de Alzheimer, estava confuso, desnorteado e completamente alterado. Eu n\u00e3o sabia o que fazer, nisto orei a Deus e lembrei-me do poder da Ceia do [&hellip;]<\/p>\n","protected":false},"author":1,"featured_media":0,"comment_status":"open","ping_status":"open","sticky":false,"template":"","format":"standard","meta":{"_et_pb_use_builder":"on","_et_pb_old_content":"<p>Aqui abaixo alguns testemunhos poderosos de diversas pessoas ...<\/p><p><strong>\u00a0<\/strong><\/p><p><span style=\"color: #b0924d;\">\u201c<em>O meu marido encontrava-se doente sofrendo de Alzheimer, estava confuso, desnorteado e completamente alterado. Eu n\u00e3o sabia o que fazer, nisto orei a Deus e lembrei-me do poder da Ceia do Senhor.\u00a0 Sozinha em minha casa, preparei a mesa, com o p\u00e3o e o vinho, e chamei o meu marido a participarmos da mesa do Senhor conforme Cor\u00edntios 11. Oramos a Deus e participamos juntos discernindo o corpo de Cristo, \u00a0do p\u00e3o \u00a0simbolizando quando Ele levou sobre si nossas enfermidades,\u00a0 e do vinho, quando Ele verteu o seu sangue para nos perdoar de todos os pecados. \u00a0Deus veio intervir nesta situa\u00e7\u00e3o cr\u00edtica, recebi uma for\u00e7a do C\u00e9u para lidar com esta situa\u00e7\u00e3o.\u00a0 Tive ainda imensa ajuda dos m\u00e9dicos que aceleraram o processo de tratamento sem mais demoras. Deus veio responder \u00e0 minha ora\u00e7\u00e3o.\u201d<\/em><\/span><\/p><p><em>\u00a0<\/em><\/p><p><span style=\"color: #008000;\"><em>\u201cEu vinha a sofrer de depress\u00e3o cr\u00f3nica h\u00e1 muitos anos.\u00a0 Estava completamente dependente de medica\u00e7\u00e3o que cheguei ao ponto de me sentir a enlouquecer. J\u00e1 n\u00e3o conseguia trabalhar e encontrava-me de baixa h\u00e1 muitos meses. Durante esta fase, tive um encontro com Jesus, recebendo-o como meu Senhor e Salvador. Senti uma paz t\u00e3o grande que n\u00e3o conseguia explicar.\u00a0 N\u00e3o sabia porem como enfrentar o meu problema de depress\u00e3o, e encontrava-me num beco sem sa\u00edda. Num certo dia as mesmas pessoas que me falaram de Jesus, falaram-me do poder da Ceia de nosso Senhor. Participamos juntos, e eles oraram por mim. Eu senti que algo se levantou de mim naquele momento.\u00a0 Acabei mudando de m\u00e9dico, e a medica\u00e7\u00e3o foi reduzida para menos de metade e cada vez mais a medica\u00e7\u00e3o est\u00e1 sendo reduzida. J\u00e1 pude recome\u00e7ar a trabalhar, e posso dizer que pelo poder de Deus a minha vida est\u00e1 completamente transformada.\u201d<\/em><\/span><\/p><p><em>\u00a0<\/em><\/p><p><span style=\"color: #0000ff;\"><em>\u201cUm jovem de 17 anos entrou numa fase muito dif\u00edcil e de rebeldia. Certo dia planeou sair de casa, n\u00e3o era capaz de comunicar com os pais e achava melhor seguir o seu rumo sozinho.\u00a0 Nesse mesmo dia, sem o pai saber de sua inten\u00e7\u00e3o, sentia apenas um ambiente pesado em casa com ele,\u00a0 desejou chamar a fam\u00edlia toda e juntos orarem e participarem da mesa do Senhor. O pai orou tomando autoridade contra todo o esp\u00edrito de rebeli\u00e3o, contra qualquer ataque do inimigo contra cada um individualmente e declarou a paz de Deus e harmonia que Jesus alcan\u00e7ou na cruz por todos n\u00f3s. No dia seguinte, no decorrer do dia, o jovem ainda estava um tanto tenso, como se alguma luta travava-se dentro dele.\u00a0 Chegou o final do dia e acabou ficando muito calmo. Nisto veio pedir desculpa aos pais por sua atitude e procurou uma melhor forma de comunicarem juntos. O fato de todos haverem participado da ceia juntos, teve um impacto muito grande e o poder da cruz mais uma vez venceu em suas vidas\u201d.<\/em><\/span><\/p><p><em>\u00a0<\/em><\/p><p><span style=\"color: #b0924d;\"><em>\u201cUma senhora baixou ao hospital em estado muito critico. Os m\u00e9dicos n\u00e3o tinham mais esperan\u00e7a. A fam\u00edlia veio visit\u00e1-la nos cuidados intensivos e resolveram tomar parte da ceia com ela pedindo a Deus que interviesse na situa\u00e7\u00e3o. Colocaram uma pequena migalha de p\u00e3o e uma gota de sumo de uva na sua boca e juntos oraram. Tr\u00eas dias depois, algo miraculoso aconteceu, a senhora come\u00e7ou a ter melhoras e em pouco tempo teve baixa do hospital.\u201d<\/em><\/span><\/p><p><em>\u00a0<\/em><\/p><p><span style=\"color: #0000ff;\"><em>Apocalipse 12:11 \u201cEles o venceram <strong><u>pelo<\/u><\/strong><strong><u> sangue do Cordeiro<\/u><\/strong> e <strong><u>pela palavra do testemunho<\/u><\/strong> que deram\u201d. <\/em><\/span>\u00a0N\u00f3s todos podemos vencer as maiores batalhas pelo sangue do Cordeiro (Jesus) e a palavra do testemunho.\u00a0 S\u00e3o os testemunhos como estes acima e muitos outros que nos encorajam em f\u00e9!<\/p><p>\u00a0<\/p><p><strong><em>Tens algum testemunho a partilhar, escreve-nos e conta-nos! Convida um amigo a se subscrever abaixo.<\/em><\/strong><\/p><p><em>\u00a0<\/em><\/p><p>Escrituras da B\u00edblia Sagrada: Edi\u00e7\u00e3o Almeida, NIV, B\u00edblia para todos ed.comum<\/p><p>Medita\u00e7\u00f5es da Gra\u00e7a de Deus - Am\u00e9lia Moinheiro<\/p><p>\u00a0<\/p><p>\u00a0<\/p>","_et_gb_content_width":"","footnotes":""},"categories":[24],"tags":[],"class_list":["post-410","post","type-post","status-publish","format-standard","hentry","category-outros"],"_links":{"self":[{"href":"https:\/\/meditacoes-da-graca.com\/index.php\/wp-json\/wp\/v2\/posts\/410","targetHints":{"allow":["GET"]}}],"collection":[{"href":"https:\/\/meditacoes-da-graca.com\/index.php\/wp-json\/wp\/v2\/posts"}],"about":[{"href":"https:\/\/meditacoes-da-graca.com\/index.php\/wp-json\/wp\/v2\/types\/post"}],"author":[{"embeddable":true,"href":"https:\/\/meditacoes-da-graca.com\/index.php\/wp-json\/wp\/v2\/users\/1"}],"replies":[{"embeddable":true,"href":"https:\/\/meditacoes-da-graca.com\/index.php\/wp-json\/wp\/v2\/comments?post=410"}],"version-history":[{"count":4,"href":"https:\/\/meditacoes-da-graca.com\/index.php\/wp-json\/wp\/v2\/posts\/410\/revisions"}],"predecessor-version":[{"id":460,"href":"https:\/\/meditacoes-da-graca.com\/index.php\/wp-json\/wp\/v2\/posts\/410\/revisions\/460"}],"wp:attachment":[{"href":"https:\/\/meditacoes-da-graca.com\/index.php\/wp-json\/wp\/v2\/media?parent=410"}],"wp:term":[{"taxonomy":"category","embeddable":true,"href":"https:\/\/meditacoes-da-graca.com\/index.php\/wp-json\/wp\/v2\/categories?post=410"},{"taxonomy":"post_tag","embeddable":true,"href":"https:\/\/meditacoes-da-graca.com\/index.php\/wp-json\/wp\/v2\/tags?post=410"}],"curies":[{"name":"wp","href":"https:\/\/api.w.org\/{rel}","templated":true}]}}