{"id":400,"date":"2017-07-28T09:38:33","date_gmt":"2017-07-28T07:38:33","guid":{"rendered":"http:\/\/meditacoes-da-graca.com\/?p=400"},"modified":"2017-08-11T13:19:18","modified_gmt":"2017-08-11T11:19:18","slug":"grande-e-o-seu-amor","status":"publish","type":"post","link":"https:\/\/meditacoes-da-graca.com\/index.php\/2017\/07\/28\/grande-e-o-seu-amor\/","title":{"rendered":"GRANDE \u00c9 O SEU AMOR"},"content":{"rendered":"<p>[et_pb_section bb_built=&#8221;1&#8243; _builder_version=&#8221;3.0.59&#8243; custom_padding=&#8221;0px|||&#8221;][et_pb_row _builder_version=&#8221;3.0.59&#8243; background_position_1=&#8221;top_left&#8221; background_repeat_1=&#8221;no-repeat&#8221; background_position_2=&#8221;top_left&#8221; background_repeat_2=&#8221;no-repeat&#8221; make_equal=&#8221;on&#8221; make_fullwidth=&#8221;on&#8221;][et_pb_column type=&#8221;4_4&#8243;][et_pb_text _builder_version=&#8221;3.0.59&#8243; background_layout=&#8221;light&#8221; text_orientation=&#8221;center&#8221; border_style=&#8221;solid&#8221; saved_tabs=&#8221;all&#8221;]<\/p>\n<h2><span style=\"color: #ff6600;\">MEDITA\u00c7\u00d5ES\u00a0 DA\u00a0 GRA\u00c7A\u00a0 DE\u00a0 DEUS<\/span><\/h2>\n<h2><span style=\"color: #000000;\">GRANDE \u00c9 O SEU AMOR<\/span><\/h2>\n<p>[\/et_pb_text][et_pb_text _builder_version=&#8221;3.0.59&#8243; background_layout=&#8221;light&#8221; text_orientation=&#8221;left&#8221; border_style=&#8221;solid&#8221;]<\/p>\n<p><span style=\"color: #333399;\"><em>\u201cGrande \u00e9 o seu amor para connosco, e a fidelidade do Senhor dura para sempre\u201d. Sal. 117.2<\/em><\/span><\/p>\n<p>&nbsp;<\/p>\n<p>Deus \u00e9 a fonte do amor.\u00a0 O amor de Deus \u00e9 manifesto em variadas formas. Vemos a grandeza do amor de Deus manifesto atrav\u00e9s da pessoa de Jesus Cristo.\u00a0 N\u00e3o seria poss\u00edvel n\u00f3s sentirmos, entendermos, recebermos o Seu amor, se Deus n\u00e3o tivesse enviado o Seu Filho Jesus.<\/p>\n<p>&nbsp;<\/p>\n<p>Certo dia, enquanto Jesus ensinava os seus disc\u00edpulos, disse-lhes: <em><span style=\"color: #333399;\">\u201cEu sou o caminho, a verdade e a vida. Ningu\u00e9m vem ao Pai, sen\u00e3o por mim\u201d. Jo. 14:6<\/span> <\/em>\u00a0Um dos disc\u00edpulos pediu-lhe que ele lhes mostrasse o Pai.\u00a0 Jesus disse: <span style=\"color: #333399;\"><em>\u201cQuem me v\u00ea, v\u00ea o Pai&#8230; N\u00e3o cr\u00eas que eu estou no Pai e que o Pai est\u00e1 em mim? As palavras que eu vos digo n\u00e3o as digo por mim mesmo. Antes, \u00e9 o Pai que est\u00e1 em mim quem faz as obras.\u201d Jo. 14:10,11<\/em><\/span><\/p>\n<p>&nbsp;<\/p>\n<p>Na par\u00e1bola do filho pr\u00f3digo, Jesus mostrou o amor do Pai, amor este incondicional, \u00a0esperan\u00e7oso pelo regresso do filho a casa por sua livre vontade; amor restaurador,\u00a0 ao receb\u00ea-lo como filho da casa e n\u00e3o como um dos trabalhadores assalariados.<\/p>\n<p>&nbsp;<\/p>\n<p>A forma como o amor \u00e9 interpretado, de forma geral, \u00e9 um sentimento que depende das circunstancias \u00e0 nossa volta. Quando \u00e9 favor\u00e1vel sentimos amor quando n\u00e3o \u00e9 favor\u00e1vel n\u00e3o sentimos amor. Quantas vezes o romance entre um casal acaba com palavras \u2018j\u00e1 n\u00e3o te amo mais\u2019,\u00a0 \u00e9 amor circunstancial.<\/p>\n<p>&nbsp;<\/p>\n<p>O amor de Deus n\u00e3o \u00e9 assim. O Seu amor \u00e9 grande para connosco e este amor \u00e9 fiel,\u00a0 dura para sempre, \u00e9 intermin\u00e1vel.\u00a0<span style=\"color: #333399;\"> <em>\u201cDai gra\u00e7as ao Senhor, pois ele \u00e9 bom; o seu amor dura para sempre&#8230;digam os que temem ao Senhor: o seu amor dura para sempre&#8230;\u201d Sal. 118:1-4<\/em>\u00a0<\/span>\u00a0 In\u00fameras s\u00e3o as vezes que podemos ver nas escrituras o amor de Deus mencionado para connosco.<\/p>\n<p>&nbsp;<\/p>\n<p>Vemos ainda em <span style=\"color: #333399;\">1Jo. 4:9,10 <\/span><em><span style=\"color: #333399;\">\u201cNisto se manifestou o amor de Deus para connosco: em que Deus enviou o seu Filho unig\u00e9nito ao mundo, para que por meio dele vivamos. Nisto est\u00e1 o amor: n\u00e3o em que n\u00f3s tenhamos amado a Deus, mas em que ele nos amou&#8230;\u201d<\/span> <\/em><\/p>\n<p>&nbsp;<\/p>\n<p><span style=\"color: #ff6600;\">Ora\u00e7\u00e3o:<em>\u00a0 Deus meu e Pai, eu te agrade\u00e7o pelo teu amor para comigo,\u00a0 tu me amaste primeiro e enviaste a Jesus para que por meio dele eu possa viver. Eu te amo e dedico a minha vida a ti em nome de Jesus, \u00c1men.<\/em><\/span><\/p>\n<p><em>\u00a0<\/em><\/p>\n<p style=\"text-align: center;\"><span style=\"color: #003366;\"><strong>Escrituras da B\u00edblia Sagrada: AA, AR, NTLH, NVI, EdCom.<\/strong><\/span><\/p>\n<p>[\/et_pb_text][\/et_pb_column][\/et_pb_row][\/et_pb_section]<\/p>\n","protected":false},"excerpt":{"rendered":"<p>MEDITA\u00c7\u00d5ES\u00a0 DA\u00a0 GRA\u00c7A\u00a0 DE\u00a0 DEUS GRANDE \u00c9 O SEU AMOR \u201cGrande \u00e9 o seu amor para connosco, e a fidelidade do Senhor dura para sempre\u201d. Sal. 117.2 &nbsp; Deus \u00e9 a fonte do amor.\u00a0 O amor de Deus \u00e9 manifesto em variadas formas. Vemos a grandeza do amor de Deus manifesto atrav\u00e9s da pessoa de [&hellip;]<\/p>\n","protected":false},"author":2,"featured_media":0,"comment_status":"open","ping_status":"open","sticky":false,"template":"","format":"standard","meta":{"_et_pb_use_builder":"on","_et_pb_old_content":"","_et_gb_content_width":"","footnotes":""},"categories":[33],"tags":[],"class_list":["post-400","post","type-post","status-publish","format-standard","hentry","category-a-graca-de-deus"],"_links":{"self":[{"href":"https:\/\/meditacoes-da-graca.com\/index.php\/wp-json\/wp\/v2\/posts\/400","targetHints":{"allow":["GET"]}}],"collection":[{"href":"https:\/\/meditacoes-da-graca.com\/index.php\/wp-json\/wp\/v2\/posts"}],"about":[{"href":"https:\/\/meditacoes-da-graca.com\/index.php\/wp-json\/wp\/v2\/types\/post"}],"author":[{"embeddable":true,"href":"https:\/\/meditacoes-da-graca.com\/index.php\/wp-json\/wp\/v2\/users\/2"}],"replies":[{"embeddable":true,"href":"https:\/\/meditacoes-da-graca.com\/index.php\/wp-json\/wp\/v2\/comments?post=400"}],"version-history":[{"count":3,"href":"https:\/\/meditacoes-da-graca.com\/index.php\/wp-json\/wp\/v2\/posts\/400\/revisions"}],"predecessor-version":[{"id":454,"href":"https:\/\/meditacoes-da-graca.com\/index.php\/wp-json\/wp\/v2\/posts\/400\/revisions\/454"}],"wp:attachment":[{"href":"https:\/\/meditacoes-da-graca.com\/index.php\/wp-json\/wp\/v2\/media?parent=400"}],"wp:term":[{"taxonomy":"category","embeddable":true,"href":"https:\/\/meditacoes-da-graca.com\/index.php\/wp-json\/wp\/v2\/categories?post=400"},{"taxonomy":"post_tag","embeddable":true,"href":"https:\/\/meditacoes-da-graca.com\/index.php\/wp-json\/wp\/v2\/tags?post=400"}],"curies":[{"name":"wp","href":"https:\/\/api.w.org\/{rel}","templated":true}]}}