{"id":355,"date":"2017-07-27T14:39:38","date_gmt":"2017-07-27T12:39:38","guid":{"rendered":"http:\/\/meditacoes-da-graca.com\/?p=355"},"modified":"2017-09-13T09:36:27","modified_gmt":"2017-09-13T07:36:27","slug":"carta-meditacoes","status":"publish","type":"post","link":"https:\/\/meditacoes-da-graca.com\/index.php\/2017\/07\/27\/carta-meditacoes\/","title":{"rendered":"Estimado leitor,"},"content":{"rendered":"<p>[et_pb_section bb_built=&#8221;1&#8243; _builder_version=&#8221;3.0.59&#8243; custom_padding=&#8221;0px|||&#8221;][et_pb_row _builder_version=&#8221;3.0.59&#8243; background_position_1=&#8221;top_left&#8221; background_repeat_1=&#8221;no-repeat&#8221; background_position_2=&#8221;top_left&#8221; background_repeat_2=&#8221;no-repeat&#8221; make_equal=&#8221;on&#8221; make_fullwidth=&#8221;on&#8221;][et_pb_column type=&#8221;4_4&#8243;][et_pb_text _builder_version=&#8221;3.0.59&#8243; background_layout=&#8221;light&#8221; text_orientation=&#8221;left&#8221; border_style=&#8221;solid&#8221;]<\/p>\n<p><span style=\"color: #003366;\"><img loading=\"lazy\" decoding=\"async\" class=\"size-medium wp-image-359 alignright\" src=\"http:\/\/meditacoes-da-graca.com\/wp-content\/uploads\/2017\/07\/About-us-195x300.jpg\" alt=\"\" width=\"195\" height=\"300\" srcset=\"https:\/\/meditacoes-da-graca.com\/wp-content\/uploads\/2017\/07\/About-us-195x300.jpg 195w, https:\/\/meditacoes-da-graca.com\/wp-content\/uploads\/2017\/07\/About-us.jpg 417w\" sizes=\"(max-width: 195px) 100vw, 195px\" \/>As medita\u00e7\u00f5es da Gra\u00e7a de Deus s\u00e3o enviadas por email uma vez por semana, e tem como objectivo \u00fanico de revelar a pessoa de Jesus Cristo, o Filho de Deus!<\/span><\/p>\n<p>&nbsp;<\/p>\n<p><span style=\"color: #003366;\">As mesmas s\u00e3o com base nos fundamentos da B\u00edblia Sagrada, e todas as refer\u00eancias B\u00edblicas est\u00e3o devidamente indicadas. N\u00e3o se trata de nenhuma religi\u00e3o, antes em estabelecer um relacionamento com Jesus Cristo.<\/span><\/p>\n<p>&nbsp;<\/p>\n<p><span style=\"color: #003366;\">O n\u00famero de leitores tem crescido de centenas para milhares pelo mundo inteiro onde se fala Portugu\u00eas! Temos recebido in\u00fameros testemunhos de pessoas que tem sido encorajadas com a Palavra de Deus, receberam a salva\u00e7\u00e3o, cura para o seu corpo, dire\u00e7\u00e3o para as suas vidas.<\/span><\/p>\n<p>&nbsp;<\/p>\n<p><span style=\"color: #003366;\">V\u00e1rios leitores tem sido profundamente tocados por Deus com estas Medita\u00e7\u00f5es da Gra\u00e7a e tem partilhado connosco o impacto que tem feito em sua vida. Escreva-nos e conte o que Deus tem feito em sua vida, se desejar enviar um pedido de ora\u00e7\u00e3o para ser colocado com os assuntos a levarmos em ora\u00e7\u00e3o a Deus deixe uma mensagem neste blog.<\/span><\/p>\n<p>&nbsp;<\/p>\n<p><span style=\"color: #003366;\">Que a Paz de Deus, o amor de nosso Senhor Jesus Cristo e a comunh\u00e3o do Esp\u00edrito Santo seja sobre cada um!<\/span><\/p>\n<p>&nbsp;<\/p>\n<p style=\"text-align: center;\"><span style=\"color: #ff6600;\"><em>\u201cE este evangelho do Reino ser\u00e1 pregado em todo o mundo, em testemunho a todas as na\u00e7\u00f5es\u201d. Mateus 24:14<\/em><\/span><\/p>\n<p>&nbsp;<\/p>\n<p><span style=\"color: #000080;\">Am\u00e9lia e Ant\u00f3nio Moinheiro \u2013 Medita\u00e7\u00f5es da Gra\u00e7a de Deus<\/span><\/p>\n<p>[\/et_pb_text][\/et_pb_column][\/et_pb_row][\/et_pb_section]<\/p>\n","protected":false},"excerpt":{"rendered":"<p>As medita\u00e7\u00f5es da Gra\u00e7a de Deus s\u00e3o enviadas por email uma vez por semana, e tem como objectivo \u00fanico de revelar a pessoa de Jesus Cristo, o Filho de Deus! &nbsp; As mesmas s\u00e3o com base nos fundamentos da B\u00edblia Sagrada, e todas as refer\u00eancias B\u00edblicas est\u00e3o devidamente indicadas. N\u00e3o se trata de nenhuma religi\u00e3o, [&hellip;]<\/p>\n","protected":false},"author":2,"featured_media":0,"comment_status":"open","ping_status":"open","sticky":false,"template":"","format":"standard","meta":{"_et_pb_use_builder":"on","_et_pb_old_content":"","_et_gb_content_width":"","footnotes":""},"categories":[1],"tags":[],"class_list":["post-355","post","type-post","status-publish","format-standard","hentry","category-uncategorised"],"_links":{"self":[{"href":"https:\/\/meditacoes-da-graca.com\/index.php\/wp-json\/wp\/v2\/posts\/355","targetHints":{"allow":["GET"]}}],"collection":[{"href":"https:\/\/meditacoes-da-graca.com\/index.php\/wp-json\/wp\/v2\/posts"}],"about":[{"href":"https:\/\/meditacoes-da-graca.com\/index.php\/wp-json\/wp\/v2\/types\/post"}],"author":[{"embeddable":true,"href":"https:\/\/meditacoes-da-graca.com\/index.php\/wp-json\/wp\/v2\/users\/2"}],"replies":[{"embeddable":true,"href":"https:\/\/meditacoes-da-graca.com\/index.php\/wp-json\/wp\/v2\/comments?post=355"}],"version-history":[{"count":12,"href":"https:\/\/meditacoes-da-graca.com\/index.php\/wp-json\/wp\/v2\/posts\/355\/revisions"}],"predecessor-version":[{"id":473,"href":"https:\/\/meditacoes-da-graca.com\/index.php\/wp-json\/wp\/v2\/posts\/355\/revisions\/473"}],"wp:attachment":[{"href":"https:\/\/meditacoes-da-graca.com\/index.php\/wp-json\/wp\/v2\/media?parent=355"}],"wp:term":[{"taxonomy":"category","embeddable":true,"href":"https:\/\/meditacoes-da-graca.com\/index.php\/wp-json\/wp\/v2\/categories?post=355"},{"taxonomy":"post_tag","embeddable":true,"href":"https:\/\/meditacoes-da-graca.com\/index.php\/wp-json\/wp\/v2\/tags?post=355"}],"curies":[{"name":"wp","href":"https:\/\/api.w.org\/{rel}","templated":true}]}}