{"id":326,"date":"2017-07-27T12:31:32","date_gmt":"2017-07-27T10:31:32","guid":{"rendered":"http:\/\/meditacoes-da-graca.com\/?p=326"},"modified":"2017-08-11T12:58:33","modified_gmt":"2017-08-11T10:58:33","slug":"meditacoes-da-graca-de-deus-3","status":"publish","type":"post","link":"https:\/\/meditacoes-da-graca.com\/index.php\/2017\/07\/27\/meditacoes-da-graca-de-deus-3\/","title":{"rendered":"RECEBE O VESTIDO, O ANEL E AS SAND\u00c1LIAS&#8230;"},"content":{"rendered":"<p>[et_pb_section bb_built=&#8221;1&#8243;][et_pb_row][et_pb_column type=&#8221;4_4&#8243;][et_pb_text _builder_version=&#8221;3.0.59&#8243; background_layout=&#8221;light&#8221; text_orientation=&#8221;center&#8221; border_style=&#8221;solid&#8221; saved_tabs=&#8221;all&#8221;]<\/p>\n<h2><span style=\"color: #ff6600;\">MEDITA\u00c7\u00d5ES\u00a0 DA\u00a0 GRA\u00c7A\u00a0 DE\u00a0 DEUS<\/span><\/h2>\n<h3>RECEBE O VESTIDO, O ANEL E AS SAND\u00c1LIAS<\/h3>\n<h2><span style=\"color: #000000;\">\u00a0<\/span><\/h2>\n<p>[\/et_pb_text][et_pb_text _builder_version=&#8221;3.0.59&#8243; background_layout=&#8221;light&#8221; text_orientation=&#8221;left&#8221; border_style=&#8221;solid&#8221;]<\/p>\n<p>&nbsp;<\/p>\n<p><span style=\"color: #0000ff;\"><em>\u201cO Pai por\u00e9m disse: Trazei depressa a melhor roupa, vesti-o com ela e ponde-lhe um anel na m\u00e3o e sand\u00e1lias nos p\u00e9s.\u201d Lucas 15: 22<\/em><\/span><\/p>\n<p><em>\u00a0<\/em><\/p>\n<p>Jesus foi o pr\u00f3prio que contou a par\u00e1bola do filho pr\u00f3digo.\u00a0 Em suma, o filho mais novo, ap\u00f3s haver pedido ao pai o que lhe pertencia, foi-se da casa do seu pai tendo desperdi\u00e7ado todos os seus bens e vivendo de forma irrespons\u00e1vel.<\/p>\n<p>&nbsp;<\/p>\n<p>Quando se encontrou sem quaisquer recursos de sobreviv\u00eancia, desamparado, solit\u00e1rio e sem ter que comer, lembrou-se da casa do seu pai, dos trabalhadores da sua casa que n\u00e3o lhes faltava o p\u00e3o na mesa!<\/p>\n<p>&nbsp;<\/p>\n<p>Pensou voltar para casa do pai, mas desta vez, n\u00e3o como filho da casa antes como um dos trabalhadores assalariados. Achou que jamais poderia ser digno de ser considerado como filho, pois havia desperdi\u00e7ado a sua heran\u00e7a vivendo de forma indigna.<\/p>\n<p>&nbsp;<\/p>\n<p>Assim aconteceu com todos n\u00f3s, o nosso pecado nos afastou da casa do nosso Pai Celestial, vivendo uma vida em pecado e separados de Deus, passando necessidades, perdidos e desamparados.<\/p>\n<p>&nbsp;<\/p>\n<p>Vemos no contexto de Lucas 15: 11-24, que o filho pr\u00f3digo quando decidiu voltar, vinha ainda a caminho, quando o Pai viu-o ao longe e se encheu de \u00edntima compaix\u00e3o, correu para ele o abra\u00e7ou e o beijou!\u00a0 Enquanto o filho procurava dizer que j\u00e1 n\u00e3o era digno&#8230; o Pai interrompeu e deu ordens aos seus servos para que lhe colocassem a melhor roupa, um anel na m\u00e3o e sand\u00e1lias nos p\u00e9s.<\/p>\n<p>&nbsp;<\/p>\n<p>Mesmo quando n\u00f3s est\u00e1vamos longe de Deus, Ele se compadeceu de n\u00f3s com \u00edntima compaix\u00e3o, enviou o seu Filho \u00fanico JESUS para nos trazer de novo para a casa do nosso criador, o nosso Pai.<\/p>\n<p>&nbsp;<\/p>\n<p>Fomos vestidos com uma veste nova da justi\u00e7a de Deus, foi-nos colocado um anel na m\u00e3o pois fomos recebidos de novo como filhos da casa e foi-nos colocado sand\u00e1lias nos p\u00e9s para seguirmos a pisadas de Jesus.<\/p>\n<p>&nbsp;<\/p>\n<p>Quando voltamos para casa do nosso Pai, Ele nos recebe em casa como filhos e n\u00e3o como trabalhadores assalariados.\u00a0 Isto \u00e9, n\u00e3o podemos praticar por n\u00f3s pr\u00f3prios as obras para nos tornarmos filhos. <span style=\"color: #0000ff;\"><em>\u201cN\u00e3o por obras de justi\u00e7a que houv\u00e9ssemos feito mas segundo a sua miseric\u00f3rdia &#8230; ele nos salvou.. por meio de Jesus Cristo\u201d. Tito 3:5,6<\/em><\/span><\/p>\n<p>&nbsp;<\/p>\n<p><span style=\"color: #ff6600;\">Ora\u00e7\u00e3o:<em> Meu Deus e Pai, tu me reconciliaste contigo por meio de Jesus, me recebeste como teu filho, me vestiste de novo, um anel colocaste e sand\u00e1lias nos meus p\u00e9s. Ensina-me agora seguir as pisadas de Jesus. \u00a0\u00c1men.<\/em><\/span><\/p>\n<p>&nbsp;<\/p>\n<p style=\"text-align: center;\"><span style=\"color: #003366;\"><strong>Escrituras da B\u00edblia Sagrada: AA, AR, NTLH, NVI, EdCom.<\/strong><\/span><\/p>\n<p>&nbsp;<\/p>\n<p>&nbsp;<\/p>\n<p>[\/et_pb_text][\/et_pb_column][\/et_pb_row][\/et_pb_section]<\/p>\n","protected":false},"excerpt":{"rendered":"<p><div class=\"et_pb_row et_pb_row_0 et_pb_row_empty\">\n\t\t\t\t\n\t\t\t\t\n\t\t\t\t\n\t\t\t\t\n\t\t\t\t\n\t\t\t<\/div> MEDITA\u00c7\u00d5ES\u00a0 DA\u00a0 GRA\u00c7A\u00a0 DE\u00a0 DEUS RECEBE O VESTIDO, O ANEL E AS SAND\u00c1LIAS \u00a0 &nbsp; \u201cO Pai por\u00e9m disse: Trazei depressa a melhor roupa, vesti-o com ela e ponde-lhe um anel na m\u00e3o e sand\u00e1lias nos p\u00e9s.\u201d Lucas 15: 22 \u00a0 Jesus foi o pr\u00f3prio que contou a par\u00e1bola do filho pr\u00f3digo.\u00a0 Em suma, [&hellip;]<\/p>\n","protected":false},"author":1,"featured_media":0,"comment_status":"open","ping_status":"open","sticky":false,"template":"","format":"standard","meta":{"_et_pb_use_builder":"on","_et_pb_old_content":"<p>RECEBE O VESTIDO, O ANEL E AS SAND\u00c1LIAS...<\/p><p>\u00a0<\/p><p><span style=\"color: #0000ff;\"><em>\u201cO Pai por\u00e9m disse: Trazei depressa a melhor roupa, vesti-o com ela e ponde-lhe um anel na m\u00e3o e sand\u00e1lias nos p\u00e9s.\u201d Lucas 15: 22<\/em><\/span><\/p><p><em>\u00a0<\/em><\/p><p>Jesus foi o pr\u00f3prio que contou a par\u00e1bola do filho pr\u00f3digo.\u00a0 Em suma, o filho mais novo, ap\u00f3s haver pedido ao pai o que lhe pertencia, foi-se da casa do seu pai tendo desperdi\u00e7ado todos os seus bens e vivendo de forma irrespons\u00e1vel. \u00a0\u00a0<\/p><p>\u00a0<\/p><p>Quando se encontrou sem quaisquer recursos de sobreviv\u00eancia, desamparado, solit\u00e1rio e sem ter que comer, lembrou-se da casa do seu pai, dos trabalhadores da sua casa que n\u00e3o lhes faltava o p\u00e3o na mesa!<\/p><p>\u00a0<\/p><p>Pensou voltar para casa do pai, mas desta vez, n\u00e3o como filho da casa antes como um dos trabalhadores assalariados. Achou que jamais poderia ser digno de ser considerado como filho, pois havia desperdi\u00e7ado a sua heran\u00e7a vivendo de forma indigna.<\/p><p>\u00a0<\/p><p>Assim aconteceu com todos n\u00f3s, o nosso pecado nos afastou da casa do nosso Pai Celestial, vivendo uma vida em pecado e separados de Deus, passando necessidades, perdidos e desamparados.<\/p><p>\u00a0<\/p><p>Vemos no contexto de Lucas 15: 11-24, que o filho pr\u00f3digo quando decidiu voltar, vinha ainda a caminho, quando o Pai viu-o ao longe e se encheu de \u00edntima compaix\u00e3o, correu para ele o abra\u00e7ou e o beijou!\u00a0 Enquanto o filho procurava dizer que j\u00e1 n\u00e3o era digno... o Pai interrompeu e deu ordens aos seus servos para que lhe colocassem a melhor roupa, um anel na m\u00e3o e sand\u00e1lias nos p\u00e9s.<\/p><p>\u00a0<\/p><p>Mesmo quando n\u00f3s est\u00e1vamos longe de Deus, Ele se compadeceu de n\u00f3s com \u00edntima compaix\u00e3o, enviou o seu Filho \u00fanico JESUS para nos trazer de novo para a casa do nosso criador, o nosso Pai.<\/p><p>\u00a0<\/p><p>Fomos vestidos com uma veste nova da justi\u00e7a de Deus, foi-nos colocado um anel na m\u00e3o pois fomos recebidos de novo como filhos da casa e foi-nos colocado sand\u00e1lias nos p\u00e9s para seguirmos a pisadas de Jesus.<\/p><p>\u00a0<\/p><p>Quando voltamos para casa do nosso Pai, Ele nos recebe em casa como filhos e n\u00e3o como trabalhadores assalariados.\u00a0 Isto \u00e9, n\u00e3o podemos praticar por n\u00f3s pr\u00f3prios as obras para nos tornarmos filhos. <span style=\"color: #0000ff;\"><em>\u201cN\u00e3o por obras de justi\u00e7a que houv\u00e9ssemos feito mas segundo a sua miseric\u00f3rdia ... ele nos salvou.. por meio de Jesus Cristo\u201d. Tito 3:5,6<\/em><\/span><\/p><p>\u00a0<\/p><p><span style=\"color: #ff6600;\">Ora\u00e7\u00e3o:<em> Meu Deus e Pai, tu me reconciliaste contigo por meio de Jesus, me recebeste como teu filho, me vestiste de novo, um anel colocaste e sand\u00e1lias nos meus p\u00e9s. Ensina-me agora seguir as pisadas de Jesus. \u00a0\u00c1men.<\/em><\/span><\/p><p>\u00a0<\/p><p><span style=\"color: #0000ff;\"><strong>Escrituras da B\u00edblia Sagrada: AA, AR, NTLH, NVI, EdCom.<\/strong><\/span><\/p><p>\u00a0<\/p><p>\u00a0<\/p>","_et_gb_content_width":"","footnotes":""},"categories":[33],"tags":[],"class_list":["post-326","post","type-post","status-publish","format-standard","hentry","category-a-graca-de-deus"],"_links":{"self":[{"href":"https:\/\/meditacoes-da-graca.com\/index.php\/wp-json\/wp\/v2\/posts\/326","targetHints":{"allow":["GET"]}}],"collection":[{"href":"https:\/\/meditacoes-da-graca.com\/index.php\/wp-json\/wp\/v2\/posts"}],"about":[{"href":"https:\/\/meditacoes-da-graca.com\/index.php\/wp-json\/wp\/v2\/types\/post"}],"author":[{"embeddable":true,"href":"https:\/\/meditacoes-da-graca.com\/index.php\/wp-json\/wp\/v2\/users\/1"}],"replies":[{"embeddable":true,"href":"https:\/\/meditacoes-da-graca.com\/index.php\/wp-json\/wp\/v2\/comments?post=326"}],"version-history":[{"count":6,"href":"https:\/\/meditacoes-da-graca.com\/index.php\/wp-json\/wp\/v2\/posts\/326\/revisions"}],"predecessor-version":[{"id":446,"href":"https:\/\/meditacoes-da-graca.com\/index.php\/wp-json\/wp\/v2\/posts\/326\/revisions\/446"}],"wp:attachment":[{"href":"https:\/\/meditacoes-da-graca.com\/index.php\/wp-json\/wp\/v2\/media?parent=326"}],"wp:term":[{"taxonomy":"category","embeddable":true,"href":"https:\/\/meditacoes-da-graca.com\/index.php\/wp-json\/wp\/v2\/categories?post=326"},{"taxonomy":"post_tag","embeddable":true,"href":"https:\/\/meditacoes-da-graca.com\/index.php\/wp-json\/wp\/v2\/tags?post=326"}],"curies":[{"name":"wp","href":"https:\/\/api.w.org\/{rel}","templated":true}]}}