{"id":322,"date":"2017-07-27T12:27:57","date_gmt":"2017-07-27T10:27:57","guid":{"rendered":"http:\/\/meditacoes-da-graca.com\/?p=322"},"modified":"2017-08-11T13:05:33","modified_gmt":"2017-08-11T11:05:33","slug":"meditacoes-da-graca-de-deus","status":"publish","type":"post","link":"https:\/\/meditacoes-da-graca.com\/index.php\/2017\/07\/27\/meditacoes-da-graca-de-deus\/","title":{"rendered":"CONDENA\u00c7\u00c3O\u00a0RESULTA EM MORTE"},"content":{"rendered":"<p>[et_pb_section bb_built=&#8221;1&#8243;][et_pb_row][et_pb_column type=&#8221;4_4&#8243;][et_pb_text _builder_version=&#8221;3.0.59&#8243; background_layout=&#8221;light&#8221; text_orientation=&#8221;center&#8221; border_style=&#8221;solid&#8221; saved_tabs=&#8221;all&#8221;]<\/p>\n<h2><span style=\"color: #ff6600;\">MEDITA\u00c7\u00d5ES\u00a0 DA\u00a0 GRA\u00c7A\u00a0 DE\u00a0 DEUS<\/span><\/h2>\n<h2><span style=\"color: #000000;\">CONDENA\u00c7\u00c3O RESULTA EM MORTE<\/span><\/h2>\n<p>[\/et_pb_text][et_pb_text _builder_version=&#8221;3.0.59&#8243; background_layout=&#8221;light&#8221; text_orientation=&#8221;left&#8221; border_style=&#8221;solid&#8221;]<\/p>\n<p><span style=\"color: #0000ff;\"><em>\u201cPortanto, agora nenhuma condena\u00e7\u00e3o h\u00e1 para os que est\u00e3o em Cristo Jesus\u201d Rom.8:1<\/em><\/span><\/p>\n<p><em>\u00a0<\/em><\/p>\n<p>Um cirurgi\u00e3o de renome na pra\u00e7a,\u00a0 homem de sucesso na sua carreira profissional e vida familiar, conhecedor dos ensinos da B\u00edblia,\u00a0 a determinada posi\u00e7\u00e3o \u00a0e no auge do seu \u00eaxito profissional, sem qualquer explica\u00e7\u00e3o, encontrava-se em certos momentos, particularmente os livres, experimentando sintomas de depress\u00e3o e sem desejo de continuar a viver.<\/p>\n<p>&nbsp;<\/p>\n<p>N\u00e3o havia qualquer motivo nem explica\u00e7\u00e3o. Um perito, psic\u00f3logo, procurou intervir, mas n\u00e3o haviam ind\u00edcios quaisquer do que poderia estar a causar essa depress\u00e3o. S\u00f3 restava uma dose de medica\u00e7\u00e3o para \u2018abafar\u2019 ou \u2018atordoar\u2019 a dor que lhe atravessava no seu interior.<\/p>\n<p>&nbsp;<\/p>\n<p>O mesmo, ao receber as Medita\u00e7\u00f5es da Gra\u00e7a de Deus, e ao ter a revela\u00e7\u00e3o da Gra\u00e7a de Deus, chegou \u00e0 conclus\u00e3o, que o que lhe causava a depress\u00e3o, nada mais era que um constante sentimento de culpa, um sentimento de condena\u00e7\u00e3o no seu interior, na sua consci\u00eancia.<\/p>\n<p>&nbsp;<\/p>\n<p>Quando vivemos debaixo da Lei, dos 10 mandamentos e todos os requisitos que a mesma imp\u00f5e, existe sempre dentro de n\u00f3s uma insatisfa\u00e7\u00e3o como que nunca \u00e9 suficiente o que fazemos, falta sempre algo&#8230; e da\u00ed o sentimento de culpa entra e vem nos condenar, pois perante a Lei, todos n\u00f3s de qualquer forma falhamos.<\/p>\n<p>&nbsp;<\/p>\n<p>Lemos em 2 Cor. 3:9 <span style=\"color: #0000ff;\"><em>\u201cSe o minist\u00e9rio da condena\u00e7\u00e3o foi glorioso, muito mais exceder\u00e1 em gl\u00f3ria o minist\u00e9rio da justi\u00e7a\u201d. <\/em><\/span>\u00a0Este minist\u00e9rio da condena\u00e7\u00e3o que foi glorioso, foi o que vemos no monte de Sinai quando os 10 mandamentos foram dados a Mois\u00e9s e que resultaram na morte de muitos devido a eles terem adorado a imagem do bezerro de ouro. (\u00caxodo 32:28)<\/p>\n<p>&nbsp;<\/p>\n<p>Vemos em IJo. 3:20,21 <em><span style=\"color: #0000ff;\">\u201cSe o nosso cora\u00e7\u00e3o nos condena, maior \u00e9 Deus do que o nosso cora\u00e7\u00e3o&#8230; se o cora\u00e7\u00e3o n\u00e3o nos condena, temos confian\u00e7a para com Deus\u201d<\/span>. <\/em>Esta confian\u00e7a \u00e9 na obra redentora de Jesus Cristo por n\u00f3s <span style=\"color: #0000ff;\"><em>\u201cConclu\u00edmos, pois, que o homem \u00e9 justificado pela f\u00e9 (em Jesus), sem as obras da Lei.\u201d Rom.3:28<\/em> <\/span>Este \u00e9 o minist\u00e9rio da justi\u00e7a de Deus.\u00a0 N\u00e3o s\u00e3o as nossas obras que nos justificam, mas sim\u00a0 as de Jesus que vive dentro de n\u00f3s e produz as obras d\u2019Ele em n\u00f3s!<\/p>\n<p>&nbsp;<\/p>\n<p>Entendemos pois, que a condena\u00e7\u00e3o n\u00e3o vem de n\u00f3s mesmos mas \u00a0vem de colocarmos a nossa f\u00e9 na Lei. Quando ganhamos confian\u00e7a na pessoa de Jesus Cristo, e nas suas obras realizadas por n\u00f3s, colocamos a nossa f\u00e9 n\u2019Ele!<\/p>\n<p>&nbsp;<\/p>\n<p><span style=\"color: #ff6600;\">Confiss\u00e3o: <em>Eu n\u00e3o estou mais debaixo do minist\u00e9rio da condena\u00e7\u00e3o, mas sim do minist\u00e9rio da justi\u00e7a, onde Jesus Cristo \u00e9 o meu Senhor!\u00a0\u00a0\u00a0\u00a0\u00a0 <\/em><\/span><\/p>\n<p><em>\u00a0<\/em><\/p>\n<p style=\"text-align: center;\"><span style=\"color: #003366;\"><strong>Escrituras da B\u00edblia Sagrada: AA, AR, NTLH, NVI, EdCom.<\/strong><\/span><\/p>\n<p>&nbsp;<\/p>\n<p>[\/et_pb_text][\/et_pb_column][\/et_pb_row][\/et_pb_section]<\/p>\n","protected":false},"excerpt":{"rendered":"<p><div class=\"et_pb_row et_pb_row_0 et_pb_row_empty\">\n\t\t\t\t\n\t\t\t\t\n\t\t\t\t\n\t\t\t\t\n\t\t\t\t\n\t\t\t<\/div> MEDITA\u00c7\u00d5ES\u00a0 DA\u00a0 GRA\u00c7A\u00a0 DE\u00a0 DEUS CONDENA\u00c7\u00c3O RESULTA EM MORTE \u201cPortanto, agora nenhuma condena\u00e7\u00e3o h\u00e1 para os que est\u00e3o em Cristo Jesus\u201d Rom.8:1 \u00a0 Um cirurgi\u00e3o de renome na pra\u00e7a,\u00a0 homem de sucesso na sua carreira profissional e vida familiar, conhecedor dos ensinos da B\u00edblia,\u00a0 a determinada posi\u00e7\u00e3o \u00a0e no auge do seu \u00eaxito profissional, [&hellip;]<\/p>\n","protected":false},"author":1,"featured_media":0,"comment_status":"open","ping_status":"open","sticky":false,"template":"","format":"standard","meta":{"_et_pb_use_builder":"on","_et_pb_old_content":"<p>CONDENA\u00c7\u00c3O\u00a0 RESULTA EM MORTE<\/p><p>\u00a0<\/p><p><span style=\"color: #0000ff;\"><em>\u201cPortanto, agora nenhuma condena\u00e7\u00e3o h\u00e1 para os que est\u00e3o em Cristo Jesus\u201d Rom.8:1<\/em><\/span><\/p><p><em>\u00a0<\/em><\/p><p>Um cirurgi\u00e3o de renome na pra\u00e7a,\u00a0 homem de sucesso na sua carreira profissional e vida familiar, conhecedor dos ensinos da B\u00edblia,\u00a0 a determinada posi\u00e7\u00e3o \u00a0e no auge do seu \u00eaxito profissional, sem qualquer explica\u00e7\u00e3o, encontrava-se em certos momentos, particularmente os livres, experimentando sintomas de depress\u00e3o e sem desejo de continuar a viver.<\/p><p>\u00a0<\/p><p>N\u00e3o havia qualquer motivo nem explica\u00e7\u00e3o. Um perito, psic\u00f3logo, procurou intervir, mas n\u00e3o haviam ind\u00edcios quaisquer do que poderia estar a causar essa depress\u00e3o. S\u00f3 restava uma dose de medica\u00e7\u00e3o para \u2018abafar\u2019 ou \u2018atordoar\u2019 a dor que lhe atravessava no seu interior.<\/p><p>\u00a0<\/p><p>O mesmo, ao receber as Medita\u00e7\u00f5es da Gra\u00e7a de Deus, e ao ter a revela\u00e7\u00e3o da Gra\u00e7a de Deus, chegou \u00e0 conclus\u00e3o, que o que lhe causava a depress\u00e3o, nada mais era que um constante sentimento de culpa, um sentimento de condena\u00e7\u00e3o no seu interior, na sua consci\u00eancia.<\/p><p>\u00a0<\/p><p>Quando vivemos debaixo da Lei, dos 10 mandamentos e todos os requisitos que a mesma imp\u00f5e, existe sempre dentro de n\u00f3s uma insatisfa\u00e7\u00e3o como que nunca \u00e9 suficiente o que fazemos, falta sempre algo... e da\u00ed o sentimento de culpa entra e vem nos condenar, pois perante a Lei, todos n\u00f3s de qualquer forma falhamos.<\/p><p>\u00a0<\/p><p>Lemos em 2 Cor. 3:9 <span style=\"color: #0000ff;\"><em>\u201cSe o minist\u00e9rio da condena\u00e7\u00e3o foi glorioso, muito mais exceder\u00e1 em gl\u00f3ria o minist\u00e9rio da justi\u00e7a\u201d. <\/em><\/span>\u00a0Este minist\u00e9rio da condena\u00e7\u00e3o que foi glorioso, foi o que vemos no monte de Sinai quando os 10 mandamentos foram dados a Mois\u00e9s e que resultaram na morte de muitos devido a eles terem adorado a imagem do bezerro de ouro. (\u00caxodo 32:28)<\/p><p>\u00a0<\/p><p>Vemos em IJo. 3:20,21 <em><span style=\"color: #0000ff;\">\u201cSe o nosso cora\u00e7\u00e3o nos condena, maior \u00e9 Deus do que o nosso cora\u00e7\u00e3o... se o cora\u00e7\u00e3o n\u00e3o nos condena, temos confian\u00e7a para com Deus\u201d<\/span>. <\/em>Esta confian\u00e7a \u00e9 na obra redentora de Jesus Cristo por n\u00f3s <span style=\"color: #0000ff;\"><em>\u201cConclu\u00edmos, pois, que o homem \u00e9 justificado pela f\u00e9 (em Jesus), sem as obras da Lei.\u201d Rom.3:28<\/em> <\/span>Este \u00e9 o minist\u00e9rio da justi\u00e7a de Deus.\u00a0 N\u00e3o s\u00e3o as nossas obras que nos justificam, mas sim\u00a0 as de Jesus que vive dentro de n\u00f3s e produz as obras d\u2019Ele em n\u00f3s!<\/p><p>\u00a0<\/p><p>Entendemos pois, que a condena\u00e7\u00e3o n\u00e3o vem de n\u00f3s mesmos mas \u00a0vem de colocarmos a nossa f\u00e9 na Lei. Quando ganhamos confian\u00e7a na pessoa de Jesus Cristo, e nas suas obras realizadas por n\u00f3s, colocamos a nossa f\u00e9 n\u2019Ele!<\/p><p>\u00a0<\/p><p><span style=\"color: #ff6600;\">Confiss\u00e3o: <em>Eu n\u00e3o estou mais debaixo do minist\u00e9rio da condena\u00e7\u00e3o, mas sim do minist\u00e9rio da justi\u00e7a, onde Jesus Cristo \u00e9 o meu Senhor!\u00a0\u00a0\u00a0\u00a0\u00a0 <\/em><\/span><\/p><p><em>\u00a0<\/em><\/p><p><span style=\"color: #0000ff;\"><strong>Escrituras da B\u00edblia Sagrada: AA, AR, NTLH, NVI, EdCom.<\/strong><\/span><\/p><p>\u00a0<\/p>","_et_gb_content_width":"","footnotes":""},"categories":[33,24],"tags":[],"class_list":["post-322","post","type-post","status-publish","format-standard","hentry","category-a-graca-de-deus","category-outros"],"_links":{"self":[{"href":"https:\/\/meditacoes-da-graca.com\/index.php\/wp-json\/wp\/v2\/posts\/322","targetHints":{"allow":["GET"]}}],"collection":[{"href":"https:\/\/meditacoes-da-graca.com\/index.php\/wp-json\/wp\/v2\/posts"}],"about":[{"href":"https:\/\/meditacoes-da-graca.com\/index.php\/wp-json\/wp\/v2\/types\/post"}],"author":[{"embeddable":true,"href":"https:\/\/meditacoes-da-graca.com\/index.php\/wp-json\/wp\/v2\/users\/1"}],"replies":[{"embeddable":true,"href":"https:\/\/meditacoes-da-graca.com\/index.php\/wp-json\/wp\/v2\/comments?post=322"}],"version-history":[{"count":6,"href":"https:\/\/meditacoes-da-graca.com\/index.php\/wp-json\/wp\/v2\/posts\/322\/revisions"}],"predecessor-version":[{"id":449,"href":"https:\/\/meditacoes-da-graca.com\/index.php\/wp-json\/wp\/v2\/posts\/322\/revisions\/449"}],"wp:attachment":[{"href":"https:\/\/meditacoes-da-graca.com\/index.php\/wp-json\/wp\/v2\/media?parent=322"}],"wp:term":[{"taxonomy":"category","embeddable":true,"href":"https:\/\/meditacoes-da-graca.com\/index.php\/wp-json\/wp\/v2\/categories?post=322"},{"taxonomy":"post_tag","embeddable":true,"href":"https:\/\/meditacoes-da-graca.com\/index.php\/wp-json\/wp\/v2\/tags?post=322"}],"curies":[{"name":"wp","href":"https:\/\/api.w.org\/{rel}","templated":true}]}}