{"id":1936,"date":"2023-03-09T11:05:25","date_gmt":"2023-03-09T09:05:25","guid":{"rendered":"http:\/\/meditacoes-da-graca.com\/?p=1936"},"modified":"2023-03-09T11:07:49","modified_gmt":"2023-03-09T09:07:49","slug":"uma-caverna-escura-na-vida","status":"publish","type":"post","link":"https:\/\/meditacoes-da-graca.com\/index.php\/2023\/03\/09\/uma-caverna-escura-na-vida\/","title":{"rendered":"UMA CAVERNA ESCURA NA VIDA&#8230;"},"content":{"rendered":"<p>[et_pb_section fb_built=&#8221;1&#8243; fullwidth=&#8221;on&#8221; _builder_version=&#8221;3.22&#8243; custom_padding=&#8221;0px|||&#8221;][et_pb_fullwidth_image src=&#8221;http:\/\/meditacoes-da-graca.com\/wp-content\/uploads\/2017\/09\/Header-Image-new-9.jpg&#8221; _builder_version=&#8221;3.0.87&#8243; custom_margin=&#8221;0px||0px|&#8221; animation=&#8221;off&#8221; border_style=&#8221;solid&#8221; global_module=&#8221;328&#8243; saved_tabs=&#8221;all&#8221;][\/et_pb_fullwidth_image][\/et_pb_section][et_pb_section fb_built=&#8221;1&#8243; _builder_version=&#8221;3.22&#8243; custom_padding=&#8221;0px|||&#8221;][et_pb_row make_equal=&#8221;on&#8221; module_class=&#8221; et_pb_row_fullwidth&#8221; _builder_version=&#8221;3.25&#8243; width=&#8221;94%&#8221; width_tablet=&#8221;80%&#8221; width_phone=&#8221;&#8221; width_last_edited=&#8221;on|desktop&#8221; max_width=&#8221;94%&#8221; max_width_tablet=&#8221;80%&#8221; max_width_phone=&#8221;&#8221; max_width_last_edited=&#8221;on|desktop&#8221; make_fullwidth=&#8221;on&#8221;][et_pb_column type=&#8221;4_4&#8243; _builder_version=&#8221;3.25&#8243; background_position=&#8221;top_left&#8221; custom_padding=&#8221;|||&#8221; custom_padding__hover=&#8221;|||&#8221;][et_pb_text _builder_version=&#8221;3.27.4&#8243; border_style=&#8221;solid&#8221;]<\/p>\n<p style=\"text-align: center;\"><span style=\"font-size: large;\"><strong>UMA CAVERNA ESCURA NA VIDA &#8230;<\/strong><\/span><\/p>\n<p><span>\u00a0<\/span><\/p>\n<p><span>\u00a0<\/span><span style=\"font-size: large;\">J\u00e1 alguma vez te encontraste num beco amedrontado em tua vida, tal como uma caverna \u00a0fria e escura, sem destino e sem saberes onde \u00e9 a sa\u00edda?\u00a0 Ou, talvez, j\u00e1 te habituaste tanto a este lugar que passou a ser o teu lugar forte, lugar de esconderijo e abrigo? \u00a0Poder\u00e1s at\u00e9 pensar que foi Deus que te guiou a este lugar?<\/span><\/p>\n<p><span style=\"font-size: large;\">\u00a0<\/span><\/p>\n<p style=\"text-align: center;\"><span style=\"font-size: large;\"><strong>&#8230; Sabe hoje que Deus n\u00e3o envia ningu\u00e9m<br \/>\u00a0para uma caverna fria, nenhum lugar escuro!<\/strong><\/span><\/p>\n<p><span style=\"font-size: large;\">\u00a0<\/span><\/p>\n<p style=\"text-align: center;\"><span style=\"font-size: large;\">\u00a0<\/span><span style=\"font-size: large;\">Uma celebridade conhecida, ap\u00f3s uma grande demonstra\u00e7\u00e3o de f\u00e9 e esp\u00edrito her\u00f3ico, depois de uma amea\u00e7a de uma impostora, fugiu 40 dias e 40 noites a caminho do deserto e foi se esconder numa caverna!\u00a0 Bem escondido ou n\u00e3o, Deus o encontrou e perguntou-lhe<strong>:\u00a0 \u201cO que \u00e9 que est\u00e1s a fazer aqui?\u201d <\/strong>1 Reis 19<\/span><\/p>\n<p style=\"text-align: center;\"><span style=\"font-size: large;\">\u00a0<\/span><span style=\"font-size: large;\">\u00a0<\/span><\/p>\n<p><span style=\"font-size: large;\">Vemos aqui nesta narra\u00e7\u00e3o B\u00edblica que se Deus perguntou a Elias o que \u00e9 que ele estava a fazer na caverna, <strong>\u00e9 porque n\u00e3o foi Deus que o enviou para l\u00e1!<\/strong> <\/span><\/p>\n<p>\u00a0<span style=\"font-size: large;\">\u00a0<\/span><\/p>\n<p><span style=\"font-size: large;\">Talvez podes estar a pensar na tua caverna da vida que, no teu caso, n\u00e3o foi por nenhum ato her\u00f3ico tu haveres parado neste lugar escuro e at\u00e9 te sintas culpado e tenhas vergonha de algum erro cometido, de algo que te tenha feito trope\u00e7ar e teres perdido o teu caminho&#8230;<\/span><\/p>\n<p style=\"text-align: center;\"><span style=\"font-size: large;\">\u00a0<\/span><\/p>\n<p style=\"text-align: center;\"><span style=\"font-size: large;\">&#8230;\u00a0 Sabe hoje que Deus n\u00e3o envia o maior pecador<br \/>de castigo para um lugar escuro!<br \/><strong>&#8230; Antes Ele tomou o teu lugar no t\u00famulo escuro<br \/>e ressuscitou ao terceiro dia para te dar vida!<\/strong><\/span><span style=\"font-size: large;\">\u00a0<\/span><\/p>\n<p style=\"text-align: center;\"><span style=\"font-size: large;\">\u00a0<\/span><\/p>\n<p style=\"text-align: center;\"><span style=\"font-size: large;\">Seja qual for a tua situa\u00e7\u00e3o ao leres esta medita\u00e7\u00e3o &#8230;<\/span><\/p>\n<p style=\"text-align: center;\"><span style=\"font-size: large;\">\u00a0<\/span><\/p>\n<p style=\"text-align: center;\"><span style=\"font-size: large;\">&#8230; Sabe hoje que uma \u2018caverna na vida\u2019<br \/>n\u00e3o serve para esconderijo, abrigo nem consolo,<br \/>n\u00e3o serve para nada&#8230;<br \/><strong>apenas serve de t\u00famulo para os teus sonhos, o teu potencial, <br \/>a chamada de Deus em tua vida!<\/strong><\/span><\/p>\n<p style=\"text-align: center;\"><strong style=\"font-size: large;\">\u00a0<\/strong><\/p>\n<p style=\"text-align: center;\"><span style=\"font-size: large;\">Sai desta tua caverna \u2013 t\u00famulo, <\/span><br \/><span style=\"font-size: large;\">deste lugar frio e escuro onde possas te encontrar,<\/span><\/p>\n<p style=\"text-align: center;\"><span style=\"font-size: large;\">Vai ao encontro da Luz&#8230; e ver\u00e1s a tua sa\u00edda&#8230;<\/span><\/p>\n<p style=\"text-align: center;\"><span style=\"font-size: large;\">Elias ouviu a voz do Senhor que lhe disse:<\/span><br \/><span style=\"font-size: large;\">\u201cSai para fora &#8230;\u201d 1 Reis 19:11<\/span><\/p>\n<p style=\"text-align: center;\"><span style=\"font-size: large;\">\u00a0<\/span><\/p>\n<p style=\"text-align: center;\"><span style=\"font-size: large;\">\u00a0<\/span><\/p>\n<p style=\"text-align: center;\"><span style=\"font-size: large;\"><strong>Sai para fora<\/strong>&#8230; <\/span><br \/><span style=\"font-size: large;\">de uma vida de derrota, depress\u00e3o, isolamento&#8230;<\/span><br \/><span style=\"font-size: large;\">vem ao encontro de Jesus ressureto que te chama<\/span><br \/><span style=\"font-size: large;\"><strong>\u00a0e conhece &#8230;<\/strong> <strong>o Seu plano para a tua vida!<\/strong><\/span><\/p>\n<p style=\"text-align: center;\"><span style=\"font-size: large;\"><strong>\u00a0<\/strong><\/span><\/p>\n<p style=\"text-align: center;\"><span style=\"font-size: large; color: #0c71c3;\"><strong><sup>\u00a0<\/sup><\/strong>Porque eu sei os planos que tenho para voc\u00eas\u201d, diz o\u00a0Senhor. <\/span><br \/><span style=\"font-size: large; color: #0c71c3;\"><strong>\u201cS\u00e3o planos de bem, e n\u00e3o de mal, para lhes dar o futuro pelo qual anseiam.\u201d<\/strong> <\/span><br \/><span style=\"font-size: large; color: #0c71c3;\">Jeremias 29:11 NVT<\/span><\/p>\n<p style=\"text-align: center;\"><span style=\"font-size: large;\"><strong>\u00a0<\/strong><\/span><\/p>\n<p style=\"text-align: center;\"><span style=\"font-size: large;\"><strong><em>\u00a0 \u00a0 \u00a0 \u00a0 \u00a0 \u00a0 \u00a0 \u00a0 \u00a0 \u00a0 \u00a0 \u00a0 \u00a0 \u00a0 \u00a0 \u00a0 \u00a0 \u00a0 \u00a0 \u00a0 \u00a0 \u00a0 \u00a0 \u00a0 \u00a0 \u00a0 \u00a0 \u00a0 \u00a0 \u00a0 \u00a0 \u00a0 \u00a0 \u00a0 \u00a0 &#8230; continua proxima medita\u00e7\u00e3o &#8230;<\/em><\/strong><\/span><\/p>\n<p style=\"text-align: center;\"><span style=\"font-size: large;\">\u00a0<\/span><\/p>\n<p style=\"text-align: center;\"><span style=\"font-size: large;\"><strong>Envia esta medita\u00e7\u00e3o para teus familiares e amigos e <br \/>convida-os a se subscreverem abaixo<\/strong><\/span><\/p>\n<p><span style=\"font-size: large;\">\u00a0<\/span><\/p>\n<p><span style=\"font-size: large; color: #e09900;\">Ora\u00e7\u00e3o:<em> Vem Senhor meu Deus, pelo Poder do teu Santo Esp\u00edrito, vem me iluminar, mostra-me o caminho para frente&#8230; eu declaro a Jesus Cristo como o Senhor da minha vida e recebo o Seu perd\u00e3o pelos meus pecados \u2013 possibilita-me Senhor a sa\u00edr desta situa\u00e7\u00e3o &#8230; (diz-lhe aqui qual) e liberta-me no nome de Jesus, Am\u00e9m.<\/em><\/span><\/p>\n<p><span style=\"font-size: large;\"><em>\u00a0<\/em><\/span><em style=\"font-size: large;\">\u00a0<\/em><\/p>\n<p style=\"text-align: center;\"><span style=\"font-size: large;\">Visita o instagram:<strong> meditacoes_da_graca\u00a0 <\/strong><\/span><\/p>\n<p style=\"text-align: center;\"><span style=\"font-size: large;\"><strong>Visita o facebook :\u00a0 Medita\u00e7oes_da_Gra\u00e7a<\/strong><\/span><\/p>\n<p style=\"text-align: center;\"><span style=\"font-size: large;\">\u00a0<\/span><\/p>\n<p style=\"text-align: center;\"><span style=\"font-size: large;\">Am\u00e9lia e Ant\u00f3nio Moinheiro \u2013 Medita\u00e7\u00f5es da Gra\u00e7a de Deus<\/span><\/p>\n<p>[\/et_pb_text][\/et_pb_column][\/et_pb_row][\/et_pb_section]<\/p>\n","protected":false},"excerpt":{"rendered":"<p>UMA CAVERNA ESCURA NA VIDA &#8230; \u00a0 \u00a0J\u00e1 alguma vez te encontraste num beco amedrontado em tua vida, tal como uma caverna \u00a0fria e escura, sem destino e sem saberes onde \u00e9 a sa\u00edda?\u00a0 Ou, talvez, j\u00e1 te habituaste tanto a este lugar que passou a ser o teu lugar forte, lugar de esconderijo e [&hellip;]<\/p>\n","protected":false},"author":4,"featured_media":0,"comment_status":"closed","ping_status":"closed","sticky":false,"template":"","format":"standard","meta":{"_et_pb_use_builder":"on","_et_pb_old_content":"","_et_gb_content_width":"","footnotes":""},"categories":[33],"tags":[],"class_list":["post-1936","post","type-post","status-publish","format-standard","hentry","category-a-graca-de-deus"],"_links":{"self":[{"href":"https:\/\/meditacoes-da-graca.com\/index.php\/wp-json\/wp\/v2\/posts\/1936","targetHints":{"allow":["GET"]}}],"collection":[{"href":"https:\/\/meditacoes-da-graca.com\/index.php\/wp-json\/wp\/v2\/posts"}],"about":[{"href":"https:\/\/meditacoes-da-graca.com\/index.php\/wp-json\/wp\/v2\/types\/post"}],"author":[{"embeddable":true,"href":"https:\/\/meditacoes-da-graca.com\/index.php\/wp-json\/wp\/v2\/users\/4"}],"replies":[{"embeddable":true,"href":"https:\/\/meditacoes-da-graca.com\/index.php\/wp-json\/wp\/v2\/comments?post=1936"}],"version-history":[{"count":3,"href":"https:\/\/meditacoes-da-graca.com\/index.php\/wp-json\/wp\/v2\/posts\/1936\/revisions"}],"predecessor-version":[{"id":1940,"href":"https:\/\/meditacoes-da-graca.com\/index.php\/wp-json\/wp\/v2\/posts\/1936\/revisions\/1940"}],"wp:attachment":[{"href":"https:\/\/meditacoes-da-graca.com\/index.php\/wp-json\/wp\/v2\/media?parent=1936"}],"wp:term":[{"taxonomy":"category","embeddable":true,"href":"https:\/\/meditacoes-da-graca.com\/index.php\/wp-json\/wp\/v2\/categories?post=1936"},{"taxonomy":"post_tag","embeddable":true,"href":"https:\/\/meditacoes-da-graca.com\/index.php\/wp-json\/wp\/v2\/tags?post=1936"}],"curies":[{"name":"wp","href":"https:\/\/api.w.org\/{rel}","templated":true}]}}