{"id":1927,"date":"2022-07-21T12:49:50","date_gmt":"2022-07-21T10:49:50","guid":{"rendered":"https:\/\/meditacoes-da-graca.com\/?p=1927"},"modified":"2022-07-21T12:50:02","modified_gmt":"2022-07-21T10:50:02","slug":"de-volta-a-estaca-zero","status":"publish","type":"post","link":"https:\/\/meditacoes-da-graca.com\/index.php\/2022\/07\/21\/de-volta-a-estaca-zero\/","title":{"rendered":"DE VOLTA \u00c0 ESTACA ZERO&#8230;"},"content":{"rendered":"<p>[et_pb_section fb_built=&#8221;1&#8243; fullwidth=&#8221;on&#8221; _builder_version=&#8221;3.22&#8243; custom_padding=&#8221;0px|||&#8221;][et_pb_fullwidth_image src=&#8221;http:\/\/meditacoes-da-graca.com\/wp-content\/uploads\/2017\/09\/Header-Image-new-9.jpg&#8221; _builder_version=&#8221;3.0.87&#8243; custom_margin=&#8221;0px||0px|&#8221; animation=&#8221;off&#8221; border_style=&#8221;solid&#8221; global_module=&#8221;328&#8243; saved_tabs=&#8221;all&#8221;][\/et_pb_fullwidth_image][\/et_pb_section][et_pb_section fb_built=&#8221;1&#8243; _builder_version=&#8221;3.22&#8243; custom_padding=&#8221;0px|||&#8221;][et_pb_row make_equal=&#8221;on&#8221; module_class=&#8221; et_pb_row_fullwidth&#8221; _builder_version=&#8221;3.25&#8243; width=&#8221;94%&#8221; width_tablet=&#8221;80%&#8221; width_last_edited=&#8221;on|desktop&#8221; max_width=&#8221;94%&#8221; max_width_tablet=&#8221;80%&#8221; max_width_last_edited=&#8221;on|desktop&#8221; make_fullwidth=&#8221;on&#8221;][et_pb_column type=&#8221;4_4&#8243; _builder_version=&#8221;3.25&#8243; background_position=&#8221;top_left&#8221; custom_padding=&#8221;|||&#8221; custom_padding__hover=&#8221;|||&#8221;][et_pb_text _builder_version=&#8221;3.27.4&#8243; border_style=&#8221;solid&#8221;]<\/p>\n<p>&nbsp;<\/p>\n<p style=\"text-align: center;\"><span style=\"font-size: large;\"><strong>DE VOLTA \u00c0 ESTACA ZERO&#8230;<\/strong><\/span><\/p>\n<p>&nbsp;<\/p>\n<p style=\"text-align: center;\"><span style=\"color: #0c71c3;\">E o\u00a0Senhor\u00a0disse a Mois\u00e9s: <\/span><br \/><span style=\"color: #0c71c3;\">\u201cAt\u00e9 quando este povo <strong>me tratar\u00e1 com pouco caso?<\/strong> <\/span><br \/><span style=\"color: #0c71c3;\">At\u00e9 quando <strong>se recusar\u00e1 a cr\u00ear em mim<\/strong>, <\/span><br \/><span style=\"color: #0c71c3;\">apesar de todos os sinais que realizei entre eles?\u201d <\/span><br \/><span style=\"color: #0c71c3;\">N\u00fameros 14:11 NVI<\/span><\/p>\n<p style=\"text-align: center;\">Ap\u00f3s o povo de Israel haver presenciado milagres como jamais vistos, tal como a sua liberta\u00e7\u00e3o como escravos do Egito, a travessia pelo mar vermelho a seco, enquanto que os eg\u00edpcios que os perseguiram morreram afogados&#8230; ap\u00f3s estes e outros milagres, Deus pergunta a Mois\u00e9s <strong>at\u00e9 quando o povo o tratar\u00e1 com pouco caso e se recusa a cr\u00ear n\u2019Ele apesar de todos os sinais que Ele realizou entre eles?<\/strong><\/p>\n<p style=\"text-align: center;\"><strong>\u00a0<\/strong><\/p>\n<p style=\"text-align: center;\">Ao estarem t\u00e3o pr\u00f3ximos de entrarem e possuirem a terra prometida, ap\u00f3s terem expiado o territ\u00f3rio durante 40 dias, tendo constatado que de fato era uma terra pr\u00f3spera, n\u00e3o creram que seria poss\u00edvel vencerem os gigantes da terra nem derrubar as suas fortalezas e, por conseguinte, <strong>em vez de atravessarem para a terra prometida, voltaram \u00e0 estaca zero<\/strong>:<\/p>\n<p style=\"text-align: center;\">\n<p style=\"text-align: center;\"><span style=\"color: #0c71c3;\">Nenhum deles ver\u00e1 sequer a terra que prometi aos seus antepassados.\u00a0<strong><sup>\u00a0<br \/><\/sup><\/strong>No entanto, o meu servo Calebe obedeceu-me inteiramente; <\/span><br \/><span style=\"color: #0c71c3;\"><strong>houve nele uma atitude diferente.<\/strong> <\/span><br \/><span style=\"color: #0c71c3;\"><u>A ele, lev\u00e1-lo-ei at\u00e9 \u00e0 terra que foi observar, <br \/>e os seus descendentes possui-la-\u00e3o.<\/u><\/span><\/p>\n<p style=\"text-align: center;\"><span style=\"color: #0c71c3;\"><strong>\u00a0<br \/><\/strong><\/span><span style=\"color: #0c71c3;\"><strong>Agora, deem meia-volta e n\u00e3o sigam rumo \u00e0 terra<\/strong> <\/span><br \/><span style=\"color: #0c71c3;\">onde habitam os amalequitas e cananeus (a terra prometida).<\/span><br \/><span style=\"color: #0c71c3;\">Amanh\u00e3 partir\u00e3o para o deserto, em dire\u00e7\u00e3o ao mar Vermelho\u201d.<br \/><\/span><span style=\"color: #0c71c3;\">N\u00fameros 14:23-25 NVT<\/span><\/p>\n<p style=\"text-align: center;\"><span style=\"color: #0c71c3;\"><\/span><\/p>\n<p style=\"text-align: left;\">O povo de Israel voltou aqui \u00e0 \u2018estaca zero\u2019. Foi-lhes ordenado por Deus <strong>para darem meia volta e voltarem de novo para o deserto <\/strong>em dire\u00e7\u00e3o ao mar Vermelho de onde tinham acabado de chegar, s\u00f3 que agora, iriam ficar l\u00e1 40 anos, um ano por cada um dos 40 dias que os 12 homens passaram na terra prometida a observar e dos quais dez deles desprezaram a Deus com sua rebeldia e desprezo e, influenciaram o povo de igual modo.<\/p>\n<p style=\"text-align: left;\">\n<p style=\"text-align: left;\">Quando tens uma \u2018atitude diferente\u2019,\u00a0 isto \u00e9,\u00a0 uma atitude de f\u00e9, confian\u00e7a e depend\u00eancia em Deus:<\/p>\n<p style=\"text-align: center;\"><em>&#8211; Deus se agrada de ti quando colocas a tua f\u00e9 n\u2019Ele<\/em><\/p>\n<p style=\"text-align: center;\"><em>&#8211; \u00c9 a f\u00e9 em Deus que te possibilita a receberes as Suas ben\u00e7\u00e3os<br \/>&#8211; <strong>Os teus descendentes tambem ser\u00e3o aben\u00e7oados<\/strong> <br \/>&#8211; A tua confian\u00e7a e depend\u00eancia em Deus leva-te \u00e0 tua terra prometida<\/em><\/p>\n<p style=\"text-align: center;\"><em>&#8211; <strong>A tua obedi\u00eancia \u00e0 dire\u00e7\u00e3o de Deus em tua vida abre o teu \u2018mar vermelho\u2019, faz cair as muralhas dos impedimentos, derruba os \u2018gigantes\u2019 que te afrontam&#8230;<\/strong><\/em><\/p>\n<p>&nbsp;<\/p>\n<p style=\"text-align: center;\">N\u00e3o trates os milagres, os sinais, as maravilhas que Deus tem feito ao longo da tua vida com \u2018pouco caso\u2019, n\u00e3o as desprezes, nem as ignores.\u00a0 Tem uma atitude diferente, uma atitude de f\u00e9.\u00a0 <br \/><strong>Esta f\u00e9 n\u00e3o \u00e9 em ti, esta f\u00e9 \u00e9 em Deus, na sua pessoa e no seu poder!<\/strong><\/p>\n<p style=\"text-align: center;\"><strong>\u00a0<\/strong><\/p>\n<p style=\"text-align: center;\"><strong>N\u00e3o voltes \u00e0 \u2018estaca zero\u2019.<br \/>Avan\u00e7a no poder do Esp\u00edrito Santo <br \/>para as promessas do Senhor para a tua vida!<\/strong><\/p>\n<p style=\"text-align: center;\"><strong> <\/strong><\/p>\n<p style=\"text-align: center;\"><strong><\/strong><\/p>\n<p style=\"text-align: center;\"><span style=\"color: #0c71c3;\"><strong>Livremo-nos de todo peso que nos torna vagarosos <\/strong><\/span><br \/><span style=\"color: #0c71c3;\">e do pecado que nos atrapalha, <\/span><br \/><span style=\"color: #0c71c3;\"><strong>e corramos com perseveran\u00e7a<\/strong> <\/span><br \/><span style=\"color: #0c71c3;\">a corrida que foi posta diante de n\u00f3s. <\/span><br \/><span style=\"color: #0c71c3;\">Hebreus 12:1,2 NVT<\/span><\/p>\n<p><span style=\"color: #e09900;\">Ora\u00e7\u00e3o:<em> Senhor meu Deus eu deposito TODA A MINHA CONFIAN\u00c7A em TI&#8230; n\u00e3o nas minhas circunst\u00e2ncias, n\u00e3o em mim pr\u00f3prio ou nas minhas capacidades, n\u00e3o nas pessoas \u00e0 minha volta, n\u00e3o em igrejas, n\u00e3o em l\u00edderes religiosos, n\u00e3o em teorias de homens, nem em pol\u00edticas das na\u00e7\u00f5es&#8230; eu coloco a minha confian\u00e7a UNICAMENTE EM TI\u00a0 meu Deus, <strong>vem Santo Esp\u00edrito de Deus e renova em mim uma \u2018atitude diferente\u2019<\/strong>, uma de agrado a Deus Pai, em nome de Jesus, Am\u00e9m! <\/em><\/span><\/p>\n<p style=\"text-align: center;\"><em>\u00a0<\/em><em>\u00a0<br \/><\/em><span>Visita o instagram:<strong> meditacoes_da_graca\u00a0 <br \/><\/strong><\/span><strong><span>Visita o facebook :\u00a0 Medita\u00e7oes_da_Gra\u00e7a<\/span><\/strong><\/p>\n<p style=\"text-align: center;\">Am\u00e9lia e Ant\u00f3nio Moinheiro \u2013 Medita\u00e7\u00f5es da Gra\u00e7a de Deus<\/p>\n<p>[\/et_pb_text][\/et_pb_column][\/et_pb_row][\/et_pb_section]<\/p>\n","protected":false},"excerpt":{"rendered":"<p>&nbsp; DE VOLTA \u00c0 ESTACA ZERO&#8230; &nbsp; E o\u00a0Senhor\u00a0disse a Mois\u00e9s: \u201cAt\u00e9 quando este povo me tratar\u00e1 com pouco caso? At\u00e9 quando se recusar\u00e1 a cr\u00ear em mim, apesar de todos os sinais que realizei entre eles?\u201d N\u00fameros 14:11 NVI Ap\u00f3s o povo de Israel haver presenciado milagres como jamais vistos, tal como a sua [&hellip;]<\/p>\n","protected":false},"author":4,"featured_media":0,"comment_status":"closed","ping_status":"closed","sticky":false,"template":"","format":"standard","meta":{"_et_pb_use_builder":"on","_et_pb_old_content":"","_et_gb_content_width":"","footnotes":""},"categories":[33],"tags":[],"class_list":["post-1927","post","type-post","status-publish","format-standard","hentry","category-a-graca-de-deus"],"_links":{"self":[{"href":"https:\/\/meditacoes-da-graca.com\/index.php\/wp-json\/wp\/v2\/posts\/1927","targetHints":{"allow":["GET"]}}],"collection":[{"href":"https:\/\/meditacoes-da-graca.com\/index.php\/wp-json\/wp\/v2\/posts"}],"about":[{"href":"https:\/\/meditacoes-da-graca.com\/index.php\/wp-json\/wp\/v2\/types\/post"}],"author":[{"embeddable":true,"href":"https:\/\/meditacoes-da-graca.com\/index.php\/wp-json\/wp\/v2\/users\/4"}],"replies":[{"embeddable":true,"href":"https:\/\/meditacoes-da-graca.com\/index.php\/wp-json\/wp\/v2\/comments?post=1927"}],"version-history":[{"count":2,"href":"https:\/\/meditacoes-da-graca.com\/index.php\/wp-json\/wp\/v2\/posts\/1927\/revisions"}],"predecessor-version":[{"id":1930,"href":"https:\/\/meditacoes-da-graca.com\/index.php\/wp-json\/wp\/v2\/posts\/1927\/revisions\/1930"}],"wp:attachment":[{"href":"https:\/\/meditacoes-da-graca.com\/index.php\/wp-json\/wp\/v2\/media?parent=1927"}],"wp:term":[{"taxonomy":"category","embeddable":true,"href":"https:\/\/meditacoes-da-graca.com\/index.php\/wp-json\/wp\/v2\/categories?post=1927"},{"taxonomy":"post_tag","embeddable":true,"href":"https:\/\/meditacoes-da-graca.com\/index.php\/wp-json\/wp\/v2\/tags?post=1927"}],"curies":[{"name":"wp","href":"https:\/\/api.w.org\/{rel}","templated":true}]}}