{"id":1865,"date":"2022-03-10T21:37:07","date_gmt":"2022-03-10T19:37:07","guid":{"rendered":"https:\/\/meditacoes-da-graca.com\/?p=1865"},"modified":"2022-03-10T21:40:06","modified_gmt":"2022-03-10T19:40:06","slug":"tempos-de-refrigerio","status":"publish","type":"post","link":"https:\/\/meditacoes-da-graca.com\/index.php\/2022\/03\/10\/tempos-de-refrigerio\/","title":{"rendered":"TEMPOS DE REFRIG\u00c9RIO&#8230;"},"content":{"rendered":"<p>[et_pb_section fb_built=&#8221;1&#8243; fullwidth=&#8221;on&#8221; _builder_version=&#8221;3.22&#8243; custom_padding=&#8221;0px|||&#8221;][et_pb_fullwidth_image src=&#8221;http:\/\/meditacoes-da-graca.com\/wp-content\/uploads\/2017\/09\/Header-Image-new-9.jpg&#8221; _builder_version=&#8221;3.0.87&#8243; custom_margin=&#8221;0px||0px|&#8221; animation=&#8221;off&#8221; border_style=&#8221;solid&#8221; global_module=&#8221;328&#8243; saved_tabs=&#8221;all&#8221;][\/et_pb_fullwidth_image][\/et_pb_section][et_pb_section fb_built=&#8221;1&#8243; _builder_version=&#8221;3.22&#8243; custom_padding=&#8221;0px|||&#8221;][et_pb_row make_equal=&#8221;on&#8221; module_class=&#8221; et_pb_row_fullwidth&#8221; _builder_version=&#8221;3.25&#8243; width=&#8221;94%&#8221; width_tablet=&#8221;80%&#8221; width_phone=&#8221;&#8221; width_last_edited=&#8221;on|desktop&#8221; max_width=&#8221;94%&#8221; max_width_tablet=&#8221;80%&#8221; max_width_phone=&#8221;&#8221; max_width_last_edited=&#8221;on|desktop&#8221; make_fullwidth=&#8221;on&#8221;][et_pb_column type=&#8221;4_4&#8243; _builder_version=&#8221;3.25&#8243; background_position=&#8221;top_left&#8221; custom_padding=&#8221;|||&#8221; custom_padding__hover=&#8221;|||&#8221;][et_pb_text _builder_version=&#8221;4.9.4&#8243; custom_padding=&#8221;||503px|36px||&#8221; border_style=&#8221;solid&#8221;]<\/p>\n<p>&nbsp;<\/p>\n<p style=\"text-align: center;\"><span style=\"font-size: x-large;\"><strong>TEMPOS DE REFRIG\u00c9RIO&#8230;<\/strong><\/span><\/p>\n<p><strong><span>\u00a0<\/span><\/strong><\/p>\n<p>&nbsp;<\/p>\n<p style=\"text-align: center;\"><span style=\"font-size: large;\"><strong>Tempos de refrig\u00e9rio S\u00c3O RESULTANT<\/strong><strong>ES DE ESTAR na Presen\u00e7a do Senhor &#8230;.<\/strong><\/span><\/p>\n<p><span style=\"font-size: large;\"><strong> <\/strong><\/span><\/p>\n<p><span style=\"font-size: large;\"><strong><\/strong><\/span><\/p>\n<p style=\"text-align: center;\"><span style=\"font-size: large;\"><em>.<span style=\"color: #0c71c3;\">.. <strong>E\u00a0 venham, assim, os tempos do refrig\u00e9rio pela presen\u00e7a do Senhor.<\/strong>\u00a0<\/span><br \/><span style=\"color: #0c71c3;\">Atos 3:19<\/span><\/em><\/span><\/p>\n<p style=\"text-align: center;\"><span style=\"color: #0c71c3; font-size: large;\"><strong><em>A lei do\u00a0Senhor\u00a0\u00e9\u00a0perfeita e refrigera a alma;<\/em><\/strong><em><br \/>o testemunho do\u00a0Senhor\u00a0\u00e9\u00a0fiel e d\u00e1 sabedoria aos s\u00edmplices.<br \/>Salmo 19:7 ARC<\/em><\/span><\/p>\n<p style=\"text-align: center;\"><span style=\"font-size: large;\"><span style=\"color: #0c71c3;\"><em>O\u00a0<\/em><em>Senhor<\/em><em> \u00e9\u00a0o meu pastor; nada me faltar\u00e1.<br \/><sup><\/sup><\/em><\/span><span style=\"color: #0c71c3;\"><em>Deitar-me faz em verdes pastos,<br \/><strong>guia-me mansamente a \u00e1guas tranquilas. Refrigera a minha alma;<\/strong><br \/>guia-me pelas veredas da justi\u00e7a por amor do seu nome.<br \/>Salmo 23:1-3 ARC<\/em><\/span><\/span><\/p>\n<p style=\"text-align: center;\"><span style=\"color: #0c71c3; font-size: large;\"><em>\u00a0<\/em><\/span><\/p>\n<p style=\"text-align: center;\"><span style=\"color: #0c71c3; font-size: large;\"><em>Deste chuvas generosas, \u00f3 Deus;<\/em><em><br \/><strong>refrescaste a tua heran\u00e7a exausta.<\/strong><\/em><\/span><\/p>\n<p style=\"text-align: center;\"><span style=\"color: #0c71c3; font-size: large;\"><em>Salmo 68:9 NVI<\/em><\/span><\/p>\n<p style=\"text-align: center;\"><span style=\"color: #0c71c3; font-size: large;\"><em>\u00a0<\/em><\/span><\/p>\n<p style=\"text-align: center;\"><span style=\"color: #0c71c3; font-size: large;\"><strong><em>Refrescarei os sedentos e fortalecerei os que estiverem enfraquecidos.<\/em><\/strong><\/span><\/p>\n<p style=\"text-align: center;\"><span style=\"color: #0c71c3; font-size: large;\"><em>Jeremias 31:25 VFL<\/em><\/span><\/p>\n<p style=\"text-align: center;\"><span style=\"color: #0c71c3; font-size: large;\"><em>\u00a0<\/em><\/span><\/p>\n<p style=\"text-align: center;\"><span style=\"color: #0c71c3; font-size: large;\"><em>Quem revigora outros ser\u00e1 revigorado.<br \/>Prov\u00e9rbios 11:25 NVT<br \/><\/em><em>Por isso tudo fomos revigorados.<br \/>Al\u00e9m de encorajados, ficamos mais contentes ainda &#8230;<br \/><strong>porque seu esp\u00edrito recebeu refrig\u00e9rio de todos voc\u00eas. <\/strong><br \/>2 Cor\u00edntios 7:13 NVI<\/em><\/span><\/p>\n<p style=\"text-align: center;\"><span style=\"color: #0c71c3; font-size: large;\"><em>\u00a0<\/em><\/span><\/p>\n<p style=\"text-align: center;\"><span style=\"color: #0c71c3; font-size: large;\"><strong><em>Reanime (refresca) o meu cora\u00e7\u00e3o em Cristo!<br \/><\/em><\/strong><em>Filem\u00f3n 1:20 NVI<\/em><\/span><\/p>\n<p style=\"text-align: center;\"><span style=\"font-size: large;\">\u00a0<\/span><\/p>\n<p style=\"text-align: center;\"><span style=\"color: #e09900; font-size: large;\">Ora\u00e7\u00e3o:<em> Senhor meu Deus, em Tua Presen\u00e7a eu sou saciado! Refrigera a minha alma, refresca todo o meu ser com a Tua Presen\u00e7a e fortalece-me quando exausto! Em nome de Jesus Cristo, Am\u00e9m.<\/em><\/span><\/p>\n<p style=\"text-align: center;\"><span style=\"font-size: large;\"><em>\u00a0<\/em><\/span><\/p>\n<p style=\"text-align: center;\"><span style=\"font-size: large;\"><em>\u00a0<\/em><\/span><\/p>\n<p style=\"text-align: center;\"><span style=\"font-size: large;\">Visita o instagram:<strong> meditacoes_da_graca\u00a0 <\/strong><\/span><\/p>\n<p style=\"text-align: center;\"><span style=\"font-size: large;\"><strong>Visita o facebook :\u00a0 Medita\u00e7oes_da_Gra\u00e7a<\/strong><\/span><\/p>\n<p style=\"text-align: center;\"><span style=\"font-size: large;\">Am\u00e9lia e Ant\u00f3nio Moinheiro \u2013 Medita\u00e7\u00f5es da Gra\u00e7a de Deus<\/span><\/p>\n<p>[\/et_pb_text][\/et_pb_column][\/et_pb_row][\/et_pb_section]<\/p>\n","protected":false},"excerpt":{"rendered":"<p>&nbsp; TEMPOS DE REFRIG\u00c9RIO&#8230; \u00a0 &nbsp; Tempos de refrig\u00e9rio S\u00c3O RESULTANTES DE ESTAR na Presen\u00e7a do Senhor &#8230;. &#8230; E\u00a0 venham, assim, os tempos do refrig\u00e9rio pela presen\u00e7a do Senhor.\u00a0Atos 3:19 A lei do\u00a0Senhor\u00a0\u00e9\u00a0perfeita e refrigera a alma;o testemunho do\u00a0Senhor\u00a0\u00e9\u00a0fiel e d\u00e1 sabedoria aos s\u00edmplices.Salmo 19:7 ARC O\u00a0Senhor \u00e9\u00a0o meu pastor; nada me faltar\u00e1.Deitar-me faz [&hellip;]<\/p>\n","protected":false},"author":4,"featured_media":0,"comment_status":"closed","ping_status":"closed","sticky":false,"template":"","format":"standard","meta":{"_et_pb_use_builder":"on","_et_pb_old_content":"","_et_gb_content_width":"","footnotes":""},"categories":[33],"tags":[],"class_list":["post-1865","post","type-post","status-publish","format-standard","hentry","category-a-graca-de-deus"],"_links":{"self":[{"href":"https:\/\/meditacoes-da-graca.com\/index.php\/wp-json\/wp\/v2\/posts\/1865","targetHints":{"allow":["GET"]}}],"collection":[{"href":"https:\/\/meditacoes-da-graca.com\/index.php\/wp-json\/wp\/v2\/posts"}],"about":[{"href":"https:\/\/meditacoes-da-graca.com\/index.php\/wp-json\/wp\/v2\/types\/post"}],"author":[{"embeddable":true,"href":"https:\/\/meditacoes-da-graca.com\/index.php\/wp-json\/wp\/v2\/users\/4"}],"replies":[{"embeddable":true,"href":"https:\/\/meditacoes-da-graca.com\/index.php\/wp-json\/wp\/v2\/comments?post=1865"}],"version-history":[{"count":4,"href":"https:\/\/meditacoes-da-graca.com\/index.php\/wp-json\/wp\/v2\/posts\/1865\/revisions"}],"predecessor-version":[{"id":1870,"href":"https:\/\/meditacoes-da-graca.com\/index.php\/wp-json\/wp\/v2\/posts\/1865\/revisions\/1870"}],"wp:attachment":[{"href":"https:\/\/meditacoes-da-graca.com\/index.php\/wp-json\/wp\/v2\/media?parent=1865"}],"wp:term":[{"taxonomy":"category","embeddable":true,"href":"https:\/\/meditacoes-da-graca.com\/index.php\/wp-json\/wp\/v2\/categories?post=1865"},{"taxonomy":"post_tag","embeddable":true,"href":"https:\/\/meditacoes-da-graca.com\/index.php\/wp-json\/wp\/v2\/tags?post=1865"}],"curies":[{"name":"wp","href":"https:\/\/api.w.org\/{rel}","templated":true}]}}