{"id":1860,"date":"2022-03-10T21:20:51","date_gmt":"2022-03-10T19:20:51","guid":{"rendered":"https:\/\/meditacoes-da-graca.com\/?p=1860"},"modified":"2022-03-10T21:20:51","modified_gmt":"2022-03-10T19:20:51","slug":"mais-segredos-da-presenca-divina","status":"publish","type":"post","link":"https:\/\/meditacoes-da-graca.com\/index.php\/2022\/03\/10\/mais-segredos-da-presenca-divina\/","title":{"rendered":"MAIS SEGREDOS DA PRESEN\u00c7A DIVINA&#8230;"},"content":{"rendered":"<p>[et_pb_section fb_built=&#8221;1&#8243; fullwidth=&#8221;on&#8221; _builder_version=&#8221;3.22&#8243; custom_padding=&#8221;0px|||&#8221;][et_pb_fullwidth_image src=&#8221;http:\/\/meditacoes-da-graca.com\/wp-content\/uploads\/2017\/09\/Header-Image-new-9.jpg&#8221; _builder_version=&#8221;3.0.87&#8243; custom_margin=&#8221;0px||0px|&#8221; animation=&#8221;off&#8221; border_style=&#8221;solid&#8221; global_module=&#8221;328&#8243; saved_tabs=&#8221;all&#8221;][\/et_pb_fullwidth_image][\/et_pb_section][et_pb_section fb_built=&#8221;1&#8243; _builder_version=&#8221;3.22&#8243; custom_padding=&#8221;0px|||&#8221;][et_pb_row make_equal=&#8221;on&#8221; module_class=&#8221; et_pb_row_fullwidth&#8221; _builder_version=&#8221;3.25&#8243; width=&#8221;94%&#8221; width_tablet=&#8221;80%&#8221; width_last_edited=&#8221;on|desktop&#8221; max_width=&#8221;94%&#8221; max_width_tablet=&#8221;80%&#8221; max_width_last_edited=&#8221;on|desktop&#8221; make_fullwidth=&#8221;on&#8221;][et_pb_column type=&#8221;4_4&#8243; _builder_version=&#8221;3.25&#8243; background_position=&#8221;top_left&#8221; custom_padding=&#8221;|||&#8221; custom_padding__hover=&#8221;|||&#8221;][et_pb_text _builder_version=&#8221;3.27.4&#8243; border_style=&#8221;solid&#8221; custom_padding=&#8221;6px|||||&#8221;]<\/p>\n<p>&nbsp;<\/p>\n<p>&nbsp;<\/p>\n<p style=\"text-align: center;\"><strong><span style=\"font-size: large;\">MAIS SEGREDOS DA PRESEN\u00c7A DIVINA&#8230;<\/span><\/strong><\/p>\n<p><span>\u00a0<\/span><\/p>\n<p><span>\u00a0<\/span><strong><span>\u00a0<\/span><\/strong><\/p>\n<p style=\"text-align: center;\"><span style=\"font-size: large;\"><strong>A Presen\u00e7a do Senhor \u00e9 a for\u00e7a motivadora!<\/strong><\/span><\/p>\n<p style=\"text-align: center;\"><span style=\"color: #0c71c3; font-size: large;\"><strong><em><sup>\u00a0<\/sup><\/em><\/strong><em>Ent\u00e3o, disse-lhe<strong>: Se a tua presen\u00e7a n\u00e3o for\u00a0conosco,\u00a0n\u00e3o nos fa\u00e7as subir daqui.<\/strong><\/em><\/span><\/p>\n<p style=\"text-align: center;\"><span style=\"color: #0c71c3; font-size: large;\">\u00caxodo 33:15 ARC<\/span><\/p>\n<p style=\"text-align: center;\"><span style=\"font-size: large;\"><strong>\u00a0<\/strong><\/span><\/p>\n<p style=\"text-align: center;\"><span style=\"font-size: large;\"><strong>\u00a0<\/strong><strong>A Presen\u00e7a do Senhor \u00e9 para o teu bem. <\/strong><br \/><span style=\"color: #0c71c3;\">\u00c9 o teu ref\u00fagio. \u00c9 a tua vit\u00f3ria para que contes aos outros&#8230;<\/span><br \/><span style=\"color: #0c71c3;\"><em>Mas, para mim, bom\u00a0\u00e9\u00a0aproximar-me de Deus; <br \/>pus a minha confian\u00e7a no\u00a0Senhor\u00a0Deus, para anunciar todas as tuas obras.<br \/>Salmo 73:28 ARC<\/em><\/span><\/span><\/p>\n<p style=\"text-align: center;\"><span style=\"font-size: large;\"><strong>\u00a0<\/strong><strong>\u00a0<\/strong><\/span><\/p>\n<p style=\"text-align: center;\"><span style=\"font-size: large;\"><strong>A Presen\u00e7a do Senhor \u00e9 que te d\u00e1 descanso!<br \/><\/strong><span style=\"color: #0c71c3;\"><strong><sup>\u00a0<\/sup><\/strong><em>Disse, pois: Ir\u00e1 a minha presen\u00e7a\u00a0contigo\u00a0para te fazer descansar.<\/em><\/span><\/span><\/p>\n<p style=\"text-align: center;\"><span style=\"color: #0c71c3; font-size: large;\"><em>\u00caxodo 33:14 ARC<\/em><\/span><br \/><span style=\"font-size: large;\"><strong>\u00a0<\/strong><\/span><\/p>\n<p style=\"text-align: center;\"><span style=\"font-size: large;\"><strong>A Presen\u00e7a do Senhor enche a casa! N\u00e3o h\u00e1 falta&#8230;<br \/><\/strong><span style=\"color: #0c71c3;\"><strong><sup>\u00a0<\/sup><\/strong><em>Com isso, os sacerdotes n\u00e3o puderam dar continuidade a seus servi\u00e7os, <br \/>pois <strong>a presen\u00e7a gloriosa do\u00a0Senhor\u00a0encheu o templo<\/strong> de Deus.<\/em><\/span><\/span><\/p>\n<p style=\"text-align: center;\"><span style=\"color: #0c71c3; font-size: large;\"><strong><em>2 Cr\u00f3nicas 5:14<\/em><\/strong><\/span><\/p>\n<p style=\"text-align: center;\"><span style=\"font-size: large;\"><strong>\u00a0<\/strong><\/span><\/p>\n<p style=\"text-align: center;\"><span style=\"font-size: large;\"><strong>\u00a0<\/strong><strong>A Presen\u00e7a torna-te um \u2018mestre de obra\u2019, torna-te o prazer de Deus, <br \/>e o teu regozijo perante Deus!<\/strong> <\/span><br \/><span style=\"font-size: large;\">\u00a0\u00a0\u00a0<span style=\"color: #0c71c3;\">\u00a0<\/span><span style=\"color: #0c71c3;\"><em>Eu estava com Ele, ao seu lado, como mestre de obra.<\/em><em><br \/>Eu era o Seu prazer todos os dias e estava sempre alegre ao Seu lado.<br \/>Proverbs 8:30<\/em><\/span><\/span><\/p>\n<p style=\"text-align: center;\"><span style=\"font-size: large;\"><em>\u00a0<\/em><\/span><\/p>\n<p style=\"text-align: center;\"><span style=\"font-size: large;\"><strong>\u00a0<\/strong><strong>A Presen\u00e7a do Senhor \u00e9 a tua prote\u00e7\u00e3o e abund\u00e2ncia de ben\u00e7\u00e3os!<br \/><\/strong><span style=\"color: #0c71c3;\"><em>O Senhor tem muitas b\u00ean\u00e7\u00e3os reservadas<\/em><em> para aqueles que o honram.<br \/>O Senhor as preparou e \u00e0 vista de todos,<br \/><\/em><em>\u00a0\u00a0\u00a0\u00a0<\/em><em>para d\u00e1-las \u00e0queles que confiam no Senhor para sua prote\u00e7\u00e3o.<\/em><em><br \/><\/em><em>\u00a0<\/em><a href=\"https:\/\/dailyverses.net\/psalms\/31\/19\" style=\"color: #0c71c3;\"><em>Salmo 31:19<\/em><\/a><em> VFL<\/em><\/span><\/span><\/p>\n<p style=\"text-align: center;\"><span style=\"color: #0c71c3; font-size: large;\"><em><\/em><\/span><\/p>\n<p style=\"text-align: center;\"><span style=\"color: #0c71c3; font-size: large;\"><em><\/em><\/span><\/p>\n<p style=\"text-align: center;\"><span style=\"font-size: large;\"><strong>A Presen\u00e7a do Senhor refresca a tua alma e traz cura para o teu corpo!<\/strong><\/span><\/p>\n<p style=\"text-align: center;\"><span style=\"color: #0c71c3; font-size: large;\"><em><sup>\u00a0<\/sup><\/em><em>Refrescarei os sedentos e fortalecerei os que estiverem enfraquecidos. <br \/>Jeremias 31:25 VFL<\/em><\/span><\/p>\n<p style=\"text-align: center;\"><span style=\"color: #0c71c3; font-size: large;\"><strong><em>Isso dar\u00e1 sa\u00fade ao seu corpo<\/em><\/strong><strong><em><br \/><\/em><\/strong><strong><em>\u00a0\u00a0\u00a0\u00a0<\/em><\/strong><strong><em>e o refrescar\u00e1 por dentro<\/em><\/strong><em>.<\/em><\/span><\/p>\n<p style=\"text-align: center;\"><span style=\"color: #0c71c3; font-size: large;\"><em>Prov\u00e9rbios 3:8 VFL<\/em><\/span><\/p>\n<p style=\"text-align: center;\"><span style=\"font-size: large;\"><em>\u00a0<\/em><em>\u00a0<\/em><\/span><\/p>\n<p style=\"text-align: center;\"><span style=\"font-size: large;\"><strong>A Presen\u00e7a do Senhor faz-te inabal\u00e1vel!<\/strong><\/span><\/p>\n<p style=\"text-align: center;\"><span style=\"font-size: large;\"><strong><em><sup>\u00a0<\/sup><\/em><\/strong><span style=\"color: #0c71c3;\"><em>Tenho posto o\u00a0Senhor\u00a0continuamente diante de mim; <br \/>por isso que\u00a0ele est\u00e1\u00a0\u00e0 minha m\u00e3o direita, nunca vacilarei. <br \/>Salmo 16:8 ARC<\/em><\/span><\/span><\/p>\n<p style=\"text-align: center;\"><span style=\"font-size: large;\"><strong>\u00a0<\/strong><strong>\u00a0<\/strong><\/span><\/p>\n<p style=\"text-align: center;\"><span style=\"color: #e09900; font-size: large;\">Ora\u00e7\u00e3o:<em> Obrigado Senhor pois a Tua Presen\u00e7a em minha vida torna-me inabal\u00e1vel! <br \/>Tu me refrescas e me fortaleces quando enfraquecido. <br \/>Enches a minha casa com as tuas abundantes ben\u00e7\u00e3os, fazes-me mestre de obra e unges a minha cabe\u00e7a com \u00f3leo diante dos meus competitores. <br \/>A tua Presen\u00e7a Senhor faz-me descansar! Obrigado! Obrigado! Obrigado Jesus!<\/em><\/span><\/p>\n<p style=\"text-align: center;\"><span style=\"font-size: large;\"><em>\u00a0<\/em><\/span><\/p>\n<p style=\"text-align: center;\"><span style=\"font-size: large;\">Visita o instagram:<strong> meditacoes_da_graca<\/strong><\/span><\/p>\n<p style=\"text-align: center;\"><span style=\"font-size: large;\"><strong>Visita o facebook :\u00a0 Medita\u00e7oes_da_Gra\u00e7a<\/strong>\u00a0<\/span><\/p>\n<p style=\"text-align: center;\"><span style=\"font-size: large;\">Am\u00e9lia e Ant\u00f3nio Moinheiro \u2013 Medita\u00e7\u00f5es da Gra\u00e7a de Deus<\/span><\/p>\n<p>[\/et_pb_text][\/et_pb_column][\/et_pb_row][\/et_pb_section]<\/p>\n","protected":false},"excerpt":{"rendered":"<p>&nbsp; &nbsp; MAIS SEGREDOS DA PRESEN\u00c7A DIVINA&#8230; \u00a0 \u00a0\u00a0 A Presen\u00e7a do Senhor \u00e9 a for\u00e7a motivadora! \u00a0Ent\u00e3o, disse-lhe: Se a tua presen\u00e7a n\u00e3o for\u00a0conosco,\u00a0n\u00e3o nos fa\u00e7as subir daqui. \u00caxodo 33:15 ARC \u00a0 \u00a0A Presen\u00e7a do Senhor \u00e9 para o teu bem. \u00c9 o teu ref\u00fagio. \u00c9 a tua vit\u00f3ria para que contes aos outros&#8230;Mas, [&hellip;]<\/p>\n","protected":false},"author":4,"featured_media":0,"comment_status":"closed","ping_status":"closed","sticky":false,"template":"","format":"standard","meta":{"_et_pb_use_builder":"on","_et_pb_old_content":"","_et_gb_content_width":"","footnotes":""},"categories":[33],"tags":[],"class_list":["post-1860","post","type-post","status-publish","format-standard","hentry","category-a-graca-de-deus"],"_links":{"self":[{"href":"https:\/\/meditacoes-da-graca.com\/index.php\/wp-json\/wp\/v2\/posts\/1860","targetHints":{"allow":["GET"]}}],"collection":[{"href":"https:\/\/meditacoes-da-graca.com\/index.php\/wp-json\/wp\/v2\/posts"}],"about":[{"href":"https:\/\/meditacoes-da-graca.com\/index.php\/wp-json\/wp\/v2\/types\/post"}],"author":[{"embeddable":true,"href":"https:\/\/meditacoes-da-graca.com\/index.php\/wp-json\/wp\/v2\/users\/4"}],"replies":[{"embeddable":true,"href":"https:\/\/meditacoes-da-graca.com\/index.php\/wp-json\/wp\/v2\/comments?post=1860"}],"version-history":[{"count":2,"href":"https:\/\/meditacoes-da-graca.com\/index.php\/wp-json\/wp\/v2\/posts\/1860\/revisions"}],"predecessor-version":[{"id":1863,"href":"https:\/\/meditacoes-da-graca.com\/index.php\/wp-json\/wp\/v2\/posts\/1860\/revisions\/1863"}],"wp:attachment":[{"href":"https:\/\/meditacoes-da-graca.com\/index.php\/wp-json\/wp\/v2\/media?parent=1860"}],"wp:term":[{"taxonomy":"category","embeddable":true,"href":"https:\/\/meditacoes-da-graca.com\/index.php\/wp-json\/wp\/v2\/categories?post=1860"},{"taxonomy":"post_tag","embeddable":true,"href":"https:\/\/meditacoes-da-graca.com\/index.php\/wp-json\/wp\/v2\/tags?post=1860"}],"curies":[{"name":"wp","href":"https:\/\/api.w.org\/{rel}","templated":true}]}}